{"id":318163,"date":"2026-01-01T23:47:29","date_gmt":"2026-01-01T23:47:29","guid":{"rendered":"https:\/\/www.europesays.com\/es\/318163\/"},"modified":"2026-01-01T23:47:29","modified_gmt":"2026-01-01T23:47:29","slug":"tras-realizar-actividades-de-capacitacion-y-acompanamiento-diversos-organismos-publicos-y-privados-deberan-exigir-inicio-de-actividades-a-partir-del-viernes-2-de-enero","status":"publish","type":"post","link":"https:\/\/www.europesays.com\/es\/318163\/","title":{"rendered":"Tras realizar actividades de capacitaci\u00f3n y acompa\u00f1amiento, diversos organismos p\u00fablicos y privados deber\u00e1n exigir inicio de actividades a partir del viernes 2 de enero"},"content":{"rendered":"\n<p>Santiago, 31\u00a0de\u00a0Diciembre\u00a0de\u00a02025<\/p>\n<p>\t\t\t\t\t\t\tEn el marco de la Ley de Cumplimiento de las Obligaciones Tributarias:<br \/>\n\t\t\t\t\t\t\tTras realizar actividades de capacitaci\u00f3n y acompa\u00f1amiento, diversos organismos p\u00fablicos y privados deber\u00e1n exigir inicio de actividades a partir del viernes 2 de enero<\/p>\n<ul>&#13;<\/p>\n<li>&#13;<br \/>\n\t\tLas plataformas de intermediaci\u00f3n (marketplaces), administradores de medios de pago electr\u00f3nicos, organismos de la administraci\u00f3n del Estado, municipios, gobiernos regionales y bancos comerciales deber\u00e1n exigir la acreditaci\u00f3n del Inicio de Actividades para autorizar el desarrollo de una actividad econ\u00f3mica, prestar servicios o intermediar operaciones con terceros.<\/li>\n<p>&#13;<\/p>\n<li>&#13;<br \/>\n\t\tPara quienes deban formalizarse, el SII habilit\u00f3 un sistema que les permite a las personas naturales iniciar actividades, sin tener que adjuntar documentos, adem\u00e1s de entregarles la opci\u00f3n de cumplir en un solo lugar sus principales obligaciones tributarias: emisi\u00f3n de boletas de honorarios o boletas de ventas y servicios, as\u00ed como la propuesta y pago de sus impuestos mensuales.\u00a0\u00a0<\/li>\n<p>&#13;\n<\/ul>\n<p><\/p>\n<p>\t\t\t\t\t\t<img loading=\"lazy\" decoding=\"async\" src=\"https:\/\/www.europesays.com\/es\/wp-content\/uploads\/2026\/01\/311225noti01pcr_a.jpg\" class=\"img-responsive\" width=\"300\" height=\"225\"\/><br \/>\n\t\tA partir del viernes 2 de enero de 2026 los marketplaces, proveedores de medios de pago, organismos del Estado, Municipios, Gobiernos Regionales y bancos comerciales, deber\u00e1n exigir la acreditaci\u00f3n del inicio de actividades para autorizar el desarrollo de una actividad econ\u00f3mica, prestar servicios o intermediar operaciones con terceros.\u00a0<br \/>\u00a0<br \/>La medida forma parte de la Ley de Cumplimiento de las Obligaciones Tributarias y busca que todos los contribuyentes puedan desarrollar su actividad econ\u00f3mica en igualdad de condiciones y asegurar el correcto cumplimiento de las obligaciones tributarias.\u00a0Cabe se\u00f1alar que <strong>esta obligaci\u00f3n no aplica a las personas que desarrollan actividad de subsistencia (ingresos hasta 5 UTM al mes) o en ferias libres<\/strong>, quienes tienen el primer semestre del 2026 para incorporarse a los correspondientes registros.<br \/>\u00a0<br \/>El Subdirector de Asistencia al Contribuyente del SII, Patricio Mu\u00f1oz, record\u00f3 que, \u201ccon el objeto de facilitar el cumplimiento de esta obligaci\u00f3n, el Servicio <strong>implement\u00f3 en septiembre una consulta automatizada (interfaz de programaci\u00f3n de aplicaciones &#8211; API)<\/strong>, que permite a trav\u00e9s de los sistemas de las instituciones obligadas, consultar en l\u00ednea el estado de inicio de actividades de los contribuyentes con los que operan, para verificar el cumplimiento de este requisito\u201d.<br \/>\u00a0<br \/>En paralelo, para las personas naturales que deben formalizarse, \u201cdesde octubre se encuentra disponible en el sitio web del SII y ahora tambi\u00e9n en dispositivos m\u00f3viles \u201c<strong>Mi Negocio Cumple\u201d<\/strong>, un sistema que les permite iniciar actividades sin adjuntar documentos y centralizar el cumplimiento de las principales obligaciones tributarias, como la emisi\u00f3n de boletas de honorarios o boletas de ventas y servicios, as\u00ed como la propuesta y pago de sus impuestos mensuales\u201d.\u00a0 \u00a0<br \/>\u00a0<br \/>El Subdirector Patricio Mu\u00f1oz destac\u00f3 que, durante 2025, el SII ha desarrollado <strong>m\u00e1s de 700 actividades de capacitaci\u00f3n<\/strong> dirigidas a servicios p\u00fablicos a nivel nacional, adem\u00e1s de ofrecer la opci\u00f3n de capacitaci\u00f3n virtual, a trav\u00e9s de <strong>Capacita.sii.cl<\/strong> y el canal del SII en YouTube, donde se dispone de contenidos sobre formalizaci\u00f3n, emprendimiento, microempresa familiar y tasaciones de actividades espor\u00e1dicas. \u00a0<br \/>\u00a0<br \/>En este contexto, el Subdirector de Asistencia hizo un <strong>llamado a los proveedores de medios de pago, marketplaces, bancos, municipios, gobiernos regionales y servicios de la administraci\u00f3n del Estado<\/strong>, a \u201ccumplir adecuadamente con esta obligaci\u00f3n. Por nuestra parte, hemos ofrecido todo el acompa\u00f1amiento y asistencia necesarios para aclarar sus dudas y facilitarles este proceso\u201d.<br \/>\u00a0<br \/>En este sentido, record\u00f3 el trabajo desarrollado durante 2025 para asegurar la correcta implementaci\u00f3n de esta obligaci\u00f3n legal, \u201cel que ha incluido diversas reuniones con los distintos actores involucrados a lo largo del pa\u00eds, adem\u00e1s de la implementaci\u00f3n de sistemas que facilitar\u00e1n el proceso para las instituciones y los contribuyentes, promoviendo el cumplimiento del inicio de actividades en forma progresiva\u201d.<br \/>\u00a0<br \/><strong>Evoluci\u00f3n en el inicio de actividades<\/strong><br \/>Entre enero y noviembre de 2025 son m\u00e1s de 427 mil los contribuyentes que iniciaron actividades ante el SII. De ellos, 195.653 corresponden a contribuyentes que iniciaron actividades en primera categor\u00eda, lo que representa un aumento del 12% respecto del mismo periodo del a\u00f1o anterior.<br \/>\u00a0<br \/>Las diversas acciones desplegadas por el Servicio de Impuestos Internos con los organismos involucrados en esta obligaci\u00f3n han permitido registrar un aumento en la formalizaci\u00f3n de contribuyentes en el \u00faltimo a\u00f1o, de acuerdo con el siguiente detalle:<br \/>\u00a0   <\/p>\n<tr>\n<td style=\"width: 189px; text-align: center;\"><strong>MES<\/strong><\/td>\n<td style=\"width: 189px; text-align: center;\"> <strong>2024<\/strong><\/td>\n<td style=\"width: 189px; text-align: center;\"> <strong>2025<\/strong><\/td>\n<\/tr>\n<tr>\n<td style=\"width:189px;\"> Enero<\/td>\n<td style=\"width: 189px; text-align: center;\"> 15.374<\/td>\n<td style=\"width: 189px; text-align: center;\"> 18.310<\/td>\n<\/tr>\n<tr>\n<td style=\"width:189px;\"> Febrero<\/td>\n<td style=\"width: 189px; text-align: center;\"> 13.291<\/td>\n<td style=\"width: 189px; text-align: center;\"> 14.901<\/td>\n<\/tr>\n<tr>\n<td style=\"width:189px;height:18px;\"> Marzo<\/td>\n<td style=\"width: 189px; height: 18px; text-align: center;\"> 14.541<\/td>\n<td style=\"width: 189px; height: 18px; text-align: center;\"> 17.513<\/td>\n<\/tr>\n<tr>\n<td style=\"width:189px;\"> Abril<\/td>\n<td style=\"width: 189px; text-align: center;\"> 14.997<\/td>\n<td style=\"width: 189px; text-align: center;\"> 16.392<\/td>\n<\/tr>\n<tr>\n<td style=\"width:189px;\"> Mayo<\/td>\n<td style=\"width: 189px; text-align: center;\"> 14.489<\/td>\n<td style=\"width: 189px; text-align: center;\"> 16.850<\/td>\n<\/tr>\n<tr>\n<td style=\"width:189px;\"> Junio<\/td>\n<td style=\"width: 189px; text-align: center;\"> 13.671<\/td>\n<td style=\"width: 189px; text-align: center;\"> 16.533<\/td>\n<\/tr>\n<tr>\n<td style=\"width:189px;\"> Julio<\/td>\n<td style=\"width: 189px; text-align: center;\"> 16.360<\/td>\n<td style=\"width: 189px; text-align: center;\"> 18.860<\/td>\n<\/tr>\n<tr>\n<td style=\"width:189px;\"> Agosto<\/td>\n<td style=\"width: 189px; text-align: center;\"> 16.343<\/td>\n<td style=\"width: 189px; text-align: center;\"> 18.864<\/td>\n<\/tr>\n<tr>\n<td style=\"width:189px;\"> Septiembre<\/td>\n<td style=\"width: 189px; text-align: center;\"> 13.631<\/td>\n<td style=\"width: 189px; text-align: center;\"> 18.096<\/td>\n<\/tr>\n<tr>\n<td style=\"width:189px;\"> Octubre<\/td>\n<td style=\"width: 189px; text-align: center;\"> 18.950<\/td>\n<td style=\"width: 189px; text-align: center;\"> 20.378<\/td>\n<\/tr>\n<tr>\n<td style=\"width:189px;\"> Noviembre<\/td>\n<td style=\"width: 189px; text-align: center;\"> 19.210<\/td>\n<td style=\"width: 189px; text-align: center;\"> 18.956<\/td>\n<\/tr>\n<tr>\n<td style=\"width:189px;\"> <strong>Total <\/strong><\/td>\n<td style=\"width: 189px; text-align: center;\"> 170.857<\/td>\n<td style=\"width: 189px; text-align: center;\"> 195.653<\/td>\n<\/tr>\n<p>   \u00a0<br \/><strong>\u00bfQui\u00e9nes deben exigir inicio de actividades? <\/strong> <\/p>\n<ul>\n<li> Todos los\u00a0\u00f3rganos de la administraci\u00f3n del Estado, gobiernos regionales y municipalidades deben exigirlo a quienes requieran una autorizaci\u00f3n para desarrollar una actividad econ\u00f3mica, incorpor\u00e1ndolo como requisito.<\/li>\n<li> Los\u00a0administradores, operadores o proveedores de medios de pago electr\u00f3nico, a quienes contraten sus servicios para desarrollar una actividad econ\u00f3mica.<\/li>\n<li> Los\u00a0operadores de plataformas digitales de intermediaci\u00f3n, como los marketplaces, que permitan efectuar transacciones entre terceros para la adquisici\u00f3n de bienes o servicios, quienes deber\u00e1n exigir el inicio de actividades a quienes ofrezcan productos o servicios a trav\u00e9s de sus plataformas.<\/li>\n<li> Los\u00a0Bancos comerciales, a los solicitantes de cr\u00e9ditos o pr\u00e9stamos cuando correspondan a una persona jur\u00eddica u otro tipo de entidad empresarial, incluido el empresario individual.\u00a0<\/li>\n<\/ul>\n","protected":false},"excerpt":{"rendered":"Santiago, 31\u00a0de\u00a0Diciembre\u00a0de\u00a02025 En el marco de la Ley de Cumplimiento de las Obligaciones Tributarias: Tras realizar actividades de&hellip;\n","protected":false},"author":2,"featured_media":318164,"comment_status":"","ping_status":"","sticky":false,"template":"","format":"standard","meta":{"footnotes":""},"categories":[5],"tags":[17,18,25,24,13,14,11,19,20,9,10,15,16,23,12,21,22],"class_list":{"0":"post-318163","1":"post","2":"type-post","3":"status-publish","4":"format-standard","5":"has-post-thumbnail","7":"category-titulares","8":"tag-breaking-news","9":"tag-breakingnews","10":"tag-es","11":"tag-espana","12":"tag-featured-news","13":"tag-featurednews","14":"tag-headlines","15":"tag-latest-news","16":"tag-latestnews","17":"tag-news","18":"tag-noticias","19":"tag-noticias-destacadas","20":"tag-noticiasdestacadas","21":"tag-spain","22":"tag-titulares","23":"tag-ultimas-noticias","24":"tag-ultimasnoticias"},"share_on_mastodon":{"url":"https:\/\/pubeurope.com\/@es\/115822516144076780","error":""},"_links":{"self":[{"href":"https:\/\/www.europesays.com\/es\/wp-json\/wp\/v2\/posts\/318163","targetHints":{"allow":["GET"]}}],"collection":[{"href":"https:\/\/www.europesays.com\/es\/wp-json\/wp\/v2\/posts"}],"about":[{"href":"https:\/\/www.europesays.com\/es\/wp-json\/wp\/v2\/types\/post"}],"author":[{"embeddable":true,"href":"https:\/\/www.europesays.com\/es\/wp-json\/wp\/v2\/users\/2"}],"replies":[{"embeddable":true,"href":"https:\/\/www.europesays.com\/es\/wp-json\/wp\/v2\/comments?post=318163"}],"version-history":[{"count":0,"href":"https:\/\/www.europesays.com\/es\/wp-json\/wp\/v2\/posts\/318163\/revisions"}],"wp:featuredmedia":[{"embeddable":true,"href":"https:\/\/www.europesays.com\/es\/wp-json\/wp\/v2\/media\/318164"}],"wp:attachment":[{"href":"https:\/\/www.europesays.com\/es\/wp-json\/wp\/v2\/media?parent=318163"}],"wp:term":[{"taxonomy":"category","embeddable":true,"href":"https:\/\/www.europesays.com\/es\/wp-json\/wp\/v2\/categories?post=318163"},{"taxonomy":"post_tag","embeddable":true,"href":"https:\/\/www.europesays.com\/es\/wp-json\/wp\/v2\/tags?post=318163"}],"curies":[{"name":"wp","href":"https:\/\/api.w.org\/{rel}","templated":true}]}}