{"id":318167,"date":"2026-01-01T23:55:17","date_gmt":"2026-01-01T23:55:17","guid":{"rendered":"https:\/\/www.europesays.com\/es\/318167\/"},"modified":"2026-01-01T23:55:17","modified_gmt":"2026-01-01T23:55:17","slug":"el-gran-salto-de-santi-aldama-en-la-tierra-de-elvis","status":"publish","type":"post","link":"https:\/\/www.europesays.com\/es\/318167\/","title":{"rendered":"El gran salto de Santi Aldama en la tierra de Elvis"},"content":{"rendered":"<p><a class=\"v-mdl-ath__fig-a\" href=\"https:\/\/www.canarias7.es\/autor\/daniel-herrera-rodriguez-6598.html\" title=\"Daniel Herrera Rodr\u00edguez\" rel=\"nofollow noopener\" target=\"_blank\"><br \/>\n<img decoding=\"async\" class=\"v-mdl-ath__img\" src=\"https:\/\/www.europesays.com\/es\/wp-content\/uploads\/2025\/08\/autor-6598-foto-1.jpeg\" alt=\"Daniel Herrera Rodr\u00edguez\"\/><br \/>\n<\/a><\/p>\n<p class=\"v-mdl-ath__p v-mdl-ath__p--6\">\nJueves, 1 de enero 2026, 13:14<\/p>\n<p class=\"v-p\"><strong>Santi Aldama<\/strong>, el Tit\u00e1n de Gran Canaria se consolida en la NBA firmando sus mejores n\u00fameros y sellando un a\u00f1o inmejorable que le abre nuevos horizontes en este reci\u00e9n estrenado 2026. No en vano, &#8216;Slim Spain&#8217; ha cumplido una serie de hitos en los \u00faltimos meses que le ha llevado a un importante punto de inflexi\u00f3n en su carrera. Por un lado, la renovaci\u00f3n con Memphis fue el primer plato fuerte del pasado 2025, sellando el isle\u00f1o su firma por tres temporadas con la franquicia de Tennessee por valor de 52,5 millones de d\u00f3lares. Un gran salto salarial que, para el ala-p\u00edvot internacional, se traduce en 16,1 millones para la presente campa\u00f1a, 17,5 para la 26\/27 y 18,9 para la siguiente. <\/p>\n<p>La &#8216;novatada&#8217; del Eurobasket<\/p>\n<p class=\"v-p\">Con ese pedigr\u00ed adquirido, le tocaba a Aldama refrendarlo con la selecci\u00f3n espa\u00f1ola en el camale\u00f3nico Eurobasket de este \u00faltimo periodo estival -que incluy\u00f3 Chipre, Finlandia, Letonia y Polonia-. Entre los mentideros deportivos y medi\u00e1ticos, e incluso en el seno de la Roja se le asign\u00f3 galones nuevos y una responsabilidad que tal vez le llegaba un poco pronto, teniendo en cuenta el respeto que el canario destil\u00f3 a las vacas sagradas a\u00fan presentes de La Familia en esa cita como Sergio Llull o los hermanos Hernang\u00f3mez. Aunque acab\u00f3 como el mejor del combinado de Scariolo a nivel estad\u00edstico -14 puntos, 6,6 rebotes y 14,2 de valoraci\u00f3n- el debate sobre su liderazgo estuvo muy presente en los medios nacionales y posiblemente pag\u00f3 con ello su particular novatada.<\/p>\n<p class=\"v-p\">Pero, lejos de amilanarse, aquella experiencia sirvi\u00f3 de acicate para la nueva temporada que se dibujaba en oto\u00f1o en Estados Unidos, con las dudas de Ja Morant y a\u00fan con el interior insular como suplente en la pizarra de los Grizzlies. Por algo, Aldama es el \u00fanico de los 19 espa\u00f1oles NBA -incluyendo Mirotic e Ibaka- que ha pasado por la formaci\u00f3n cl\u00e1sica de la universidad americana, en este caso por la casa de estudios de Loyola Maryland. Esa constancia y disciplina baloncest\u00edstica se ha traducido en una carrera de cocci\u00f3n lenta pero exponencial. De hecho, otro de los apodos populares que han marcado la carrera de Santi es el de \u00abThe Trolley Problem\u00bb (El Problema del Tranv\u00eda), debido a su gran versatilidad que representa un dilema para los entrenadores a la hora de ubicarlo sobre el parqu\u00e9, capaz de jugar de tres, cuatro e incluso de cinco. <\/p>\n<p><img decoding=\"async\" loading=\"lazy\" src=\"https:\/\/www.europesays.com\/es\/wp-content\/uploads\/2026\/01\/Aldama2-kwjG--1200x841@Canarias7.jpg\" class=\"v-mdl__img-z\" width=\"1200\" height=\"841\" alt=\"Imagen principal - El gran salto de Santi Aldama en la tierra de Elvis\"\/><\/p>\n<p><img decoding=\"async\" loading=\"lazy\" src=\"https:\/\/www.europesays.com\/es\/wp-content\/uploads\/2026\/01\/aldama222-kwjG--1200x851@Canarias7.jpeg\" class=\"v-mdl__img-z\" width=\"1200\" height=\"851\" alt=\"Imagen secundaria 1 - El gran salto de Santi Aldama en la tierra de Elvis\"\/><\/p>\n<p><img decoding=\"async\" loading=\"lazy\" src=\"https:\/\/www.europesays.com\/es\/wp-content\/uploads\/2026\/01\/Aldama12-kwjG--711x841@Canarias7.jpg\" class=\"v-mdl__img-z\" width=\"711\" height=\"841\" alt=\"Imagen secundaria 2 - El gran salto de Santi Aldama en la tierra de Elvis\"\/><\/p>\n<p>El salto exponencial en la NBA<\/p>\n<p class=\"v-p\">Entre la prensa estadounidense, las cr\u00edticas se han centrado en ejercicios pret\u00e9ritos en su falta de impacto sobre el juego defensivo del equipo, aparte de su inusual &#8216;normalidad&#8217; con respecto a sus compa\u00f1eros de equipo, sin mostrar excentricidades en sus h\u00e1bitos, muy al estilo del jugador europeo. No obstante, esta temporada ha superado todos los clich\u00e9s y no ha dejado de asumir nuevos roles, galones y responsabilidades en los esquemas del finland\u00e9s Tuomas Iisalo, siendo adem\u00e1s titular en los \u00faltimos encuentros ante las continuas lesiones de Ja Morant, batiendo incluso su r\u00e9cod de anotaci\u00f3n&#8230; en dos ocasiones casi consecutivas: 37 puntos ante los Washington Wizards y otros 37 ante Utah Jazz en el Delta Center -este segundo con victoria incluida-.<\/p>\n<p class=\"v-p\">Adem\u00e1s, en la ciudad de Elvis Presley, es el tercero de la plantilla en minutos (27,7) y el tercero en anotaci\u00f3n (14,3 puntos). Y la cosa va para largo, porque su mejor\u00eda no parece mitigarse: en octubre arranc\u00f3 de suplente con unos promedios de 24 minutos, 10,3 puntos y 8 rebotes para plantarse en diciembre con la titularidad en el bolsillo, ya sus n\u00fameros se elevan a 30,7 minutos, 15.9 puntos y 6,9 capturas. Con esta panor\u00e1mica, Aldama quiere seguir asumiendo ese nuevo liderazgo, con los playoffs como gran reto del a\u00f1o. <\/p>\n<p>Y en la pasada madrugada, otros 15 puntos ante los Sixers<\/p>\n<p class=\"v-p\">Pese a su salto exponencial, el camino de Aldama en busca del playoff no ser\u00e1 nada f\u00e1cil, tal y como se demostr\u00f3 esta pasada madrugada en el encuentro frente a Philadelphia 76ers, que se inclin\u00f3 a favor de estos \u00faltimos por un triple de Edgecombe en la pr\u00f3rroga (136-139). De nada sirvieron los 40 puntos de Ja Morant ni los 15 puntos, 6 rebotes, 4 tapones y dos asistencias. Adem\u00e1s, el espa\u00f1ol tuvo en sus manos la victoria en el tiempo reglamentario, pero otro su intento de triple sobre la bocina tampoco quiso entrar.<\/p>\n<p class=\"v-p\">Tras este resultado, el Memphis se coloca noveno en la conferencia Oeste con un balance de 15 victorias y 18 derrotas, manteni\u00e9ndose al menos dentro de los puestos de Play-in. No obstante, los Grizzlies afrontan ahora dos encuentros seguidos a cara de perro frente a los Lakers de LeBron y Luka Doncic. Toca bajar los turrones tras fin de a\u00f1o.<\/p>\n<p>Reporta un error<\/p>\n","protected":false},"excerpt":{"rendered":"Jueves, 1 de enero 2026, 13:14 Santi Aldama, el Tit\u00e1n de Gran Canaria se consolida en la NBA&hellip;\n","protected":false},"author":2,"featured_media":318168,"comment_status":"","ping_status":"","sticky":false,"template":"","format":"standard","meta":{"footnotes":""},"categories":[269],"tags":[15778,299,298,168,29570,25,24,3956,1434,15777,23,167,1934],"class_list":{"0":"post-318167","1":"post","2":"type-post","3":"status-publish","4":"format-standard","5":"has-post-thumbnail","7":"category-baloncesto","8":"tag-aldama","9":"tag-baloncesto","10":"tag-basketball","11":"tag-deportes","12":"tag-elvis","13":"tag-es","14":"tag-espana","15":"tag-gran","16":"tag-salto","17":"tag-santi","18":"tag-spain","19":"tag-sports","20":"tag-tierra"},"share_on_mastodon":{"url":"https:\/\/pubeurope.com\/@es\/115822547764533387","error":""},"_links":{"self":[{"href":"https:\/\/www.europesays.com\/es\/wp-json\/wp\/v2\/posts\/318167","targetHints":{"allow":["GET"]}}],"collection":[{"href":"https:\/\/www.europesays.com\/es\/wp-json\/wp\/v2\/posts"}],"about":[{"href":"https:\/\/www.europesays.com\/es\/wp-json\/wp\/v2\/types\/post"}],"author":[{"embeddable":true,"href":"https:\/\/www.europesays.com\/es\/wp-json\/wp\/v2\/users\/2"}],"replies":[{"embeddable":true,"href":"https:\/\/www.europesays.com\/es\/wp-json\/wp\/v2\/comments?post=318167"}],"version-history":[{"count":0,"href":"https:\/\/www.europesays.com\/es\/wp-json\/wp\/v2\/posts\/318167\/revisions"}],"wp:featuredmedia":[{"embeddable":true,"href":"https:\/\/www.europesays.com\/es\/wp-json\/wp\/v2\/media\/318168"}],"wp:attachment":[{"href":"https:\/\/www.europesays.com\/es\/wp-json\/wp\/v2\/media?parent=318167"}],"wp:term":[{"taxonomy":"category","embeddable":true,"href":"https:\/\/www.europesays.com\/es\/wp-json\/wp\/v2\/categories?post=318167"},{"taxonomy":"post_tag","embeddable":true,"href":"https:\/\/www.europesays.com\/es\/wp-json\/wp\/v2\/tags?post=318167"}],"curies":[{"name":"wp","href":"https:\/\/api.w.org\/{rel}","templated":true}]}}