{"id":318171,"date":"2026-01-01T23:57:08","date_gmt":"2026-01-01T23:57:08","guid":{"rendered":"https:\/\/www.europesays.com\/es\/318171\/"},"modified":"2026-01-01T23:57:08","modified_gmt":"2026-01-01T23:57:08","slug":"miguel-angel-silvestres-da-la-bienvenida-al-ano-nuevo-en-un-lujoso-restaurante-de-ibiza","status":"publish","type":"post","link":"https:\/\/www.europesays.com\/es\/318171\/","title":{"rendered":"Miguel \u00c1ngel Silvestres da la bienvenida al a\u00f1o nuevo en un lujoso restaurante de Ibiza"},"content":{"rendered":"<p class=\"ft-text ft-helper-closenews\">El <a class=\"ft-link ft-link--decoration\" href=\"https:\/\/www.diariodeibiza.es\/loteria-de-navidad\/2025\/12\/22\/loteria-navidad-2025-mercedes-mila-carmen-lomana-o-carlos-sobera-famosos-cantaron-gordo-125070484.html\" rel=\"nofollow noopener\" target=\"_blank\">famoso<\/a> actor de &#8216;Sin tetas no hay para\u00edso&#8217;, Miguel \u00c1ngel Silvestre, <strong>ha despedido el a\u00f1o rodeado de buena compa\u00f1\u00eda junto a su familia y amigos. <\/strong>El actor ha compartido en Instagram varias im\u00e1genes de su celebraci\u00f3n de Nochevieja en L\u00edo <a class=\"ft-link ft-link--decoration\" href=\"https:\/\/www.diariodeibiza.es\/tags\/ibiza\/\" rel=\"nofollow noopener\" target=\"_blank\">Ibiza<\/a>, uno de los restaurantes m\u00e1s exclusivos de la isla.<\/p>\n<p class=\"ft-text\">En las fotos se le puede ver disfrutando de la noche, armado con todos los elementos del<strong> cotill\u00f3n y brindando por la entrada de a\u00f1o<\/strong>. Adem\u00e1s de las im\u00e1genes, en la misma publicaci\u00f3n, tambi\u00e9n ha compartido unos v\u00eddeos en el momento clave de la noche cuando sonaron las doce campanadas que anunciaban el fin del 2025 y la bienvenida del 2026. Uno de los v\u00eddeos que ha provocado risas entre sus seguidores <strong>ha sido el de su madre bailando al ritmo de la m\u00fasica<\/strong>: \u00abA tu madre no la conozco pero la amo jajajajajaja feliz a\u00f1o!\u00bb, ha comentado una seguidora.<\/p>\n<p class=\"ft-text\">El propio Silvestre ha acompa\u00f1ado la publicaci\u00f3n con un mensaje sencillo y cercano: \u201c\u00a1Feliz a\u00f1o a todos! Happy new year to you all!\u201d.<strong> Un post que r\u00e1pidamente se llen\u00f3 de likes <\/strong>y comentarios de <a class=\"ft-link ft-link--decoration\" href=\"https:\/\/www.diariodeibiza.es\/sucesos\/2025\/12\/13\/cirujano-plastico-detenido-violar-paciente-quirofano-murcia-124753174.html\" rel=\"nofollow noopener\" target=\"_blank\">seguidores <\/a>que no quisieron perder la ocasi\u00f3n de felicitarle el nuevo a\u00f1o.<\/p>\n<p data-close=\"closedContent\" class=\"subscribeHideForDisplay\">Suscr\u00edbete para seguir leyendo<\/p>\n","protected":false},"excerpt":{"rendered":"El famoso actor de &#8216;Sin tetas no hay para\u00edso&#8217;, Miguel \u00c1ngel Silvestre, ha despedido el a\u00f1o rodeado de&hellip;\n","protected":false},"author":2,"featured_media":318172,"comment_status":"","ping_status":"","sticky":false,"template":"","format":"standard","meta":{"footnotes":""},"categories":[174],"tags":[2594,72478,5228,255,7164,146,147,25,24,367,256,6079,4536,4098,5199,2022,74238,23],"class_list":{"0":"post-318171","1":"post","2":"type-post","3":"status-publish","4":"format-standard","5":"has-post-thumbnail","7":"category-famosos","8":"tag-angel","9":"tag-ano-nuevo","10":"tag-bienvenida","11":"tag-celebrities","12":"tag-da","13":"tag-entertainment","14":"tag-entretenimiento","15":"tag-es","16":"tag-espana","17":"tag-familia","18":"tag-famosos","19":"tag-ibiza","20":"tag-instagram","21":"tag-miguel","22":"tag-nochevieja","23":"tag-restaurantes","24":"tag-silvestres","25":"tag-spain"},"share_on_mastodon":{"url":"https:\/\/pubeurope.com\/@es\/115822555508383157","error":""},"_links":{"self":[{"href":"https:\/\/www.europesays.com\/es\/wp-json\/wp\/v2\/posts\/318171","targetHints":{"allow":["GET"]}}],"collection":[{"href":"https:\/\/www.europesays.com\/es\/wp-json\/wp\/v2\/posts"}],"about":[{"href":"https:\/\/www.europesays.com\/es\/wp-json\/wp\/v2\/types\/post"}],"author":[{"embeddable":true,"href":"https:\/\/www.europesays.com\/es\/wp-json\/wp\/v2\/users\/2"}],"replies":[{"embeddable":true,"href":"https:\/\/www.europesays.com\/es\/wp-json\/wp\/v2\/comments?post=318171"}],"version-history":[{"count":0,"href":"https:\/\/www.europesays.com\/es\/wp-json\/wp\/v2\/posts\/318171\/revisions"}],"wp:featuredmedia":[{"embeddable":true,"href":"https:\/\/www.europesays.com\/es\/wp-json\/wp\/v2\/media\/318172"}],"wp:attachment":[{"href":"https:\/\/www.europesays.com\/es\/wp-json\/wp\/v2\/media?parent=318171"}],"wp:term":[{"taxonomy":"category","embeddable":true,"href":"https:\/\/www.europesays.com\/es\/wp-json\/wp\/v2\/categories?post=318171"},{"taxonomy":"post_tag","embeddable":true,"href":"https:\/\/www.europesays.com\/es\/wp-json\/wp\/v2\/tags?post=318171"}],"curies":[{"name":"wp","href":"https:\/\/api.w.org\/{rel}","templated":true}]}}