{"id":31818,"date":"2025-08-07T15:04:14","date_gmt":"2025-08-07T15:04:14","guid":{"rendered":"https:\/\/www.europesays.com\/es\/31818\/"},"modified":"2025-08-07T15:04:14","modified_gmt":"2025-08-07T15:04:14","slug":"fue-como-la-manada-ocho-tios-me-hostiaron","status":"publish","type":"post","link":"https:\/\/www.europesays.com\/es\/31818\/","title":{"rendered":"Fue como La Manada. Ocho t\u00edos me hostiaron"},"content":{"rendered":"<p class=\"paragraph\" id=\"paragraph_1\"><a href=\"https:\/\/www.elespanol.com\/personajes\/cayetana_guillen_cuervo\/?utm_cmp_rs=linksinline\" rel=\"nofollow noopener\" target=\"_blank\"><strong>Cayetana Guill\u00e9n Cuervo<\/strong><\/a> (56 a\u00f1os) se ha sincerado como nunca en el nuevo episodio de su podcast, No te lo Cayes. La presentadora ha entrevistado a la f\u00edsica y divulgadora<strong> Alba Moreno<\/strong>, quien ha relatado los <strong>abusos sexuales<\/strong> que sufri\u00f3 durante su infancia. Una desgarradora experiencia por la que tambi\u00e9n pas\u00f3 la actriz.<\/p>\n<p class=\"paragraph\" id=\"paragraph_2\">La presidenta de la Academia de las Artes Esc\u00e9nicas de Espa\u00f1a ya hab\u00eda hablado al respecto a comienzos del a\u00f1o pasado. Pero ahora, en una distendida charla con su invitada, ha vuelto a recordarlo.<\/p>\n<p class=\"paragraph\" id=\"paragraph_3\">Aquello ocurri\u00f3 cuando Cayetana Guill\u00e9n Cuervo <strong>ten\u00eda seis a\u00f1os de edad<\/strong>. Una agresi\u00f3n sexual \u00abmuy fuerte\u00bb, que la presentadora no se atrevi\u00f3 a contar p\u00fablicamente hasta hace relativamente poco. \u00abSin pretender convertirnos en la bandera de nada, ni un me too ni nada\u00bb, aclar\u00f3 la hija de Gemma Cuervo (91) antes de rememorar su dif\u00edcil episodio.<\/p>\n<p><img loading=\"lazy\" decoding=\"async\" alt=\"Cayetana Guill\u00e9n Cuervo, en una imagen de archivo.\" height=\"180\" src=\"https:\/\/www.europesays.com\/es\/wp-content\/uploads\/2025\/08\/829177430_239558920_320x180.jpg\" width=\"320\" data-lazy-status=\"processed\" data-lazy-info=\"remove loading item 1\"\/><\/p>\n<p class=\"paragraph\" id=\"paragraph_4\">\u00abYo haciendo Pandataria [obra de teatro que protagoniz\u00f3 a comienzos de 2024], hicimos un documental del proceso creativo. No lo hab\u00eda hablado nunca en la vida, ni siquiera a mi pareja se lo hab\u00eda comentado claramente. Nunca en la vida y, de repente, despu\u00e9s de todo este tiempo, yo <strong>cont\u00e9 que a los seis a\u00f1os yo hab\u00eda sufrido una violaci\u00f3n<\/strong>\u00ab.<\/p>\n<p class=\"paragraph\" id=\"paragraph_5\">Seg\u00fan comenta a Alba Moreno, no lo relat\u00f3 tal y como ocurri\u00f3. Ahora, Cayetana Guill\u00e9n Cuervo se sincera como nunca: \u00abLo cont\u00e9 m\u00e1s suave de lo que era, pero <strong>fue como La Manada<\/strong>. <strong>Ocho t\u00edos<\/strong>. Y no lo he especificado pero, quiero decir, <strong>se quitaron un cintur\u00f3n que ten\u00edan<\/strong>, <strong>me hostiaron<\/strong>\u00ab.<\/p>\n<p class=\"paragraph\" id=\"paragraph_6\">La actriz habr\u00eda mantenido en secreto este desgarrador episodio para \u00abpoder vivir\u00bb. Es la conclusi\u00f3n a la que han llegado los especialistas de la salud mental con los que ha tenido que tratarse.<\/p>\n<p class=\"paragraph\" id=\"paragraph_7\">\u00ab<strong>La psic\u00f3loga me dijo que yo lo hab\u00eda disociado<\/strong> y apartado para poder vivir. Las cosas que son muy dolorosas, tu mente las aparta para poder vivir\u00bb, comenta.<\/p>\n<p><img decoding=\"async\" alt=\"Cayetana Guill\u00e9n Cuervo en los Premios Tal\u00eda 2025.\" data-imgm=\"true\" height=\"854\" loading=\"lazy\"  src=\"https:\/\/www.europesays.com\/es\/wp-content\/uploads\/2025\/08\/1003743878273_257840278_855x1140.jpg\"  width=\"640\"\/><\/p>\n<p>                                                            Cayetana Guill\u00e9n Cuervo en los Premios Tal\u00eda 2025.<\/p>\n<p>                    Gtres<\/p>\n<p class=\"paragraph\" id=\"paragraph_8\">Aquello, sin embargo, <strong>ha marcado profundamente a Cayetana Guill\u00e9n Cuervo<\/strong>. Sobre todo, en lo referente a sus <strong>relaciones<\/strong> interpersonales. Tambi\u00e9n su <strong>desarrollo emocional<\/strong> y su <strong>autoestima<\/strong>.<\/p>\n<p class=\"paragraph\" id=\"paragraph_9\">\u00abYo siempre he tenido un car\u00e1cter muy alegre, una actitud y una energ\u00eda muy llena de todo. Yo solt\u00e9 eso, se me coloc\u00f3 en alg\u00fan lugar del cuerpo, he empezado a atar cabos y todo en mi vida ha estado marcado por eso. Todo\u00bb, confiesa la presentadora a su invitada. Y enfatiza: \u00abMis relaciones personales, mis bloqueos sexuales, mis relaciones de pareja, mis relaciones de trabajo. Todo\u00bb.<\/p>\n<p class=\"paragraph\" id=\"paragraph_10\">En esta misma l\u00ednea, desliza: \u00abYo ten\u00eda tal inseguridad con mi f\u00edsico, tal bloqueo con mi f\u00edsico&#8230;<strong> odiaba mi cuerpo<\/strong>, sent\u00eda que no pod\u00eda gustar a nadie. Y me dediqu\u00e9 a estudiar y a trabajar, a estudiar y a trabajar. A sentirme ocupada y \u00fatil donde yo s\u00e9 que soy buena porque en lo otro no\u00bb.<\/p>\n<p class=\"paragraph\" id=\"paragraph_11\">Fue solo tras mucho trabajo personal y terapia que consigui\u00f3 identificar el trauma, entender su influencia y empezar a perdonarse y a convertir la experiencia en motor de superaci\u00f3n: \u00ab<strong>Ahora ya s\u00e9 de d\u00f3nde vienen<\/strong> [los problemas] y ya s\u00e9 que los puedo solucionar\u00bb.<\/p>\n<p><img decoding=\"async\" alt=\"Cayetana Guill\u00e9n Cuervo en los Premios Goya 2025.\" data-imgm=\"true\" height=\"180\" loading=\"lazy\"  src=\"https:\/\/www.europesays.com\/es\/wp-content\/uploads\/2025\/08\/1003743878278_257840380_1024x576.jpg\"  width=\"320\"\/><\/p>\n<p>                                                            Cayetana Guill\u00e9n Cuervo en los Premios Goya 2025.<\/p>\n<p>                    Gtres<\/p>\n<p class=\"paragraph\" id=\"paragraph_12\">Cayetana Guill\u00e9n Cuervo remarca que su intenci\u00f3n no es \u00abdar protagonismo\u00bb a este hecho ni victimizarse, sino <strong>ayudar a otras personas a comprender que hablarlo puede ser el primer paso para sanar<\/strong>.<\/p>\n<p>El testimonio de Alba<\/p>\n<p class=\"paragraph\" id=\"paragraph_13\">Por su parte, Alba Moreno, invitada de Cayetana Guill\u00e9n Cuervo, describe c\u00f3mo <strong>la f\u00edsica fue su refugio ante una infancia dif\u00edcil<\/strong> y c\u00f3mo los aprendizajes y el autocuidado le ayudaron a salir adelante y a reconstruir su felicidad.<\/p>\n<p class=\"paragraph\" id=\"paragraph_14\">Al igual que Cayetana Guill\u00e9n Cuervo, Alba Moreno enfatiza que la recuperaci\u00f3n del trauma requiere tiempo, apoyo profesional y trabajo personal. Adem\u00e1s, subraya la importancia de <strong>visibilizar<\/strong>, <strong>denunciar<\/strong> y <strong>romper el silencio<\/strong>.<\/p>\n","protected":false},"excerpt":{"rendered":"Cayetana Guill\u00e9n Cuervo (56 a\u00f1os) se ha sincerado como nunca en el nuevo episodio de su podcast, No&hellip;\n","protected":false},"author":2,"featured_media":31819,"comment_status":"","ping_status":"","sticky":false,"template":"","format":"standard","meta":{"footnotes":""},"categories":[91],"tags":[16594,16596,146,147,25,24,256,23,16595],"class_list":{"0":"post-31818","1":"post","2":"type-post","3":"status-publish","4":"format-standard","5":"has-post-thumbnail","7":"category-entretenimiento","8":"tag-agresiones-sexuales","9":"tag-cayetana-guillen-cuervo","10":"tag-entertainment","11":"tag-entretenimiento","12":"tag-es","13":"tag-espana","14":"tag-famosos","15":"tag-spain","16":"tag-violaciones"},"share_on_mastodon":{"url":"","error":""},"_links":{"self":[{"href":"https:\/\/www.europesays.com\/es\/wp-json\/wp\/v2\/posts\/31818","targetHints":{"allow":["GET"]}}],"collection":[{"href":"https:\/\/www.europesays.com\/es\/wp-json\/wp\/v2\/posts"}],"about":[{"href":"https:\/\/www.europesays.com\/es\/wp-json\/wp\/v2\/types\/post"}],"author":[{"embeddable":true,"href":"https:\/\/www.europesays.com\/es\/wp-json\/wp\/v2\/users\/2"}],"replies":[{"embeddable":true,"href":"https:\/\/www.europesays.com\/es\/wp-json\/wp\/v2\/comments?post=31818"}],"version-history":[{"count":0,"href":"https:\/\/www.europesays.com\/es\/wp-json\/wp\/v2\/posts\/31818\/revisions"}],"wp:featuredmedia":[{"embeddable":true,"href":"https:\/\/www.europesays.com\/es\/wp-json\/wp\/v2\/media\/31819"}],"wp:attachment":[{"href":"https:\/\/www.europesays.com\/es\/wp-json\/wp\/v2\/media?parent=31818"}],"wp:term":[{"taxonomy":"category","embeddable":true,"href":"https:\/\/www.europesays.com\/es\/wp-json\/wp\/v2\/categories?post=31818"},{"taxonomy":"post_tag","embeddable":true,"href":"https:\/\/www.europesays.com\/es\/wp-json\/wp\/v2\/tags?post=31818"}],"curies":[{"name":"wp","href":"https:\/\/api.w.org\/{rel}","templated":true}]}}