{"id":318183,"date":"2026-01-02T00:06:11","date_gmt":"2026-01-02T00:06:11","guid":{"rendered":"https:\/\/www.europesays.com\/es\/318183\/"},"modified":"2026-01-02T00:06:11","modified_gmt":"2026-01-02T00:06:11","slug":"aoc-presenta-su-nuevo-monitor-gaming-para-2026-con-pantalla-oled-gadgets-smartlife","status":"publish","type":"post","link":"https:\/\/www.europesays.com\/es\/318183\/","title":{"rendered":"AOC presenta su nuevo monitor gaming para 2026 con pantalla OLED | Gadgets | Smartlife"},"content":{"rendered":"<p class=\"\">AOC est\u00e1 cargando su cat\u00e1logo para que no nos falten opciones a la hora de elegir nuestro pr\u00f3ximo monitor gaming. Hace unos meses anunciaron la llegada de los <a href=\"https:\/\/cincodias.elpais.com\/smartlife\/gadgets\/2025-11-04\/los-monitores-aoc-gaming-q27g4zdr-y-q27g4sdr-con-tecnologia-qd-oled-llegan-a-espana.html\" target=\"_blank\" rel=\"noreferrer nofollow noopener\" title=\"https:\/\/cincodias.elpais.com\/smartlife\/gadgets\/2025-11-04\/los-monitores-aoc-gaming-q27g4zdr-y-q27g4sdr-con-tecnologia-qd-oled-llegan-a-espana.html\">AOC GAMING Q27G4ZDR y Q27G4SDR con tecnolog\u00eda QD-OLED a Espa\u00f1a<\/a>. Ahora le toca el turno a <b>AOC AGON PRO AGP277QKD, una bestia en toda regla. <\/b> <\/p>\n<p class=\"\">De esta manera, la compa\u00f1\u00eda calienta motores de cara a CES 2025 con un modelo de gama alta. Porque ya te adelantamos que el AGON PRO AGP277QKD es un monitor gaming muy completo.<\/p>\n<p>Ficha t\u00e9cnica del AGON PRO AGP277QKD<\/p>\n<p class=\"\">El nuevo monitor de AOC apuesta por un panel de 26,5 pulgadas basado en tecnolog\u00eda WOLED de cuarta generaci\u00f3n desarrollada por LG Display, con una estructura Primary RGB Tandem que ya hemos visto en los iPad Pro de Apple o en las mejores Smart TV de LG, por lo que la calidad de imagen est\u00e1 m\u00e1s que garantizada.<\/p>\n<p><img decoding=\"auto\" class=\"_re lazyload a_m-h\" height=\"307\"  width=\"414\"  src=\"https:\/\/www.europesays.com\/es\/wp-content\/uploads\/2026\/01\/VUK3O5GNZBHKZH7TVUDLLCGBCM.jpg\" loading=\"lazy\"\/>AGON PRO AGP277QKDAOC<\/p>\n<p class=\"\"> La gran novedad est\u00e1 en su sistema de doble modo, que permite alternar entre resoluci\u00f3n QHD con una tasa de refresco de 540 Hz o resoluci\u00f3n HD alcanzando unos llamativos 720 Hz. Con ello, el AGON PRO AGP277QKD se posiciona como uno de los monitores m\u00e1s r\u00e1pidos.<\/p>\n<p class=\"\">A esto hya que sumrle un un <b>tiempo de respuesta de 0,02 milisegundos de gris a gris, <\/b>soporte para color de 10 bits, cubre el 99,5 por ciento del espacio DCI-P3 y llega calibrado de f\u00e1brica con un Delta E medio inferior a 1. <\/p>\n<p class=\"\">Tampoco falta soporte HDR, ya que el AGON PRO AGP277QKD cuenta con<b> certificaci\u00f3n VESA DisplayHDR True Black 500<\/b>, un brillo t\u00edpico de 300 nits y picos que pueden alcanzar los 1500 nits en contenidos compatibles. <\/p>\n<p class=\"\">AOC ha integrado adem\u00e1s un <b>recubrimiento AGLR antirreflejos <\/b>y de baja reflexi\u00f3n para reducir la interferencia de la luz ambiental, junto a tecnolog\u00edas de reducci\u00f3n de luz azul a nivel de hardware y funcionamiento sin parpadeos, por lo que podr\u00e1s jugar horas sin preocuparte por la fatiga visual.<\/p>\n<p class=\"\">Como no pod\u00eda ser de otra forma en un producto de este perfil, el monitor<b> es compatible con Adaptive-Sync y cuenta con certificaci\u00f3n Nvidia G-Sync <\/b>para ofrecer la mejor experiencia gaming.. A esto se suman m\u00faltiples funciones orientadas al jugador, como modos espec\u00edficos para FPS y RTS, control de zonas oscuras, miras din\u00e1micas, ajuste de color y un contador de frecuencia de refresco en tiempo real.<\/p>\n<p><img decoding=\"auto\" class=\"_re lazyload a_m-h\" height=\"259\"  width=\"414\"  src=\"https:\/\/www.europesays.com\/es\/wp-content\/uploads\/2026\/01\/PLU5L7SMFVAEXN3TH2MGL5GBZM.jpg\" loading=\"lazy\"\/>AGON PRO AGP277QKDAOC<\/p>\n<p class=\"\">Cerramos con la <b>conectividad de AGON PRO AGP277QKD<\/b>, y que incluye dos puertos HDMI 2.1, un DisplayPort 2.1, adem\u00e1s de conexiones USB tanto de subida como de bajada. Tampoco faltan altavoces integrados de 5 vatios ni los modos Picture-in-Picture y Picture-by-Picture para quienes necesitan trabajar con varias fuentes a la vez.<\/p>\n<p>Disponibilidad y precio<\/p>\n<p class=\"\">Por ahora, AOC no ha comunicado el precio ni la disponibilidad concreta de este modelo, pero todo apunta a que no ser\u00e1 un monitor al alcance de cualquier bolsillo. En cualquier caso, seguramente revelen m\u00e1s detalles en el CES 2026.<\/p>\n","protected":false},"excerpt":{"rendered":"AOC est\u00e1 cargando su cat\u00e1logo para que no nos falten opciones a la hora de elegir nuestro pr\u00f3ximo&hellip;\n","protected":false},"author":2,"featured_media":318184,"comment_status":"","ping_status":"","sticky":false,"template":"","format":"standard","meta":{"footnotes":""},"categories":[81],"tags":[74241,119,123,124,2308,25,24,3826,10904,117,121,122,23,118,120],"class_list":{"0":"post-318183","1":"post","2":"type-post","3":"status-publish","4":"format-standard","5":"has-post-thumbnail","7":"category-ciencia-y-tecnologia","8":"tag-aoc","9":"tag-ciencia","10":"tag-ciencia-y-tecnologia","11":"tag-cienciaytecnologia","12":"tag-empresas","13":"tag-es","14":"tag-espana","15":"tag-gadgets","16":"tag-informatica","17":"tag-science","18":"tag-science-and-technology","19":"tag-scienceandtechnology","20":"tag-spain","21":"tag-technology","22":"tag-tecnologia"},"share_on_mastodon":{"url":"https:\/\/pubeurope.com\/@es\/115822590930939584","error":""},"_links":{"self":[{"href":"https:\/\/www.europesays.com\/es\/wp-json\/wp\/v2\/posts\/318183","targetHints":{"allow":["GET"]}}],"collection":[{"href":"https:\/\/www.europesays.com\/es\/wp-json\/wp\/v2\/posts"}],"about":[{"href":"https:\/\/www.europesays.com\/es\/wp-json\/wp\/v2\/types\/post"}],"author":[{"embeddable":true,"href":"https:\/\/www.europesays.com\/es\/wp-json\/wp\/v2\/users\/2"}],"replies":[{"embeddable":true,"href":"https:\/\/www.europesays.com\/es\/wp-json\/wp\/v2\/comments?post=318183"}],"version-history":[{"count":0,"href":"https:\/\/www.europesays.com\/es\/wp-json\/wp\/v2\/posts\/318183\/revisions"}],"wp:featuredmedia":[{"embeddable":true,"href":"https:\/\/www.europesays.com\/es\/wp-json\/wp\/v2\/media\/318184"}],"wp:attachment":[{"href":"https:\/\/www.europesays.com\/es\/wp-json\/wp\/v2\/media?parent=318183"}],"wp:term":[{"taxonomy":"category","embeddable":true,"href":"https:\/\/www.europesays.com\/es\/wp-json\/wp\/v2\/categories?post=318183"},{"taxonomy":"post_tag","embeddable":true,"href":"https:\/\/www.europesays.com\/es\/wp-json\/wp\/v2\/tags?post=318183"}],"curies":[{"name":"wp","href":"https:\/\/api.w.org\/{rel}","templated":true}]}}