{"id":318187,"date":"2026-01-02T00:08:09","date_gmt":"2026-01-02T00:08:09","guid":{"rendered":"https:\/\/www.europesays.com\/es\/318187\/"},"modified":"2026-01-02T00:08:09","modified_gmt":"2026-01-02T00:08:09","slug":"inflacion-2026-el-principal-desafio-de-trump-se-medira-en-los-supermercados-gobierno-de-trump-noticias-univision-politica","status":"publish","type":"post","link":"https:\/\/www.europesays.com\/es\/318187\/","title":{"rendered":"Inflaci\u00f3n 2026 | El principal desaf\u00edo de Trump se medir\u00e1 en los supermercados | Gobierno de Trump | Noticias Univision Pol\u00edtica"},"content":{"rendered":"<p>Donald Trump prometi\u00f3 bajar los precios desde el primer d\u00eda de su Presidencia. Miramos qu\u00e9 ha pasado desde entonces y c\u00f3mo est\u00e1 el malhumor de los votantes con la inflaci\u00f3n.<a href=\"https:\/\/www.univision.com\/equipo\" rel=\"nofollow noopener\" target=\"_blank\"><img alt=\"Univision picture\" loading=\"lazy\" decoding=\"async\" data-nimg=\"fill\" class=\"object-cover\" style=\"position:absolute;height:100%;width:100%;left:0;top:0;right:0;bottom:0;color:transparent\"   src=\"https:\/\/www.europesays.com\/es\/wp-content\/uploads\/2026\/01\/image.jpeg\"\/><\/a><\/p>\n<p>Video <strong>El costo de vida es una de las mayores preocupaciones en EEUU: analizamos la gesti\u00f3n econ\u00f3mica de Trump<\/strong><\/p>\n<p>Ni en la Corte Suprema ni en los niveles m\u00e1s altos de la pol\u00edtica en Washington, ser\u00e1 en los pasillos de los supermercados donde a Donald Trump le tocar\u00e1 resolver el que asoma como el desaf\u00edo crucial de su Presidencia con los votantes en 2026: <a href=\"https:\/\/www.univision.com\/noticias\/politica\/gobierno-de-trump-mientras-la-inflacion-tarda-en-enfriarse-trump-revierte-aranceles-e-improvisa-planes\" rel=\"nofollow noopener\" target=\"_blank\">el malhumor a causa de la inflaci\u00f3n y el costo de vida.<\/a><\/p>\n<p>\u00c9l mismo se puso la vara alta cuando prometi\u00f3 que los precios bajar\u00edan desde su primer d\u00eda en la Casa Blanca. Lo hizo sin explicar que los precios suben de forma constante y que, si bien se pueden tomar medidas para que lo hagan m\u00e1s suavemente, la inflaci\u00f3n acumulada dif\u00edcilmente puede borrarse. De hecho, para una econom\u00eda es contraproducente que los precios caigan porque eso supondr\u00eda que est\u00e1 en problemas.<\/p>\n<p>\u00abGobernar durante tiempos de inflaci\u00f3n (elevada) es incre\u00edblemente frustrante. Los electores est\u00e1n desesperados por ver evidencia tangible de que los precios de cosas esenciales como la comida y los alquileres est\u00e1n bajando. Eso no es algo que un presidente pueda hacer. Adem\u00e1s, ning\u00fan presidente tampoco quiere alentar una deflaci\u00f3n\u00bb, que ocurre cuando los precios caen de forma generalizada, consider\u00f3 Amy Walter en un an\u00e1lisis de The Cook Political Report.<\/p>\n<p>\u00abLo que s\u00ed puede controlar un presidente es su tiempo y enfoque. Y la mayor parte de los votantes no cree que Trump est\u00e1 dedic\u00e1ndole lo suficiente a la inflaci\u00f3n y al costo de la vida. La mayor\u00eda tambi\u00e9n considera que &#8216;hace que las cosas suenen mejor de lo que est\u00e1n&#8217;, incluyendo a cuatro de cada 10 electores republicanos para los que \u00e9l pinta un panorama mejor al real en este tema\u00bb, agreg\u00f3.<\/p>\n<p>Dichos como que se da una nota de \u00abA+++++\u00bb cuando le preguntan por la econom\u00eda o que el contexto econ\u00f3mico actual es resultado del \u00abenredo\u00bb de \u00abprecios r\u00e9cord\u00bb heredado del anterior gobierno refuerzan <a href=\"https:\/\/www.univision.com\/noticias\/estados-unidos\/la-inflacion-la-desaceleracion-del-empleo-y-el-cierre-del-gobierno-golpean-la-confianza-en-la-economia-gobierno-de-trump\" rel=\"nofollow noopener\" target=\"_blank\">esa percepci\u00f3n que recogen las encuestas. <\/a>Lo primero fue su respuesta en una entrevista con el medio Politico cuando la periodista le puso el ejemplo real de una simpatizante suya preocupada por el costo de vida, y lo segundo <a href=\"https:\/\/www.univision.com\/noticias\/politica\/discurso-rapido-combativo-trump-busca-disipar-temores-economicos\" rel=\"nofollow noopener\" target=\"_blank\">el mensaje que busc\u00f3 dar en su mensaje de fin de a\u00f1o en horario estelar.<\/a><\/p>\n<p>El mandatario tambi\u00e9n defiende a capa y espada <a href=\"https:\/\/www.univision.com\/noticias\/politica\/cuestionan-con-dureza-los-aranceles-de-trump-en-la-corte-suprema-en-que-se-enfocaron-los-jueces-gobierno-de-trump\" rel=\"nofollow noopener\" target=\"_blank\">los aranceles con los que amenaza al mundo <\/a>a pesar del impacto que tienen sobre los precios y de la incertidumbre que posan sobre las perspectivas econ\u00f3micas.<\/p>\n<p>Son declaraciones que, cuando se toman en conjunto, parecen reflejar a un presidente poco dispuesto a tratar de entender la ansiedad que siente la gente porque el salario no le alcanza y que no comprende la trayectoria que muestran los precios.<\/p>\n<p>C\u00f3mo estaba la inflaci\u00f3n cuando regres\u00f3 Trump y c\u00f3mo se ha movido desde entonces<\/p>\n<p><a href=\"https:\/\/www.univision.com\/noticias\/estados-unidos\/igual-biden-trump-se-dio-cuenta-de-que-no-hay-soluciones-rapidas-para-inflacion\" rel=\"nofollow noopener\" target=\"_blank\">Trump asegura que tom\u00f3 una econom\u00eda con una inflaci\u00f3n en niveles r\u00e9cord, <\/a>pero la realidad es que se hab\u00eda desacelerado bastante desde el 9.1% registrado en junio de 2023.<\/p>\n<p>La inflaci\u00f3n se hab\u00eda acelerado a niveles no vistos en cuatro d\u00e9cadas por una combinaci\u00f3n de factores. Persist\u00edan los problemas con las cadenas de suministro por la pandemia, el Congreso aprob\u00f3 paquetes de ayuda que pusieron dinero en los bolsillos de los consumidores y los costos de la energ\u00eda se aceleraron por la guerra de Rusia en Ucrania.<\/p>\n<p>Una agresiva campa\u00f1a con la que la Reserva Federal subi\u00f3 su tasa clave de inter\u00e9s ayud\u00f3 a suavizar la inflaci\u00f3n. Le tom\u00f3 meses pero, cuando Joe Biden concluy\u00f3 su Presidencia en enero, la inflaci\u00f3n se ubicaba en 3% anual. Todav\u00eda por encima del 2% anual que tiene como objetivo el banco central, aunque lejos de los niveles de casi dos d\u00edgitos de mediados de 2023.<\/p>\n<p>No estaba en niveles r\u00e9cord como dice el presidente. Sin embargo, los precios hab\u00edan acumulado un alza muy fuerte que hab\u00eda desgastado los bolsillos y el \u00e1nimo de los electores. Molestos con Biden, muchos aceptaron la promesa de un alivio inflacionario de Trump.<\/p>\n<p>La cuesti\u00f3n es que el republicano tambi\u00e9n regres\u00f3 al poder con otro plan cuyo impacto ha chocado con su presunto compromiso de suavizar la inflaci\u00f3n. Ha impuesto aranceles pr\u00e1cticamente a todo y por todo. Recurriendo por primera vez a una ley que se ampara en emergencias, los ha impuesto a casi todas las naciones del mundo que se \u00abaprovechaban\u00bb de Estados Unidos y a socios comerciales cruciales \u2014como M\u00e9xico, Canad\u00e1 y China\u2014 por temas de drogas e inmigraci\u00f3n.<\/p>\n<p>Y los menciona cada vez que quiere amenazar a alguno de ellos por una raz\u00f3n distinta. Tan reciente como en la primera semana de diciembre <a href=\"https:\/\/www.univision.com\/noticias\/politica\/trump-amenaza-con-arancel-del-5-a-mexico-por-una-disputa-de-suministro-de-agua-del-rio-bravo\" rel=\"nofollow noopener\" target=\"_blank\">advirti\u00f3 a M\u00e9xico que le pondr\u00eda otra tarifa del 5% por una disputa por el agua <\/a>de un r\u00edo fronterizo.<\/p>\n<p><a href=\"https:\/\/www.univision.com\/especiales\/noticias\/infografias\/2025\/los-aranceles-de-trump\/\" rel=\"nofollow noopener\" target=\"_blank\">Los antecedentes dicen que los aranceles suelen impulsar los precios, <\/a>porque las productores trasladan a sus clientes parte del alza en sus costos. Por eso ha habido mucha expectativa por cu\u00e1l ser\u00e1 el impacto a largo plazo de la pol\u00edtica arancelaria de Trump.<\/p>\n<p>Hasta ahora, el \u00edndice de precios al consumidor ha subido de forma moderada. La cifra anual hasta noviembre (que posiblemente fue afectada por el impacto del cierre del gobierno en la recopilaci\u00f3n de los datos) se ubic\u00f3 en 2.7%, no muy lejos del 3% en el que estaba cuando Biden le pas\u00f3 la batuta a Trump.<\/p>\n<p>Si se miran componentes clave del \u00edndice, algunos precios reflejan una aceleraci\u00f3n m\u00e1s marcada. Los precios de la electricidad promediaron 1.9% anual en enero. En noviembre, ese promedio fue de 6.9% anual, seg\u00fan cifras de la Oficina de Estad\u00edsticas (BLS).<\/p>\n<p>Los del cuidado de la salud promediaron 2.7% anual en enero. En noviembre, 3.3% anual. Esto cuando <a href=\"https:\/\/www.univision.com\/noticias\/politica\/pronto-vencera-un-subsidio-de-obamacare-y-el-congreso-esta-lejos-de-un-acuerdo-para-extenderlo\" rel=\"nofollow noopener\" target=\"_blank\">se anticipa una tremenda alza en las primas de los seguros de salud a trav\u00e9s de &#8216;Obamacare&#8217; <\/a>al acabar en 2025 un subsidio que hab\u00eda ayudado a costearlas.<\/p>\n<p>Esas alzas han contrarrestado otras m\u00e1s tibias, como la de los alimentos, que en enero hab\u00edan avanzado 1.9% anual, ritmo que en noviembre se mantuvo en ese mismo nivel.<\/p>\n<p>En un EEUU dividido, la ansiedad por la inflaci\u00f3n se alza como punto de encuentro<\/p>\n<p>Datos como esos muestran por qu\u00e9 a tanta gente le preocupa el costo de vida y por qu\u00e9 muchos perciben que Trump se ha quedado corto en cumplir con sus promesa de precios m\u00e1s bajos. Es algo que, de hecho, ha emergido como un punto de encuentro en un Estados Unidos sumanente polarizado.<\/p>\n<p>\u00abPese a las profundas divisiones, un nuevo sondeo del American Communities Project encontr\u00f3 un punto de acuerdo amplio: los estadounidenses de forma abrumadora ven la inflaci\u00f3n como el asunto m\u00e1s importante que afrontan sus comunidades y el pa\u00eds en general, sin importar d\u00f3nde vivan\u00bb, evalu\u00f3 Carrie Dan, editora de The Cook Political Report, en un reporte. \u00abY todav\u00eda m\u00e1s, poblaciones significativas en cada comunidad reportan sentir un impacto tangible o dificultades personales como resultado del costo de vida\u00bb, agreg\u00f3.<\/p>\n<p>\u00abEl que la inflaci\u00f3n se posicione en el primer lugar, tanto a nivel nacional como local como un asunto con un impacto palpable en la vida de los residentes en cada tipo de comunidad en Estados Unidos, es una luz roja para los republicanos como el partido en el poder. Lo que falta por ver antes de las elecciones de mitad de per\u00edodo es a qui\u00e9n achacan los votantes el alza en los costos\u00bb, agreg\u00f3.<\/p>\n<p>Dan explic\u00f3 que el estudio del American Communities Project es especialmente valioso porque separa cada condado en 15 tipos de comunidades distintas, tomando en cuenta los ingresos, la religi\u00f3n, la raza y la educaci\u00f3n. Tener estos tipos segmentados ayuda a entender con m\u00e1s precisi\u00f3n c\u00f3mo las personas sienten que pasan sus d\u00edas, porque se ve m\u00e1s all\u00e1 de los factores demogr\u00e1ficos macro.<\/p>\n<p>En cada una de esas 15 comunidades, una mayor\u00eda consider\u00f3 que la inflaci\u00f3n es un problema que ha empeorado. \u00abEse pesimismo por el alza de los costos incluy\u00f3 a m\u00e1s de siete de cada 10 residentes en comunidades que apoyaron fuertemente al presidente Donald Trump, como las comunidades de &#8216;la clase trabajadora&#8217;, &#8216;los centros evang\u00e9licos&#8217; y &#8216;el Estados Unidos rural del centro&#8217; del pa\u00eds\u00bb, a\u00f1adi\u00f3.<\/p>\n<p>La analista tambi\u00e9n mencion\u00f3 que la inflaci\u00f3n ha golpeado con m\u00e1s dureza a comunidades como la hispana, que respald\u00f3 m\u00e1s a Trump en 2024 cuando se compara con las elecciones presidenciales de 2020.<\/p>\n<p>El presidente ha acogido por momentos la bandera de la asequibilidad abrazada por dem\u00f3cratas como el nuevo alcalde de la ciudad de Nueva York, Zohran Mamdani. Lo ha hecho de forma ambivalente porque tambi\u00e9n asegura en ocasiones que ese tema es una \u00abfarsa\u00bb inventada por el partido opositor.<\/p>\n<p>El pr\u00f3ximo a\u00f1o habr\u00e1 dos factores que podr\u00edan profundizar m\u00e1s el malestar de la gente con la econom\u00eda: el vencimiento del subsidio a los seguros de salud y una decisi\u00f3n de la Corte Suprema que mantenga en pie los aranceles m\u00e1s amplios del mandatario. Ese caso ya fue argumentado y se espera una decisi\u00f3n en cualquier momento.<\/p>\n<p>Video <strong>Trump amenaza con imponer un nuevo arancel del 5% a M\u00e9xico: lo acusa de violar un tratado del agua<\/strong><\/p>\n","protected":false},"excerpt":{"rendered":"Donald Trump prometi\u00f3 bajar los precios desde el primer d\u00eda de su Presidencia. Miramos qu\u00e9 ha pasado desde&hellip;\n","protected":false},"author":2,"featured_media":318188,"comment_status":"","ping_status":"","sticky":false,"template":"","format":"standard","meta":{"footnotes":""},"categories":[42],"tags":[17,18,13,14,11,61,62,63,64,19,20,9,10,15,16,12,21,22,65,66,67],"class_list":{"0":"post-318187","1":"post","2":"type-post","3":"status-publish","4":"format-standard","5":"has-post-thumbnail","7":"category-internacional","8":"tag-breaking-news","9":"tag-breakingnews","10":"tag-featured-news","11":"tag-featurednews","12":"tag-headlines","13":"tag-internacional","14":"tag-international","15":"tag-international-news","16":"tag-internationalnews","17":"tag-latest-news","18":"tag-latestnews","19":"tag-news","20":"tag-noticias","21":"tag-noticias-destacadas","22":"tag-noticiasdestacadas","23":"tag-titulares","24":"tag-ultimas-noticias","25":"tag-ultimasnoticias","26":"tag-world","27":"tag-world-news","28":"tag-worldnews"},"share_on_mastodon":{"url":"https:\/\/pubeurope.com\/@es\/115822599332958709","error":""},"_links":{"self":[{"href":"https:\/\/www.europesays.com\/es\/wp-json\/wp\/v2\/posts\/318187","targetHints":{"allow":["GET"]}}],"collection":[{"href":"https:\/\/www.europesays.com\/es\/wp-json\/wp\/v2\/posts"}],"about":[{"href":"https:\/\/www.europesays.com\/es\/wp-json\/wp\/v2\/types\/post"}],"author":[{"embeddable":true,"href":"https:\/\/www.europesays.com\/es\/wp-json\/wp\/v2\/users\/2"}],"replies":[{"embeddable":true,"href":"https:\/\/www.europesays.com\/es\/wp-json\/wp\/v2\/comments?post=318187"}],"version-history":[{"count":0,"href":"https:\/\/www.europesays.com\/es\/wp-json\/wp\/v2\/posts\/318187\/revisions"}],"wp:featuredmedia":[{"embeddable":true,"href":"https:\/\/www.europesays.com\/es\/wp-json\/wp\/v2\/media\/318188"}],"wp:attachment":[{"href":"https:\/\/www.europesays.com\/es\/wp-json\/wp\/v2\/media?parent=318187"}],"wp:term":[{"taxonomy":"category","embeddable":true,"href":"https:\/\/www.europesays.com\/es\/wp-json\/wp\/v2\/categories?post=318187"},{"taxonomy":"post_tag","embeddable":true,"href":"https:\/\/www.europesays.com\/es\/wp-json\/wp\/v2\/tags?post=318187"}],"curies":[{"name":"wp","href":"https:\/\/api.w.org\/{rel}","templated":true}]}}