{"id":318189,"date":"2026-01-02T00:09:41","date_gmt":"2026-01-02T00:09:41","guid":{"rendered":"https:\/\/www.europesays.com\/es\/318189\/"},"modified":"2026-01-02T00:09:41","modified_gmt":"2026-01-02T00:09:41","slug":"sanchez-prepara-un-giro-para-recuperar-el-control-de-la-agenda-y-afrontar-un-dificil-2026-espana","status":"publish","type":"post","link":"https:\/\/www.europesays.com\/es\/318189\/","title":{"rendered":"S\u00e1nchez prepara un giro para recuperar el control de la agenda y afrontar un dif\u00edcil 2026 | Espa\u00f1a"},"content":{"rendered":"<p class=\"\">El final de 2025, un a\u00f1o pol\u00edtico muy complejo para el Gobierno, no pod\u00eda ser m\u00e1s duro y a la vez m\u00e1s contradictorio. El Ejecutivo termina la temporada contra las cuerdas, con una <a href=\"https:\/\/elpais.com\/espana\/elecciones-extremadura\/2025-12-28\/los-choques-de-guardiola-y-abascal-que-lastran-la-negociacion-no-querias-vox-pues-toma-dos-tazas.html\" target=\"_self\" rel=\"nofollow noopener\" title=\"https:\/\/elpais.com\/espana\/elecciones-extremadura\/2025-12-28\/los-choques-de-guardiola-y-abascal-que-lastran-la-negociacion-no-querias-vox-pues-toma-dos-tazas.html\">derrota demoledora en Extremadura<\/a>, donde el 60% ha votado a la derecha y ultraderecha, algo impensable hace solo dos a\u00f1os, cuando Guillermo Fern\u00e1ndez Vara a\u00fan gan\u00f3 las elecciones por poco, y con varios frentes judiciales muy delicados abiertos en canal. Pero a la vez los datos econ\u00f3micos siguen mejorando, Espa\u00f1a es citada como ejemplo de \u00e9xito, el<a href=\"https:\/\/elpais.com\/economia\/2025-10-02\/el-mercado-laboral-logra-un-septiembre-record-con-31500-empleos-mas-y-4900-parados-menos.html\" target=\"_self\" rel=\"nofollow noopener\" title=\"https:\/\/elpais.com\/economia\/2025-10-02\/el-mercado-laboral-logra-un-septiembre-record-con-31500-empleos-mas-y-4900-parados-menos.html\"> empleo sigue alcanzando cifras r\u00e9cord<\/a>, <a href=\"https:\/\/cincodias.elpais.com\/mercados-financieros\/2025-12-15\/la-bolsa-y-el-ibex-35.html\" target=\"_self\" rel=\"nofollow noopener\" title=\"https:\/\/cincodias.elpais.com\/mercados-financieros\/2025-12-15\/la-bolsa-y-el-ibex-35.html\">la bolsa<\/a> y la recaudaci\u00f3n fiscal tambi\u00e9n, y el Ejecutivo termina el a\u00f1o subiendo mucho las pensiones \u2014hasta un 11% las m\u00ednimas\u2014 y el sueldo de los funcionarios y se prepara para un aumento significativo del salario m\u00ednimo en las primeras semanas del nuevo a\u00f1o. <\/p>\n<p class=\"\">Estos dos mundos paralelos, alegr\u00eda econ\u00f3mica y angustia pol\u00edtica, van a volver con m\u00e1s fuerza a\u00fan en 2026, seg\u00fan las previsiones que manejan todas las fuentes consultadas, tanto del Gobierno como de sus socios parlamentarios y de la oposici\u00f3n. Pedro S\u00e1nchez y su equipo de m\u00e1xima confianza en La Moncloa est\u00e1n aprovechando el descanso navide\u00f1o para pensar en un giro, un golpe de efecto en enero que pueda frenar la sensaci\u00f3n de hundimiento de la izquierda que dej\u00f3 Extremadura para que no contagie a la siguiente elecci\u00f3n, la de Arag\u00f3n, el 8 de febrero, y <a href=\"https:\/\/elpais.com\/espana\/2025-12-30\/el-pp-de-castilla-y-leon-ve-inevitable-entenderse-con-vox-al-alejarse-la-mayoria.html\" target=\"_self\" rel=\"nofollow noopener\" title=\"https:\/\/elpais.com\/espana\/2025-12-30\/el-pp-de-castilla-y-leon-ve-inevitable-entenderse-con-vox-al-alejarse-la-mayoria.html\">despu\u00e9s a Castilla y Le\u00f3n<\/a>, en marzo, y m\u00e1s tarde a Andaluc\u00eda. Los ministerios han <a href=\"https:\/\/elpais.com\/espana\/2025-12-29\/sanchez-pide-a-los-ministros-medidas-sociales-que-no-dependan-del-congreso-para-recuperar-el-pulso.html\" target=\"_self\" rel=\"nofollow noopener\" title=\"https:\/\/elpais.com\/espana\/2025-12-29\/sanchez-pide-a-los-ministros-medidas-sociales-que-no-dependan-del-congreso-para-recuperar-el-pulso.html\">enviado muchas ideas de iniciativas de impacto que no necesitan pasar por el Congreso<\/a> que est\u00e1 recolectando La Moncloa para gestionar anuncios en enero. <\/p>\n<p class=\"\">Esta estrategia ya funcion\u00f3 relativamente bien en septiembre de 2025. Tras el par\u00f3n veraniego, despu\u00e9s de un julio infernal con Santos Cerd\u00e1n en Soto del Real, S\u00e1nchez y su equipo dise\u00f1aron una agenda de iniciativas y golpes de efecto \u2014entonces el asunto central fue la masacre en Gaza\u2014 que les permiti\u00f3 recuperar aire pol\u00edtico e incluso subir algo en las encuestas de septiembre y octubre. Pero en noviembre la agenda judicial hundi\u00f3 de nuevo al Ejecutivo. <\/p>\n<p>Extremadura, \u201cpunto de inflexi\u00f3n\u201d<\/p>\n<p class=\"\">Ahora es mucho m\u00e1s dif\u00edcil esa recuperaci\u00f3n, porque el desgaste es mayor y la secuencia de elecciones auton\u00f3micas dise\u00f1ada por el PP supone un golpe an\u00edmico constante. Pero La Moncloa trabaja en varios planes, especialmente en vivienda, seg\u00fan diversas fuentes, para intentar cambiar una din\u00e1mica pol\u00edtica que tiene al Ejecutivo noqueado. <\/p>\n<p class=\"\">Sumar presiona muy fuerte para dar un giro radical en vivienda y otros asuntos, aunque hay un problema muy dif\u00edcil de soslayar: no hay mayor\u00eda progresista en el Congreso para estas cuestiones, porque Junts la impide. Por eso se buscan iniciativas que no necesiten aval parlamentario, pero tambi\u00e9n otras que muy dif\u00edcilmente pueden ser votadas en contra, como la subida del salario a los funcionarios, la de las pensiones \u2014a\u00fan por votar\u2014 o el \u00faltimo abono \u00fanico de transporte para toda Espa\u00f1a.<\/p>\n<p class=\"\">S\u00e1nchez, se\u00f1alan diversas fuentes, est\u00e1 aprovechando el par\u00f3n navide\u00f1o para reflexionar sobre el golpe de Extremadura, que ha dejado muy tocado a todo el progresismo, y c\u00f3mo hacerle frente sobre todo para que no se repita en Arag\u00f3n. En La Moncloa admiten que es \u201cun punto de inflexi\u00f3n\u201d, porque aunque el resultado fuera esperado y se atribuya buena parte del fiasco a un p\u00e9simo candidato como Miguel \u00c1ngel Gallardo, comprobar que la ola de derecha es enorme \u201460%\u2014 en un hist\u00f3rico granero de la izquierda espa\u00f1ola hace saltar todas las alarmas. Adem\u00e1s, la siguiente en probarse, en Arag\u00f3n, es Pilar Alegr\u00eda, exministra de S\u00e1nchez: ser\u00e1 la propia imagen del Gobierno la que se someta a escrutinio. Con toda probabilidad, el presidente se volcar\u00e1 en la campa\u00f1a con <a href=\"https:\/\/elpais.com\/espana\/2025-12-20\/alegria-lanza-su-candidatura-en-la-precampana-de-aragon-quiero-ser-la-presidenta-de-quienes-confien-en-mi-y-de-quienes-no.html\" target=\"_self\" rel=\"nofollow noopener\" title=\"https:\/\/elpais.com\/espana\/2025-12-20\/alegria-lanza-su-candidatura-en-la-precampana-de-aragon-quiero-ser-la-presidenta-de-quienes-confien-en-mi-y-de-quienes-no.html\">la que fue su portavoz hasta la semana pasada<\/a> y en la que el Gobierno conf\u00eda como buena candidata.<\/p>\n<p>Contraste pol\u00edtico<\/p>\n<p class=\"\">El PSOE est\u00e1 en horas bajas, pero a\u00fan m\u00e1s dif\u00edcil es la situaci\u00f3n a su izquierda. En Extremadura hubo acuerdo entre todos los grupos del espacio, con Sumar y Podemos en la misma candidatura, y les fue bien, pero en Arag\u00f3n ir\u00e1n divididos de nuevo con gran riesgo de desastre.<\/p>\n<p class=\"\">Descartado el adelanto electoral de las generales \u2014ser\u00eda suicida ahora, insisten diversos ministros, que apelan a la situaci\u00f3n econ\u00f3mica para defender que hay que seguir e intentar darle la vuelta con decisiones de calado\u2014, el presidente y los suyos trabajan en un giro, un cambio de estrategia, no solo con medidas de impacto sino con un discurso nuevo, m\u00e1s al ataque, m\u00e1s pol\u00edtico. El mensaje se centrar\u00e1 en mostrar el contraste con las pol\u00edticas de los presidentes auton\u00f3micos del PP, como ya se ha hecho con Isabel D\u00edaz Ayuso, su gesti\u00f3n privatizadora en sanidad y educaci\u00f3n o su rechazo a facilitar que el aborto se haga en centros p\u00fablicos. S\u00e1nchez ya ensay\u00f3 este giro en el \u00faltimo gran debate en el Congreso, aunque apenas tuvo impacto en los medios.<\/p>\n<p class=\"\">La gesti\u00f3n, explican diversas fuentes, no basta. Como se vio en las municipales y auton\u00f3micas de 2023, cuando las cifras econ\u00f3micas ya eran buenas, no son los datos de gesti\u00f3n del Gobierno lo que moviliza a los progresistas. O al menos no son suficientes. Sumar insiste en que es ah\u00ed donde est\u00e1 la salida: en medidas dr\u00e1sticas de izquierdas como congelar la subida de 600.000 alquileres que se van a renovar en las pr\u00f3ximas semanas, como <a href=\"https:\/\/elpais.com\/espana\/2025-12-28\/pablo-bustinduy-la-reaccion-del-psoe-es-absolutamente-urgente.html\" target=\"_self\" rel=\"nofollow noopener\" title=\"https:\/\/elpais.com\/espana\/2025-12-28\/pablo-bustinduy-la-reaccion-del-psoe-es-absolutamente-urgente.html\">explicaba<\/a> en EL PA\u00cdS el ministro de Derechos Sociales, Pablo Bustinduy, de Sumar. La Moncloa no ve clara esta iniciativa, aunque hay mucha discusi\u00f3n interna abierta sobre casi todo. <\/p>\n<p>Candidato sin discusi\u00f3n<\/p>\n<p class=\"\">S\u00e1nchez est\u00e1 buscando m\u00e1s que nada un tono de batalla similar al que logr\u00f3 una gran movilizaci\u00f3n en julio de 2023. 2026 ser\u00e1 un a\u00f1o ya claramente electoral, haya o no generales en oto\u00f1o, como especulan diversos dirigentes consultados, y eso impregnar\u00e1 toda la pol\u00edtica. S\u00e1nchez, insisten los suyos, ni se plantea no ser candidato, una maniobra que ya hizo el PSOE en 2011 \u2014Zapatero dej\u00f3 paso a Alfredo P\u00e9rez Rubalcaba\u2014 con un resultado desastroso: el PP tuvo mayor\u00eda absoluta y el partido entr\u00f3 en una larga guerra interna que sigui\u00f3 hasta 2017, cuando S\u00e1nchez gan\u00f3 sus segundas primarias. <\/p>\n<p class=\"\">El presidente ser\u00e1, pues, candidato, insisten los suyos, y queda por saber si lo ser\u00e1 tambi\u00e9n Yolanda D\u00edaz. En 2023, la vicepresidenta segunda, con una campa\u00f1a muy exitosa, fue decisiva para que la coalici\u00f3n progresista pudiera seguir en La Moncloa. Pero ahora no est\u00e1 nada claro que quiera continuar. D\u00edaz ya dimiti\u00f3 de sus cargos org\u00e1nicos por el mal resultado en las europeas y podr\u00eda tambi\u00e9n dejar de ser la candidata, aunque este espacio no tiene de momento ninguna alternativa potente para relevarla.<\/p>\n<p>Carpetas pendientes<\/p>\n<p class=\"\">En ese ambiente electoral, los socios tambi\u00e9n se mueven. Nadie parece hacerlo para tumbar a S\u00e1nchez, pero s\u00ed para cerrar sus carpetas clave antes de unas elecciones que presumiblemente llevar\u00edan a la derecha y ultraderecha al poder. El PNV, por ejemplo, acaba muy molesto con el Gobierno este a\u00f1o, seg\u00fan fuentes de este grupo. <\/p>\n<p class=\"\">El acuerdo de investidura de S\u00e1nchez se va a incumplir, porque dec\u00eda que en 2025 ten\u00edan que <a href=\"https:\/\/elpais.com\/espana\/2025-12-24\/el-escudo-social-pondra-a-prueba-las-mayorias-en-el-congreso-en-el-arranque-del-ano-electoral.html\" target=\"_self\" rel=\"nofollow noopener\" title=\"https:\/\/elpais.com\/espana\/2025-12-24\/el-escudo-social-pondra-a-prueba-las-mayorias-en-el-congreso-en-el-arranque-del-ano-electoral.html\">cerrarse las transferencias pendientes<\/a> para hacer lo que en Euskadi se llama \u201ccerrar el Estatuto de Gernika\u201d. La negociaci\u00f3n va lenta, hay resistencias importantes en Seguridad Social \u2014el asunto m\u00e1s delicado es el traspaso de la gesti\u00f3n econ\u00f3mica, que algunos temen que amenace la caja \u00fanica de las pensiones\u2014 y la reuni\u00f3n de ambos gobiernos prevista para este lunes se ha pospuesto al 16 de enero. <\/p>\n<p class=\"\">El PNV presiona para cerrar ya esta cuesti\u00f3n con una nueva reuni\u00f3n pol\u00edtica entre Pedro S\u00e1nchez y el lehendakari, Imanol Pradales. Ambos tienen una buena relaci\u00f3n y trato frecuente, pero de momento no hay acuerdo. Aun as\u00ed, nadie habla de ruptura. Al contrario, esta negociaci\u00f3n muestra que hay inter\u00e9s por mantener la legislatura, aunque todos, tambi\u00e9n el PNV, est\u00e1n pendientes de posibles novedades judiciales que cambien el panorama. La posibilidad de que la Audiencia Nacional tome alguna decisi\u00f3n delicada tras el an\u00e1lisis por parte de la UCO de miles de tickets del PSOE durante siete a\u00f1os inquieta a todos, aunque los socialistas insisten en que no hay ninguna irregularidad. <\/p>\n<p class=\"\">El frente judicial siempre es el m\u00e1s delicado para el Gobierno, y este a\u00f1o estar\u00e1 muy abierto y tendr\u00e1 hasta un juicio, el de Jos\u00e9 Luis \u00c1balos, Santos Cerd\u00e1n y Koldo Garc\u00eda. Pero tambi\u00e9n sufrir\u00e1 en los tribunales el PP, que <a href=\"https:\/\/elpais.com\/espana\/2025-08-02\/del-sexenio-de-escandalos-de-la-era-rajoy-al-caso-cerdan-las-grietas-del-sistema-frente-a-la-corrupcion.html\" target=\"_self\" rel=\"nofollow noopener\" title=\"https:\/\/elpais.com\/espana\/2025-08-02\/del-sexenio-de-escandalos-de-la-era-rajoy-al-caso-cerdan-las-grietas-del-sistema-frente-a-la-corrupcion.html\">se enfrenta al juicio del caso Kitchen<\/a>, con un exministro del Interior imputado, Jorge Fern\u00e1ndez D\u00edaz, y a examen una gran operaci\u00f3n pol\u00edtica y policial para presuntamente destruir a los rivales usando al Estado y tratar de robar las pruebas de la corrupci\u00f3n del PP.<\/p>\n<p>Catalu\u00f1a<\/p>\n<p class=\"\">Otro grupo que tambi\u00e9n est\u00e1 presionando fuerte es ERC, en otra prueba de que hay muchas negociaciones abiertas que dan vida pol\u00edtica a la legislatura aunque con enormes dificultades. Los republicanos quieren cerrar ya la \u201cfinanciaci\u00f3n singular\u201d de Catalu\u00f1a que pactaron con el PSOE y el PSC para hacer presidente a Salvador Illa. Oriol Junqueras dirige la negociaci\u00f3n, y tambi\u00e9n prepara su cita en La Moncloa con Pedro S\u00e1nchez, otro hito de un enero muy cargado. Mar\u00eda Jes\u00fas Montero, ministra de Hacienda y candidata en Andaluc\u00eda, es la que m\u00e1s resistencia ofrece, pero tiene la orden de S\u00e1nchez de cerrar este acuerdo y se ha comprometido a presentar en febrero la reforma de toda la financiaci\u00f3n auton\u00f3mica, que llegar\u00eda despu\u00e9s de un acuerdo con ERC.<\/p>\n<p class=\"\">El Gobierno tambi\u00e9n busca m\u00e1s gestos con Junts a la espera de la decisi\u00f3n m\u00e1s trascendente, que tambi\u00e9n est\u00e1 prevista en 2026, la del regreso de Carles Puigdemont a Catalu\u00f1a avalado por un amparo del Tribunal Constitucional. Y ha fraguado otros pactos con Bildu antes de final de a\u00f1o. Todos los movimientos en La Moncloa apuntan a un nuevo intento de frenar la sangr\u00eda y buscar un giro para evitar que la debacle de Extremadura se extienda a todo el pa\u00eds. Pronto se ver\u00e1 con qu\u00e9 resultados: el Ejecutivo tiene tres pruebas de fuego seguidas y eso no son encuestas discutibles, sino voto directo e inapelable de los ciudadanos.<\/p>\n","protected":false},"excerpt":{"rendered":"El final de 2025, un a\u00f1o pol\u00edtico muy complejo para el Gobierno, no pod\u00eda ser m\u00e1s duro y&hellip;\n","protected":false},"author":2,"featured_media":318190,"comment_status":"","ping_status":"","sticky":false,"template":"","format":"standard","meta":{"footnotes":""},"categories":[8],"tags":[17,18,4456,767,4374,25,24,13,14,582,11,19,20,9,10,15,16,2959,952,1699,23,12,21,22,3633],"class_list":{"0":"post-318189","1":"post","2":"type-post","3":"status-publish","4":"format-standard","5":"has-post-thumbnail","7":"category-espana","8":"tag-breaking-news","9":"tag-breakingnews","10":"tag-congreso-diputados","11":"tag-corrupcion","12":"tag-elecciones","13":"tag-es","14":"tag-espana","15":"tag-featured-news","16":"tag-featurednews","17":"tag-gobierno","18":"tag-headlines","19":"tag-latest-news","20":"tag-latestnews","21":"tag-news","22":"tag-noticias","23":"tag-noticias-destacadas","24":"tag-noticiasdestacadas","25":"tag-pedro-sanchez","26":"tag-politica","27":"tag-psoe","28":"tag-spain","29":"tag-titulares","30":"tag-ultimas-noticias","31":"tag-ultimasnoticias","32":"tag-vivienda"},"share_on_mastodon":{"url":"https:\/\/pubeurope.com\/@es\/115822602834701624","error":""},"_links":{"self":[{"href":"https:\/\/www.europesays.com\/es\/wp-json\/wp\/v2\/posts\/318189","targetHints":{"allow":["GET"]}}],"collection":[{"href":"https:\/\/www.europesays.com\/es\/wp-json\/wp\/v2\/posts"}],"about":[{"href":"https:\/\/www.europesays.com\/es\/wp-json\/wp\/v2\/types\/post"}],"author":[{"embeddable":true,"href":"https:\/\/www.europesays.com\/es\/wp-json\/wp\/v2\/users\/2"}],"replies":[{"embeddable":true,"href":"https:\/\/www.europesays.com\/es\/wp-json\/wp\/v2\/comments?post=318189"}],"version-history":[{"count":0,"href":"https:\/\/www.europesays.com\/es\/wp-json\/wp\/v2\/posts\/318189\/revisions"}],"wp:featuredmedia":[{"embeddable":true,"href":"https:\/\/www.europesays.com\/es\/wp-json\/wp\/v2\/media\/318190"}],"wp:attachment":[{"href":"https:\/\/www.europesays.com\/es\/wp-json\/wp\/v2\/media?parent=318189"}],"wp:term":[{"taxonomy":"category","embeddable":true,"href":"https:\/\/www.europesays.com\/es\/wp-json\/wp\/v2\/categories?post=318189"},{"taxonomy":"post_tag","embeddable":true,"href":"https:\/\/www.europesays.com\/es\/wp-json\/wp\/v2\/tags?post=318189"}],"curies":[{"name":"wp","href":"https:\/\/api.w.org\/{rel}","templated":true}]}}