{"id":318191,"date":"2026-01-02T00:10:16","date_gmt":"2026-01-02T00:10:16","guid":{"rendered":"https:\/\/www.europesays.com\/es\/318191\/"},"modified":"2026-01-02T00:10:16","modified_gmt":"2026-01-02T00:10:16","slug":"justo-despues-de-medianoche-y-en-una-historica-estacion-de-metro","status":"publish","type":"post","link":"https:\/\/www.europesays.com\/es\/318191\/","title":{"rendered":"justo despu\u00e9s de medianoche y en una hist\u00f3rica estaci\u00f3n de Metro"},"content":{"rendered":"<p class=\"article-text\">\n        Zohran Mamdani ya es oficialmente alcalde de Nueva York. El dem\u00f3crata jur\u00f3 el cargo en una ceremonia privada celebrada en una hist\u00f3rica estaci\u00f3n del Metro de la ciudad justo despu\u00e9s de la medianoche del d\u00eda 1 de enero. En el breve acto, en el que estuvo acompa\u00f1ado por sus familiares, asegur\u00f3 que servir como regidor es el \u201chonor y privilegio\u201d de su vida.\n    <\/p>\n<p>    <a href=\"https:\/\/www.eldiario.es\/internacional\/mamdani-sigue-considerando-trump-fascista-despota-reunion-casa-blanca_1_12791105.html\" data-mrf-recirculation=\"saber-mas\" data-dl-event=\"saber-mas\" rel=\"nofollow noopener\" target=\"_blank\"><\/p>\n<p class=\"know-more__title\">Mamdani sigue considerando a Trump un \u00abfascista\u00bb y un \u00abd\u00e9spota\u00bb tras la reuni\u00f3n en la Casa Blanca<\/p>\n<p>            <img decoding=\"async\" class=\"lazy\" loading=\"lazy\" data-src=\"https:\/\/static.eldiario.es\/clip\/986df052-03c9-48f3-b8cf-34274a021cd5_16-9-aspect-ratio_default_0.jpg\" src=\"data:image\/svg+xml,%3Csvg xmlns=\" http:=\"\" viewbox=\"0 0 880 495\" alt=\"Mamdani sigue considerando a Trump un &quot;fascista&quot; y un &quot;d\u00e9spota&quot; tras la reuni\u00f3n en la Casa Blanca\"\/><\/p>\n<p>                        <\/a><\/p>\n<p class=\"article-text\">\n        Mamdani, ya el alcalde n\u00famero 112 de Nueva York, es a sus 34 a\u00f1os el segundo regidor m\u00e1s joven de la ciudad, el primero de ascendencia del sur de Asia y tambi\u00e9n el primero musulm\u00e1n, por lo que realiz\u00f3 el juramento con el Cor\u00e1n, que sosten\u00eda su esposa, Rama Duwaji.\n    <\/p>\n<p class=\"article-text\">\n        La elecci\u00f3n del lugar buscaba ser \u201cun testamento sobre la importancia del transporte p\u00fablico, la vitalidad, la salud y el legado de nuestra ciudad\u201d, afirm\u00f3 el ya nuevo alcalde. La hist\u00f3rica estaci\u00f3n de metro, de dise\u00f1o espa\u00f1ol y cerrada al p\u00fablico llamada Old City Hall, se encuentra justo debajo de la Alcald\u00eda.\n    <\/p>\n<blockquote class=\"twitter-tweet\" data-lang=\"es\"><p><a href=\"https:\/\/twitter.com\/X\/status\/2006691875168682135?ref_src=twsrc%5Etfw\" rel=\"nofollow noopener\" target=\"_blank\"><\/p><\/blockquote>\n<p class=\"article-text\">\n        Mamdani fue investido por la fiscal estatal Letitia James, a la que consider\u00f3 una de sus inspiraciones. La tambi\u00e9n dem\u00f3crata ha sido perseguida este a\u00f1o por el presidente de EEUU, Donald Trump. Tambi\u00e9n fue la encargada de <a href=\"https:\/\/www.eldiario.es\/internacional\/letitia-james-fiscal-demando-76-veces-trump-ahora-lucha-gobernadora-nueva-york_1_8491288.html\" target=\"_blank\" data-mrf-recirculation=\"links-noticia\" class=\"link\" rel=\"nofollow noopener\">supervisar la investigaci\u00f3n sobre las\u00a0acusaciones de acoso sexual\u00a0contra el exgobernador Andrew Cuomo<\/a>.\n    <\/p>\n<p class=\"article-text\">\n        La fiscal James, antes de guiarle en el juramento, elogi\u00f3 al alcalde, declar\u00e1ndose \u201corgullosa de lo que ha conseguido\u201d y confiada en que llevar\u00e1 \u201cuna nueva era de progreso, promesas y prosperidad\u201d a la gran urbe.\n    <\/p>\n<p class=\"article-text\">\n        El evento, que dur\u00f3 menos de cinco minutos, fue retransmitido a trav\u00e9s del canal de YouTube de la oficina del alcalde y dio la impresi\u00f3n de finalizar antes de que Mamdani completara su discurso. Solo algunos medios locales fueron acreditados.\n    <\/p>\n<p class=\"article-text\">\n        Seg\u00fan el medio digital AmNY, el alcalde anunci\u00f3 el nombramiento del responsable del Departamento de Transporte, que ser\u00e1 Mike Flynn, un extrabajador de esa agenda especializado en programas de peatones y ciclistas. Adem\u00e1s, entre sus primeras acciones, firm\u00f3 documentos y pag\u00f3 una tasa de nueve d\u00f3lares al secretario de la alcald\u00eda all\u00ed mismo.\n    <\/p>\n<p>    <a href=\"https:\/\/www.eldiario.es\/internacional\/mamdani-recuerda-derechos-migrantes-redadas-ice-luchare-proteger-hermanos_1_12827986.html\" data-mrf-recirculation=\"saber-mas-abajo\" data-dl-event=\"saber-mas-abajo\" rel=\"nofollow noopener\" target=\"_blank\"><\/p>\n<p class=\"know-more__title\">Mamdani recuerda a los migrantes sus derechos en las redadas del ICE: \u201cLuchar\u00e9 para proteger a nuestros hermanos\u201d<\/p>\n<p>            <img decoding=\"async\" class=\"lazy\" loading=\"lazy\" data-src=\"https:\/\/static.eldiario.es\/clip\/09213535-9a7b-4f92-ada2-2ecbf8dfc3a2_16-9-aspect-ratio_default_0_x725y185.jpg\" src=\"data:image\/svg+xml,%3Csvg xmlns=\" http:=\"\" viewbox=\"0 0 880 495\" alt=\"Mamdani recuerda a los migrantes sus derechos en las redadas del ICE: &quot;Luchar\u00e9 para proteger a nuestros hermanos&quot;\"\/><\/p>\n<p>                        <\/a><\/p>\n<p class=\"article-text\">\n        Mamdani prestar\u00e1 juramento de nuevo este jueves en las escaleras de la Alcald\u00eda a la 13 hora local, en un evento en el que ser\u00e1 investido por el senador Bernie Sanders, y que ir\u00e1 seguido de una fiesta comunitaria abierta al p\u00fablico en las calles del sur de Manhattan. En este segundo acto tambi\u00e9n estar\u00e1n presentes la congresista Alexandria Ocasio-Cortez, el Defensor del Pueblo de Nueva York, Jumaane Williams, y el contralor electo Mark Levine.\u00a0\n    <\/p>\n<p>                                    <script async src=\"https:\/\/platform.twitter.com\/widgets.js\" charset=\"utf-8\"><\/script><\/p>\n","protected":false},"excerpt":{"rendered":"Zohran Mamdani ya es oficialmente alcalde de Nueva York. El dem\u00f3crata jur\u00f3 el cargo en una ceremonia privada&hellip;\n","protected":false},"author":2,"featured_media":318192,"comment_status":"","ping_status":"","sticky":false,"template":"","format":"standard","meta":{"footnotes":""},"categories":[5],"tags":[17,18,987,25,24,22957,13,14,11,5229,13004,19,20,56086,53339,14236,9,10,15,16,795,58026,23,12,4350,21,22,5867],"class_list":{"0":"post-318191","1":"post","2":"type-post","3":"status-publish","4":"format-standard","5":"has-post-thumbnail","7":"category-titulares","8":"tag-breaking-news","9":"tag-breakingnews","10":"tag-despues","11":"tag-es","12":"tag-espana","13":"tag-estacion","14":"tag-featured-news","15":"tag-featurednews","16":"tag-headlines","17":"tag-historica","18":"tag-justo","19":"tag-latest-news","20":"tag-latestnews","21":"tag-mamdani","22":"tag-medianoche","23":"tag-metro","24":"tag-news","25":"tag-noticias","26":"tag-noticias-destacadas","27":"tag-noticiasdestacadas","28":"tag-nueva","29":"tag-posesion","30":"tag-spain","31":"tag-titulares","32":"tag-toma","33":"tag-ultimas-noticias","34":"tag-ultimasnoticias","35":"tag-york"},"share_on_mastodon":{"url":"https:\/\/pubeurope.com\/@es\/115822606547836379","error":""},"_links":{"self":[{"href":"https:\/\/www.europesays.com\/es\/wp-json\/wp\/v2\/posts\/318191","targetHints":{"allow":["GET"]}}],"collection":[{"href":"https:\/\/www.europesays.com\/es\/wp-json\/wp\/v2\/posts"}],"about":[{"href":"https:\/\/www.europesays.com\/es\/wp-json\/wp\/v2\/types\/post"}],"author":[{"embeddable":true,"href":"https:\/\/www.europesays.com\/es\/wp-json\/wp\/v2\/users\/2"}],"replies":[{"embeddable":true,"href":"https:\/\/www.europesays.com\/es\/wp-json\/wp\/v2\/comments?post=318191"}],"version-history":[{"count":0,"href":"https:\/\/www.europesays.com\/es\/wp-json\/wp\/v2\/posts\/318191\/revisions"}],"wp:featuredmedia":[{"embeddable":true,"href":"https:\/\/www.europesays.com\/es\/wp-json\/wp\/v2\/media\/318192"}],"wp:attachment":[{"href":"https:\/\/www.europesays.com\/es\/wp-json\/wp\/v2\/media?parent=318191"}],"wp:term":[{"taxonomy":"category","embeddable":true,"href":"https:\/\/www.europesays.com\/es\/wp-json\/wp\/v2\/categories?post=318191"},{"taxonomy":"post_tag","embeddable":true,"href":"https:\/\/www.europesays.com\/es\/wp-json\/wp\/v2\/tags?post=318191"}],"curies":[{"name":"wp","href":"https:\/\/api.w.org\/{rel}","templated":true}]}}