{"id":318195,"date":"2026-01-02T00:18:11","date_gmt":"2026-01-02T00:18:11","guid":{"rendered":"https:\/\/www.europesays.com\/es\/318195\/"},"modified":"2026-01-02T00:18:11","modified_gmt":"2026-01-02T00:18:11","slug":"el-espanol-ndiaye-despedido-de-la-nba-en-nochevieja-tras-anunciarse-su-grave-lesion","status":"publish","type":"post","link":"https:\/\/www.europesays.com\/es\/318195\/","title":{"rendered":"El espa\u00f1ol Ndiaye, despedido de la NBA en nochevieja tras anunciarse su grave lesi\u00f3n"},"content":{"rendered":"<p class=\"ft-text\">El 31 de diciembre es generalmente un d\u00eda de celebraci\u00f3n. En la NBA, es un d\u00eda de competici\u00f3n, y tambi\u00e9n decisiones. Los <strong>Atlanta Hawks<\/strong> anunciaron, esta pasada Nochevieja, el corte del ala-p\u00edvot espa\u00f1ol <strong>Eli John Ndiaye<\/strong>.<\/p>\n<p class=\"ft-text\">El senegal\u00e9s ten\u00eda un<strong> contrato &#8216;two-way&#8217; con la franquicia de Georgia<\/strong>, aunque estaba en din\u00e1mica de su equipo filial en la<strong> G-League<\/strong>, los <strong>College Park Skyhawks<\/strong>, y <strong>no lleg\u00f3 a debutar con el primer equipo<\/strong>. <a class=\"ft-link ft-link--decoration\" href=\"https:\/\/www.sport.es\/es\/noticias\/baloncesto\/eli-ndiaye-espanol-ex-real-125042455\" rel=\"nofollow noopener\" target=\"_blank\"><strong>Ndiaye sufri\u00f3, este mes de diciembre, una grave lesi\u00f3n en el hombro\u00a0que le oblig\u00f3 a tener que pasar por quir\u00f3fano<\/strong><\/a><strong> y ser baja lo que resta de temporada.<\/strong><\/p>\n<p class=\"ft-text\">Ex del Real Madrid, con \u00a021 a\u00f1os y con 2,04 metros, dio el salto a los Estados Unidos este verano tras formarse en la cantera del equipo merengue desde los 13 a\u00f1os. Ndiaye hab\u00eda disputado ya varios partidos con el primer equipo blanco y decidi\u00f3 dar el salto tras vencer su contrato.<\/p>\n<p class=\"ft-text\">\u00abEn mi \u00faltimo a\u00f1o habl\u00e9 con mi agente. Hab\u00eda muchas ofertas en Europa, pero quer\u00eda dar este paso y venir aqu\u00ed, a la NBA, para mejorar f\u00edsicamente y crecer en mi juego\u00bb, dec\u00eda recientemente en una entrevista con Gigantes del Basket. \u00abAtlanta me ofreci\u00f3 esta oportunidad y pens\u00e9: &#8216;\u00bfPor qu\u00e9 no?&#8217;. Vine para trabajar y preparar mi futuro. Espero que llegue mi momento\u00bb.<\/p>\n<p class=\"ft-text\">Esta temporada, en la G-League, hab\u00eda promediado unas estad\u00edsticas de\u00a0<strong>8,1 puntos, 6,9 rebotes, 1,4 asistencias y 26,2 minutos<\/strong>\u00a0en\u00a0<strong>nueve partidos jugados<\/strong>.<\/p>\n<p class=\"ft-text\">En su lugar, los Hawks han anunciado la contrataci\u00f3n de <strong>RayJ Dennis <\/strong>en otro contrato &#8216;two-way&#8217;.<\/p>\n","protected":false},"excerpt":{"rendered":"El 31 de diciembre es generalmente un d\u00eda de celebraci\u00f3n. En la NBA, es un d\u00eda de competici\u00f3n,&hellip;\n","protected":false},"author":2,"featured_media":301685,"comment_status":"","ping_status":"","sticky":false,"template":"","format":"standard","meta":{"footnotes":""},"categories":[269],"tags":[10253,299,298,168,25,24,74242,71491,1725,15766,23,167],"class_list":{"0":"post-318195","1":"post","2":"type-post","3":"status-publish","4":"format-standard","5":"has-post-thumbnail","7":"category-baloncesto","8":"tag-atlanta","9":"tag-baloncesto","10":"tag-basketball","11":"tag-deportes","12":"tag-es","13":"tag-espana","14":"tag-g-league","15":"tag-hawks","16":"tag-nba","17":"tag-ndiaye","18":"tag-spain","19":"tag-sports"},"share_on_mastodon":{"url":"https:\/\/pubeurope.com\/@es\/115822638105079522","error":""},"_links":{"self":[{"href":"https:\/\/www.europesays.com\/es\/wp-json\/wp\/v2\/posts\/318195","targetHints":{"allow":["GET"]}}],"collection":[{"href":"https:\/\/www.europesays.com\/es\/wp-json\/wp\/v2\/posts"}],"about":[{"href":"https:\/\/www.europesays.com\/es\/wp-json\/wp\/v2\/types\/post"}],"author":[{"embeddable":true,"href":"https:\/\/www.europesays.com\/es\/wp-json\/wp\/v2\/users\/2"}],"replies":[{"embeddable":true,"href":"https:\/\/www.europesays.com\/es\/wp-json\/wp\/v2\/comments?post=318195"}],"version-history":[{"count":0,"href":"https:\/\/www.europesays.com\/es\/wp-json\/wp\/v2\/posts\/318195\/revisions"}],"wp:featuredmedia":[{"embeddable":true,"href":"https:\/\/www.europesays.com\/es\/wp-json\/wp\/v2\/media\/301685"}],"wp:attachment":[{"href":"https:\/\/www.europesays.com\/es\/wp-json\/wp\/v2\/media?parent=318195"}],"wp:term":[{"taxonomy":"category","embeddable":true,"href":"https:\/\/www.europesays.com\/es\/wp-json\/wp\/v2\/categories?post=318195"},{"taxonomy":"post_tag","embeddable":true,"href":"https:\/\/www.europesays.com\/es\/wp-json\/wp\/v2\/tags?post=318195"}],"curies":[{"name":"wp","href":"https:\/\/api.w.org\/{rel}","templated":true}]}}