{"id":318210,"date":"2026-01-02T00:29:15","date_gmt":"2026-01-02T00:29:15","guid":{"rendered":"https:\/\/www.europesays.com\/es\/318210\/"},"modified":"2026-01-02T00:29:15","modified_gmt":"2026-01-02T00:29:15","slug":"samsung-no-subira-el-precio-de-sus-buques-insignia","status":"publish","type":"post","link":"https:\/\/www.europesays.com\/es\/318210\/","title":{"rendered":"Samsung no subir\u00e1 el precio de sus buques insignia"},"content":{"rendered":"<p>Sabemos que Samsung est\u00e1 preparando el lanzamiento de los Samsung Galaxy S26 y Samsung Galaxy S26 Ultra. Y con todo el aumento de los costes de la memoria RAM, todo apuntaba a que su precio iba a aumentar. Nada m\u00e1s lejos de la realidad<\/p>\n<p>S\u00ed, traemos buenas noticias: Samsung no subir\u00e1 el precio de sus buques insignia. Al menos eso es lo que apuntan las \u00faltimas informaciones procedentes de Corea del Sur y difundidas por fuentes habituales en el entorno de la marca.<\/p>\n<p>Samsung apuesta por contener precios en su gama alta<\/p>\n<p>Seg\u00fan estas informaciones, <b>Samsung ha optado por mantener sin cambios el precio de sus pr\u00f3ximos grandes lanzamientos, tanto en la gama Galaxy S como en sus plegables.<\/b> Esto implica que la serie Samsung Galaxy S26, as\u00ed como los futuros Samsung Galaxy Z Fold8 y Galaxy Z Flip8, llegar\u00e1n al mercado con tarifas similares a las de sus predecesores, sin subidas previstas para este a\u00f1o.<\/p>\n<p>La preocupaci\u00f3n en el mercado era muy real: la situaci\u00f3n actual invitaba a pensar que los Samsung Galaxy S26 y Galaxy S26 Ultra ser\u00edan m\u00e1s caros, ya no solo por el uso de nuevos componentes, sino por la <b>incre\u00edble subida que est\u00e1 teniendo la RAM a nivel mundial.<\/b><\/p>\n<p>Pero, aunque<b> los pr\u00f3ximos Galaxy S26 y los nuevos plegables llegar\u00e1n previsiblemente con mejoras sustanciales en rendimiento<\/b>, fotograf\u00eda, autonom\u00eda y funciones basadas en inteligencia artificial, Samsung pretende venderlos al mismo precio que el modelo anterior. De ser as\u00ed,<b> este ser\u00eda el precio de los Samsung Galaxy S26 en Espa\u00f1a, a<\/b>unque habr\u00e1 que esperar a que el fabricante lo confirme.<\/p>\n<ul>\n<li>Samsung Galaxy S26 de 128 GB. 909 euros.<\/li>\n<li>Samsung Galaxy S26 de 256 GB. 969 euros.<\/li>\n<li>Samsung Galaxy S26 de 512 GB. 1.079 euros.<\/li>\n<li>Samsung Galaxy S26+ de 256 GB. 1.159 euros.<\/li>\n<li>Samsung Galaxy S26+ de 512 GB. 1.279 euros.<\/li>\n<li>Samsung Galaxy S26 Ultra de 256 GB. 1.459 euros.<\/li>\n<li>Samsung Galaxy S26 Ultra de 512 GB. 1.579 euros.<\/li>\n<li>Samsung Galaxy S26 Ultra de 1 TB. 1.819 euros.<\/li>\n<\/ul>\n<p>La presentaci\u00f3n del Galaxy S26 ya tiene fecha y lugar<\/p>\n<p>Junto a la informaci\u00f3n sobre los precios, tambi\u00e9n se han conocido detalles clave sobre el calendario de lanzamiento.Y parece que <b>los Samsung Galaxy S26 Series ser\u00e1n presentados el pr\u00f3ximo 25 de febrero <\/b>en un evento que se celebrar\u00e1 en San Francisco, una ciudad que Samsung ya ha utilizado en anteriores ocasiones para sus anuncios m\u00e1s importantes.<\/p>\n<p>Tras la presentaci\u00f3n, el calendario apunta a una <b>comercializaci\u00f3n a comienzos de marzo de 2026, <\/b>por lo que muy pronto podremos comprar los Samsung Galaxy S26, Galaxy S26+ y Galaxy S26 Ultra en Europa.<\/p>\n<p>   <img decoding=\"async\" title=\"Con el m\u00f3vil en el coche\" alt=\"Con el m\u00f3vil en el coche\" width=\"480\" height=\"270\" src=\"https:\/\/www.europesays.com\/es\/wp-content\/uploads\/2026\/01\/1767313755_325_70.jpg\" loading=\"lazy\" class=\"lazy\"\/><\/p>\n","protected":false},"excerpt":{"rendered":"Sabemos que Samsung est\u00e1 preparando el lanzamiento de los Samsung Galaxy S26 y Samsung Galaxy S26 Ultra. Y&hellip;\n","protected":false},"author":2,"featured_media":318211,"comment_status":"","ping_status":"","sticky":false,"template":"","format":"standard","meta":{"footnotes":""},"categories":[81],"tags":[119,123,124,25,24,117,121,122,23,118,120],"class_list":{"0":"post-318210","1":"post","2":"type-post","3":"status-publish","4":"format-standard","5":"has-post-thumbnail","7":"category-ciencia-y-tecnologia","8":"tag-ciencia","9":"tag-ciencia-y-tecnologia","10":"tag-cienciaytecnologia","11":"tag-es","12":"tag-espana","13":"tag-science","14":"tag-science-and-technology","15":"tag-scienceandtechnology","16":"tag-spain","17":"tag-technology","18":"tag-tecnologia"},"share_on_mastodon":{"url":"https:\/\/pubeurope.com\/@es\/115822681569704678","error":""},"_links":{"self":[{"href":"https:\/\/www.europesays.com\/es\/wp-json\/wp\/v2\/posts\/318210","targetHints":{"allow":["GET"]}}],"collection":[{"href":"https:\/\/www.europesays.com\/es\/wp-json\/wp\/v2\/posts"}],"about":[{"href":"https:\/\/www.europesays.com\/es\/wp-json\/wp\/v2\/types\/post"}],"author":[{"embeddable":true,"href":"https:\/\/www.europesays.com\/es\/wp-json\/wp\/v2\/users\/2"}],"replies":[{"embeddable":true,"href":"https:\/\/www.europesays.com\/es\/wp-json\/wp\/v2\/comments?post=318210"}],"version-history":[{"count":0,"href":"https:\/\/www.europesays.com\/es\/wp-json\/wp\/v2\/posts\/318210\/revisions"}],"wp:featuredmedia":[{"embeddable":true,"href":"https:\/\/www.europesays.com\/es\/wp-json\/wp\/v2\/media\/318211"}],"wp:attachment":[{"href":"https:\/\/www.europesays.com\/es\/wp-json\/wp\/v2\/media?parent=318210"}],"wp:term":[{"taxonomy":"category","embeddable":true,"href":"https:\/\/www.europesays.com\/es\/wp-json\/wp\/v2\/categories?post=318210"},{"taxonomy":"post_tag","embeddable":true,"href":"https:\/\/www.europesays.com\/es\/wp-json\/wp\/v2\/tags?post=318210"}],"curies":[{"name":"wp","href":"https:\/\/api.w.org\/{rel}","templated":true}]}}