{"id":318212,"date":"2026-01-02T00:30:12","date_gmt":"2026-01-02T00:30:12","guid":{"rendered":"https:\/\/www.europesays.com\/es\/318212\/"},"modified":"2026-01-02T00:30:12","modified_gmt":"2026-01-02T00:30:12","slug":"gobierno-vasco-kutxabank-bbk-y-teknei-recompran-la-antigua-ibermatica-por-480-millones-al-filo-de-las-campanadas","status":"publish","type":"post","link":"https:\/\/www.europesays.com\/es\/318212\/","title":{"rendered":"Gobierno vasco, Kutxabank, BBK y Teknei recompran la antigua Iberm\u00e1tica por 480 millones al filo de las campanadas"},"content":{"rendered":"<p class=\"article-text\">\n        Bordeando el final de a\u00f1o -m\u00e1s all\u00e1 de las 23.00 horas del 31 de diciembre- y tambi\u00e9n el filo del l\u00edmite del plazo de exclusividad, la &#8216;cuadrilla&#8217; vasca conformada por el Gobierno vasco, Kutxabank y la principal pata del banco vasco, la fundaci\u00f3n BBK, han acordado finalmente la recompra de la divisi\u00f3n tecnol\u00f3gica de Ayesa, la antigua Iberm\u00e1tica, solamente tres a\u00f1os y medio despu\u00e9s de que fuera adquirida por la familia andaluza Manzanares a PROA Capital, a la ONCE o a la propia Kutxabank. La operaci\u00f3n de una compa\u00f1\u00eda que tiene unos 2.000 empleados en la comunidad aut\u00f3noma ronda los 480 millones y en su momento se esperaba que unos 77 proceder\u00edan de las arcas p\u00fablicas, del fondo de arraigo Finkatuz. El consejero Mikel Jauregi, cuyo tel\u00e9fono ha echado humo en las \u00faltimas horas, ha definido la operaci\u00f3n como \u201cestrat\u00e9gica\u201d y con ella redondea un a\u00f1o en que esa &#8216;cuadrilla&#8217;, como \u00e9l llama jocosamente al consorcio p\u00fablico-privado que acomete las inversiones, tambi\u00e9n ha tomado posiciones en otros negocios como Talgo, cuya sede ser\u00e1 trasladada de Madrid a \u00c1lava pr\u00f3ximamente, o Uvesco (BM y SuperAmara).\n    <\/p>\n<p>    <a href=\"https:\/\/www.eldiario.es\/euskadi\/ayesa-control-empresa-vasca-ibermatica_1_9263178.html\" data-mrf-recirculation=\"saber-mas\" data-dl-event=\"saber-mas\" rel=\"nofollow noopener\" target=\"_blank\"><\/p>\n<p class=\"know-more__title\">Ayesa se hace con el control de la empresa vasca Iberm\u00e1tica<\/p>\n<p>            <img decoding=\"async\" class=\"lazy\" loading=\"lazy\" data-src=\"https:\/\/static.eldiario.es\/clip\/2643e9dd-365f-4b58-b670-9853daff6eb3_16-9-aspect-ratio_default_0.jpg\" src=\"data:image\/svg+xml,%3Csvg xmlns=\" http:=\"\" viewbox=\"0 0 880 495\" alt=\"Ayesa se hace con el control de la empresa vasca Iberm\u00e1tica\"\/><\/p>\n<p>                        <\/a><\/p>\n<p class=\"article-text\">\n        Seg\u00fan los datos que se han hecho p\u00fablicos, Finkatuz (el instrumento financiero del Gobierno vasco), Indar Kartera (el de Kutxabank), la BBK y Teknei (socio tecnol\u00f3gico) comprar\u00e1n las participaciones de Ayesa IT, como se llama la divisi\u00f3n digital, a A&amp;M Capital Europe y a la familia Manzanares. Ahora bien, el consorcio vasco ha decidido \u201cmantener la confianza\u201d en Jos\u00e9 Luis Manzanares como CEO \u201chasta culminar la transici\u00f3n\u201d.\n    <\/p>\n<p class=\"article-text\">\n        El acuerdo se ir\u00e1 perfeccionando en los pr\u00f3ximos meses, cuando se complete el cambio accionarial. En ese tiempo, la intenci\u00f3n es que se sume otra de las patas de Kutxabank, la fundaci\u00f3n Vital, de \u00c1lava. Por el contrario, la guipuzcoana Kutxa ha considerado de \u201criesgo\u201d este movimiento y no aprecia su rentabilidad. Esto ha abierto una brecha pol\u00edtica porque las antiguas cajas de ahorros, que han vuelto a ponerse el traje inversor en los \u00faltimos meses, siguen bajo control pol\u00edtico. Las tres, BBK &#8211;<a href=\"https:\/\/www.eldiario.es\/euskadi\/pnv-coloca-exdiputado-general-bizkaia-unai-rementeria-frente-bbk-sustitucion-xabier-sagredo_1_12850408.html\" data-mrf-recirculation=\"links-noticia\" class=\"link\" rel=\"nofollow noopener\" target=\"_blank\">con el reci\u00e9n nombrado Unai Rementeria, exdiputado general de Bizkaia<\/a>-, Vital -con Jon Urresti- y Kutxa -Rafael Amasorrain- las lideran excargos del PNV y, de hecho, se explic\u00f3 que la decisi\u00f3n de Kutxa de no pujar por Iberm\u00e1tica, a pesar del peso de la compa\u00f1\u00eda en ese territorio, se tom\u00f3 tras una votaci\u00f3n interna con el &#8216;no&#8217; de los representantes nacionalistas y de Podemos, entre cr\u00edticas de EH Bildu, PSE-EE y PP.\n    <\/p>\n<p>            <img decoding=\"async\" class=\"lazy\" loading=\"lazy\" data-src=\"https:\/\/static.eldiario.es\/clip\/6167d950-4582-4092-a88d-7392fefc2779_16-9-discover-aspect-ratio_default_0.jpg\" src=\"data:image\/svg+xml,%3Csvg xmlns=\" http:=\"\" viewbox=\"0 0 1200 675\" alt=\"Sede de Ayesa -la antigua Iberm\u00e1tica- en Euskadi.\"\/><\/p>\n<p class=\"article-text\">\n        El PNV de Gipuzkoa lleva a\u00f1os operando con din\u00e1micas propias y el movimiento de Kutxa las ha vuelto a dejar entrever tras los recientes cambios internos con Mar\u00eda Eugenia Arrizabalaga al frente del GBB despu\u00e9s de las d\u00e9cadas de mandato de Joseba Egibar. Jauregi, el consejero del ramo, es guipuzcoano y del PNV, pero ha eludido entrar en el cuerpo a cuerpo con Kutxa. Su tesis es que en Euskadi en las cuadrillas son voluntarias y ha indicado que se han hecho \u201csiete operaciones en cinco a\u00f1os\u201d con Kutxa y que hay otras dos \u201cen marcha\u201d con su participaci\u00f3n.\n    <\/p>\n<p class=\"article-text\">\n        Quien s\u00ed entrar\u00eda en este movimiento es Teknei, una empresa que ha asesorado el proceso y que ha sido noticia recientemente por incorporar a la ex &#8216;n\u00famero dos&#8217; del PNV Mireia Zarate. Dice el Goberno que Teknei \u201ces una empresa l\u00edder en el sector tecnol\u00f3gico, radicada en Euskadi, especializada en consultor\u00eda, desarrollo de software y soluciones IT, IA y BPO\u201d. \u201cCon una facturaci\u00f3n estimada de 300 millones de euros en 2026, cuenta con presencia en varias ciudades de Espa\u00f1a, as\u00ed como en M\u00e9xico y Estados Unidos. Gracias a su s\u00f3lida trayectoria en los sectores de banca, seguros y administraci\u00f3n p\u00fablica, Teknei se ha posicionado como un referente en innovaci\u00f3n y en el desarrollo de soluciones para impulsar la transformaci\u00f3n digital de sus clientes. Su oferta abarca proyectos de Business Automation, Identidad Digital, Inteligencia Artificial y gesti\u00f3n y explotaci\u00f3n del dato, adem\u00e1s del despliegue de infraestructuras y la modernizaci\u00f3n de aplicaciones\u201d, se explica.\n    <\/p>\n<p class=\"article-text\">\n        <a href=\"https:\/\/www.eldiario.es\/euskadi\/ayesa-control-empresa-vasca-ibermatica_1_9263178.html\" target=\"_blank\" data-mrf-recirculation=\"links-noticia\" class=\"link\" rel=\"nofollow noopener\">Ayesa compr\u00f3 Iberm\u00e1tica hace tres a\u00f1os<\/a>. En tiempos de desinversiones, Kutxabank sali\u00f3 con la toma de posiciones de la familia Manzanares. Pag\u00f3 entonces por la empresa vasca 160 millones. Ahora la oferta es del triple, pero es por toda la divisi\u00f3n tecnol\u00f3gica de Ayesa, Ayesa IT. En esta etapa, la denominaci\u00f3n comercial Iberm\u00e1tica ha desaparecido. Esta firma es de 1973 y fue una de las pioneras en el negocio inform\u00e1tico en Espa\u00f1a.\n    <\/p>\n<p class=\"article-text\">\n        \u201cDesde 2022, Ayesa Digital ha triplicado su facturaci\u00f3n, que supera los 569 millones de euros, y genera un &#8216;ebitda&#8217; de casi 50 millones de euros. Adem\u00e1s de en Euskadi, la compa\u00f1\u00eda opera en la pr\u00e1ctica totalidad del mercado nacional y cuenta con presencia permanente en Reino Unido, Estados Unidos, M\u00e9xico, Colombia, Per\u00fa y Chile\u201d, ha expuesto el Gobierno vasco sobre la operaci\u00f3n. Destaca tambi\u00e9n que ya mucho antes, en 2013, sali\u00f3 de Euskadi el centro de decisi\u00f3n, que regresar\u00e1 ahora como lo ha hecho el de Talgo, por ejemplo.\n    <\/p>\n<p class=\"article-text\">\n        \u201cEs la apuesta de Euskadi por uno de los mayores actores tecnol\u00f3gicos en un sector estrat\u00e9gico de alto crecimiento, como el de las soluciones digitales avanzadas, y abre un nuevo ciclo de crecimiento para consolidarlo como uno de los principales proveedores de servicios digitales en Europa. El nuevo grupo nace con el objetivo de impulsar la digitalizaci\u00f3n de empresas e instituciones, desarrollando capacidades en \u00e1reas estrat\u00e9gicas como inteligencia artificial, ciberseguridad, &#8216;cloud&#8217; o &#8216;quantum computing&#8217;. Es un sector que apuesta por la innovaci\u00f3n y la generaci\u00f3n\u00a0puestos de trabajo cualificados y de conocimiento avanzado\u201d, dice el Ejecutivo, que remarca que la compa\u00f1\u00eda tiene 2.000 empleados en la comunidad aut\u00f3noma.\n    <\/p>\n<p class=\"article-text\">\n        El consejero de Industria, Mikel Jauregi, cuya confirmaci\u00f3n de la noticia lleg\u00f3 a pocos minutos de las campanadas, el momento l\u00edmite fijado para cerrar la operaci\u00f3n antes de que otros inversores pudieran pujar tambi\u00e9n por la antigua Iberm\u00e1tica, bidi\u00f3 un \u201cbrindis\u201d con las uvas por el movimiento. \u201cHoy es un d\u00eda de celebraci\u00f3n. Hemos firmado el acuerdo de compra de Ayesa Digital. Hoy vuelve a casa una empresa nacida aqu\u00ed, en Donostia\u201d, expuso. Y agreg\u00f3: \u201cEste acuerdo da tranquilidad a los m\u00e1s de 2.000 trabajadores de Ayesa Digital en Euskadi y sus familias. Hemos quitado el cartel de &#8216;Se vende&#8217; y damos continuidad a estos puestos de trabajo. \u00c9stos son los puestos de trabajo de calidad que queremos crear para nuestras hijas e hijos, que es el coraz\u00f3n de nuestro plan de Industria\u201d. Jauregi remarc\u00f3, finalmente, que la &#8216;cuadrilla&#8217; queda \u201cabierta\u201d a nuevos socios, en referencia a la Vital.\n    <\/p>\n<p>    <a href=\"https:\/\/www.eldiario.es\/euskadi\/cuadrilla-inversora-devuelve-ibermatica-euskadi-abre-brecha-kutxa-pnv-gipuzkoa_1_12871983.html\" data-mrf-recirculation=\"saber-mas-abajo\" data-dl-event=\"saber-mas-abajo\" rel=\"nofollow noopener\" target=\"_blank\"><\/p>\n<p class=\"know-more__title\">La \u2018cuadrilla\u2019 inversora devuelve Iberm\u00e1tica a Euskadi&#8230; pero abre una brecha con la Kutxa y el PNV de Gipuzkoa<\/p>\n<p>            <img decoding=\"async\" class=\"lazy\" loading=\"lazy\" data-src=\"https:\/\/static.eldiario.es\/clip\/f0dfe508-1801-4c19-ac3b-bcb4673828c0_16-9-aspect-ratio_default_0.jpg\" src=\"data:image\/svg+xml,%3Csvg xmlns=\" http:=\"\" viewbox=\"0 0 880 495\" alt=\"La \u2018cuadrilla\u2019 inversora devuelve Iberm\u00e1tica a Euskadi... pero abre una brecha con la Kutxa y el PNV de Gipuzkoa\"\/><\/p>\n<p>                        <\/a><\/p>\n<p class=\"article-text\">\n        De su lado, el consejero de Hacienda, No\u00ebl D&#8217;Anjou, tambi\u00e9n del PNV y tambi\u00e9n guipuzcoano, se ha congratulado de que \u201cesta adquisici\u00f3n para el arraigo y crecimiento de una empresa l\u00edder en su sector es otro ejemplo m\u00e1s de lo que la Alianza Financiera Vasca puede conseguir uniendo nuestras fuerzas\u201d. \u201cEl nuevo grupo tecnol\u00f3gico est\u00e1 llamado a jugar un papel determinante en la transformaci\u00f3n de la industria y el desarrollo de la nueva econom\u00eda\u201d, sostiene Kutxabank, por su parte.\n    <\/p>\n<p>                    elDiario.es\/Euskadi<\/p>\n<p class=\"article-text\">\n        \u00bfNos sigues en redes sociales? elDiario.es\/Euskadi est\u00e1 en\u00a0<a href=\"https:\/\/bsky.app\/profile\/eldiarioeus.bsky.social\" target=\"_blank\" data-mrf-recirculation=\"links-noticia\" class=\"link\" rel=\"nofollow noopener\">Bluesky<\/a>,\u00a0<a href=\"https:\/\/twitter.com\/eldiarioeus\" target=\"_blank\" data-mrf-recirculation=\"links-noticia\" class=\"link\" rel=\"nofollow noopener\">X<\/a>\u00a0e\u00a0<a href=\"https:\/\/www.instagram.com\/eldiarioeus\/\" target=\"_blank\" data-mrf-recirculation=\"links-noticia\" class=\"link\" rel=\"nofollow noopener\">Instagram<\/a>. Y te enviamos alertas informativas por\u00a0<a href=\"https:\/\/telegram.me\/eldiarioeus\" target=\"_blank\" data-mrf-recirculation=\"links-noticia\" class=\"link\" rel=\"nofollow noopener\">Telegram<\/a>\u00a0y\u00a0<a href=\"https:\/\/www.whatsapp.com\/channel\/0029Va9Dx2MLNSZzLvNjNr3P\" target=\"_blank\" data-mrf-recirculation=\"links-noticia\" class=\"link\" rel=\"nofollow noopener\">WhatsApp<\/a>. Cada semana, te enviamos un bolet\u00edn a tu correo electr\u00f3nico. \u00a1<a href=\"https:\/\/usuarios.eldiario.es\/boletines?_gl=1*pa2ll6*_gcl_au*MTk0OTg1OTU2Mi4xNzMwMTk3MDYx*_ga*Njk1MjI5NDQyLjE3Mjk1MjAxNjg.*_ga_4RZPWREGF3*MTczNDE3ODQ5Ny4xMTYuMS4xNzM0MTc5OTEyLjEzLjAuMA..\" target=\"_blank\" data-mrf-recirculation=\"links-noticia\" class=\"link\" rel=\"nofollow noopener\">Ap\u00fantate<\/a>! Recuerda que puedes ser socio o socia de elDiario.es clicando en\u00a0<a href=\"https:\/\/usuarios.eldiario.es\/hazte_socio\/?utm_source=euskadi&amp;utm_campaign=eell&amp;utm_medium=all&amp;mc_cid=f16fc896fb&amp;mc_eid=05624d2e2d\" target=\"_blank\" data-mrf-recirculation=\"links-noticia\" class=\"link\" rel=\"nofollow noopener\">este enlace<\/a>. Y, para m\u00e1s informaci\u00f3n, puedes llamar o escribirnos al\u00a0625 88 87 80.\n    <\/p>\n<p>                                    <script async src=\"https:\/\/platform.twitter.com\/widgets.js\" charset=\"utf-8\"><\/script><script async src=\"\/\/www.instagram.com\/embed.js\"><\/script><\/p>\n","protected":false},"excerpt":{"rendered":"Bordeando el final de a\u00f1o -m\u00e1s all\u00e1 de las 23.00 horas del 31 de diciembre- y tambi\u00e9n el&hellip;\n","protected":false},"author":2,"featured_media":318213,"comment_status":"","ping_status":"","sticky":false,"template":"","format":"standard","meta":{"footnotes":""},"categories":[80],"tags":[517,3935,14300,14314,3285,14302,2601,4144,14316,82,14313,767,1349,95,94,2026,13451,14315,1813,3854,14299,14298,14307,12226,14318,6246,25,24,5691,14308,4910,3705,3978,6927,12252,1982,2178,14297,14317,7600,11701,14311,14312,14305,14303,6115,264,14304,952,14310,14309,14306,14301,3905,492,23,7192,2177],"class_list":{"0":"post-318212","1":"post","2":"type-post","3":"status-publish","4":"format-standard","5":"has-post-thumbnail","7":"category-economia","8":"tag-actualidad","9":"tag-alava","10":"tag-andar-en-bici","11":"tag-barakaldo","12":"tag-bbva","13":"tag-belen-ferreras","14":"tag-bilbao","15":"tag-bizkaia","16":"tag-brands","17":"tag-business","18":"tag-caso-de-miguel","19":"tag-corrupcion","20":"tag-donostia","21":"tag-economia","22":"tag-economy","23":"tag-educacion","24":"tag-eh-bildu","25":"tag-eibar","26":"tag-ela","27":"tag-eldiario-es","28":"tag-eldiario-es-euskadi","29":"tag-eldiario-eus","30":"tag-eldiarionorte-es","31":"tag-emergencia-climatica","32":"tag-eroski","33":"tag-ertzaintza","34":"tag-es","35":"tag-espana","36":"tag-euskadi","37":"tag-euskal-herria","38":"tag-feminismo","39":"tag-gernika","40":"tag-getxo","41":"tag-gipuzkoa","42":"tag-hondarribia","43":"tag-ignacio-escolar","44":"tag-igualdad","45":"tag-iker-rioja-andueza","46":"tag-imanol-pradales","47":"tag-irun","48":"tag-kutxabank","49":"tag-lab","50":"tag-lanbide","51":"tag-maialen-ferreira","52":"tag-montai","53":"tag-osakidetza","54":"tag-pais-vasco","55":"tag-pnv","56":"tag-politica","57":"tag-pp-vasco","58":"tag-pse-ee","59":"tag-rodrigo-saiz","60":"tag-ruben-pereda","61":"tag-sindicatos","62":"tag-sociedad","63":"tag-spain","64":"tag-upv-ehu","65":"tag-vitoria"},"share_on_mastodon":{"url":"","error":"Validation failed: Text character limit of 500 exceeded"},"_links":{"self":[{"href":"https:\/\/www.europesays.com\/es\/wp-json\/wp\/v2\/posts\/318212","targetHints":{"allow":["GET"]}}],"collection":[{"href":"https:\/\/www.europesays.com\/es\/wp-json\/wp\/v2\/posts"}],"about":[{"href":"https:\/\/www.europesays.com\/es\/wp-json\/wp\/v2\/types\/post"}],"author":[{"embeddable":true,"href":"https:\/\/www.europesays.com\/es\/wp-json\/wp\/v2\/users\/2"}],"replies":[{"embeddable":true,"href":"https:\/\/www.europesays.com\/es\/wp-json\/wp\/v2\/comments?post=318212"}],"version-history":[{"count":0,"href":"https:\/\/www.europesays.com\/es\/wp-json\/wp\/v2\/posts\/318212\/revisions"}],"wp:featuredmedia":[{"embeddable":true,"href":"https:\/\/www.europesays.com\/es\/wp-json\/wp\/v2\/media\/318213"}],"wp:attachment":[{"href":"https:\/\/www.europesays.com\/es\/wp-json\/wp\/v2\/media?parent=318212"}],"wp:term":[{"taxonomy":"category","embeddable":true,"href":"https:\/\/www.europesays.com\/es\/wp-json\/wp\/v2\/categories?post=318212"},{"taxonomy":"post_tag","embeddable":true,"href":"https:\/\/www.europesays.com\/es\/wp-json\/wp\/v2\/tags?post=318212"}],"curies":[{"name":"wp","href":"https:\/\/api.w.org\/{rel}","templated":true}]}}