{"id":318223,"date":"2026-01-02T00:42:12","date_gmt":"2026-01-02T00:42:12","guid":{"rendered":"https:\/\/www.europesays.com\/es\/318223\/"},"modified":"2026-01-02T00:42:12","modified_gmt":"2026-01-02T00:42:12","slug":"isco-en-el-podio-de-maximos-asistentes-de-laliga-en-2025-pese-a-jugar-solo-20-partidos","status":"publish","type":"post","link":"https:\/\/www.europesays.com\/es\/318223\/","title":{"rendered":"Isco, en el podio de m\u00e1ximos asistentes de LaLiga en 2025 pese a jugar s\u00f3lo 20 partidos"},"content":{"rendered":"<p style=\"\">Es un dato m\u00e1s que muestra la magnitud de lo que significa dentro del campo Isco Alarc\u00f3n para el Betis. Y es que en el a\u00f1o 2025 que acabamos de despedir, el capit\u00e1n del primer equipo verdiblanco se col\u00f3 en el podio de m\u00e1ximos asistentes  &#8230; de LaLiga. Y lo que m\u00e1s destaca es que lo fue siendo el que menos partidos jug\u00f3 de los tres futbolistas de todo el campeonato espa\u00f1ol que dio m\u00e1s pases de gol durante los encuentros del \u00faltimo a\u00f1o natural.<\/p>\n<p class=\"voc-p\" style=\"\">El de Arroyo de la Miel dio nueve asistencias, como Vinicius, pero el &#8217;22&#8217; del Betis jug\u00f3 por las lesiones tan s\u00f3lo 20 encuentros por los 34 del atacante brasile\u00f1o del Real Madrid, que estuvo pr\u00e1cticamente siempre a las \u00f3rdenes de Ancelotti y ahora de Xabi Alonso. Encabeza esta clasificaci\u00f3n que ha hecho @laligaendirecto Lamine Yamal, con once pases de gol en 33 encuentros disputados a las \u00f3rdenes de Hansi Flick.<\/p>\n<blockquote class=\"twitter-tweet\">\n<p lang=\"es\" dir=\"ltr\"><a href=\"https:\/\/twitter.com\/hashtag\/DATO?src=hash&amp;ref_src=twsrc%5Etfw\" rel=\"nofollow noopener\" target=\"_blank\">#DATO<\/a> \u00a1Acaba 2025!<\/p>\n<p>Jugadores con m\u00e1s asistencias en LaLiga en 2025:<\/p>\n<p>[11] Lamine Yamal (en 33 partidos)<br \/>[09] Isco Alarc\u00f3n (en 20 partidos) y Vin\u00edcius (en 34 partidos) <a href=\"https:\/\/t.co\/xNqqy6iAIM\" rel=\"nofollow\">pic.twitter.com\/xNqqy6iAIM<\/a><\/p>\n<p>\u2014 Fran Mart\u00ednez (@LaLigaenDirecto) <a href=\"https:\/\/twitter.com\/LaLigaenDirecto\/status\/2006432669475958825?ref_src=twsrc%5Etfw\" rel=\"nofollow noopener\" target=\"_blank\">December 31, 2025<\/a><\/p><\/blockquote>\n<p class=\"voc-p\" style=\"\">Y es que, Isco, que volvi\u00f3 a jugar con el Betis en diciembre de 2024 tras la lesi\u00f3n que sufri\u00f3 en el peron\u00e9 en Las Palmas en el tramo final de la temporada 23-24, su primera en Heli\u00f3polis, disput\u00f3 19 partidos de LaLiga en la segunda vuelta del curso 24-25 y, despu\u00e9s de finalizar esa campa\u00f1a totalmente recuperado, de haber vuelto incluso a la selecci\u00f3n espa\u00f1ola para jugar la fase final de la UEFA Nations League, cay\u00f3 de nuevo gravemente lesionado en M\u00e1laga en el \u00faltimo encuentro de la pretemporada 25-26 en el mes de agosto. <\/p>\n<p class=\"voc-p\" style=\"\">En la presente campa\u00f1a 25-26, antes de que finalizara 2025, el Betis ha jugado 17 encuentros de LaLiga de los que Isco s\u00f3lo pudo participar en uno, frente al Girona el 23 de noviembre, el d\u00eda que se anunci\u00f3 su renovaci\u00f3n hasta el 2028. Cuatro d\u00edas m\u00e1s tarde, en la Europa League frente al Utrecht y tras un desafortunado choque con su compa\u00f1ero Amrabat, volvi\u00f3 a caer lesionado, en esta ocasi\u00f3n con da\u00f1o en el tobillo derecho.<\/p>\n<p><script async src=\"https:\/\/platform.twitter.com\/widgets.js\" charset=\"utf-8\"><\/script><\/p>\n","protected":false},"excerpt":{"rendered":"Es un dato m\u00e1s que muestra la magnitud de lo que significa dentro del campo Isco Alarc\u00f3n para&hellip;\n","protected":false},"author":2,"featured_media":318224,"comment_status":"","ping_status":"","sticky":false,"template":"","format":"standard","meta":{"footnotes":""},"categories":[268],"tags":[45,12068,168,25,24,280,282,18527,7532,288,11039,6758,5007,22058,281,1138,23,167],"class_list":{"0":"post-318223","1":"post","2":"type-post","3":"status-publish","4":"format-standard","5":"has-post-thumbnail","7":"category-futbol","8":"tag-45","9":"tag-asistentes","10":"tag-deportes","11":"tag-es","12":"tag-espana","13":"tag-football","14":"tag-futbol","15":"tag-isco","16":"tag-jugar","17":"tag-laliga","18":"tag-maximos","19":"tag-partidos","20":"tag-pese","21":"tag-podio","22":"tag-soccer","23":"tag-solo","24":"tag-spain","25":"tag-sports"},"share_on_mastodon":{"url":"https:\/\/pubeurope.com\/@es\/115822732521313148","error":""},"_links":{"self":[{"href":"https:\/\/www.europesays.com\/es\/wp-json\/wp\/v2\/posts\/318223","targetHints":{"allow":["GET"]}}],"collection":[{"href":"https:\/\/www.europesays.com\/es\/wp-json\/wp\/v2\/posts"}],"about":[{"href":"https:\/\/www.europesays.com\/es\/wp-json\/wp\/v2\/types\/post"}],"author":[{"embeddable":true,"href":"https:\/\/www.europesays.com\/es\/wp-json\/wp\/v2\/users\/2"}],"replies":[{"embeddable":true,"href":"https:\/\/www.europesays.com\/es\/wp-json\/wp\/v2\/comments?post=318223"}],"version-history":[{"count":0,"href":"https:\/\/www.europesays.com\/es\/wp-json\/wp\/v2\/posts\/318223\/revisions"}],"wp:featuredmedia":[{"embeddable":true,"href":"https:\/\/www.europesays.com\/es\/wp-json\/wp\/v2\/media\/318224"}],"wp:attachment":[{"href":"https:\/\/www.europesays.com\/es\/wp-json\/wp\/v2\/media?parent=318223"}],"wp:term":[{"taxonomy":"category","embeddable":true,"href":"https:\/\/www.europesays.com\/es\/wp-json\/wp\/v2\/categories?post=318223"},{"taxonomy":"post_tag","embeddable":true,"href":"https:\/\/www.europesays.com\/es\/wp-json\/wp\/v2\/tags?post=318223"}],"curies":[{"name":"wp","href":"https:\/\/api.w.org\/{rel}","templated":true}]}}