{"id":31824,"date":"2025-08-07T15:07:06","date_gmt":"2025-08-07T15:07:06","guid":{"rendered":"https:\/\/www.europesays.com\/es\/31824\/"},"modified":"2025-08-07T15:07:06","modified_gmt":"2025-08-07T15:07:06","slug":"el-gabinete-de-seguridad-de-israel-debate-este-jueves-los-planes-de-guerra-en-gaza","status":"publish","type":"post","link":"https:\/\/www.europesays.com\/es\/31824\/","title":{"rendered":"El gabinete de seguridad de Israel debate este jueves los planes de guerra en Gaza"},"content":{"rendered":"<p>    <img src=\"https:\/\/www.europesays.com\/es\/wp-content\/uploads\/2025\/08\/68z44cu-item01-ipad-89799246.jpg\" width=\"1024\" height=\"682\" alt=\"\" loading=\"eager\" decoding=\"sync\" fetchpriority=\"high\"\/><\/p>\n<p>            afp_tickers        <\/p>\n<p>        Este contenido fue publicado en    <\/p>\n<p>        07 agosto 2025 &#8211; 16:31\n<\/p>\n<p>El gabinete de seguridad de Israel se reunir\u00e1 este \u00a0jueves para debatir sus planes militares en Gaza, en un contexto de creciente presi\u00f3n internacional por la grave situaci\u00f3n humanitaria del territorio palestino.<\/p>\n<p>Un funcionario del gobierno israel\u00ed dijo a AFP que la reuni\u00f3n comenzar\u00eda hacia las 15h00 GMT.<\/p>\n<p>Seg\u00fan medios israel\u00edes, el primer ministro Benjamin Netanyahu buscar\u00e1 ampliar las operaciones militares, incluso en zonas densamente pobladas donde se cree que hay rehenes retenidos.<\/p>\n<p>Israel est\u00e1 bajo presi\u00f3n internacional y las agencias de la ONU advierten de una hambruna en el territorio devastado.<\/p>\n<p>En paralelo la preocupaci\u00f3n entre los israel\u00edes por el destino de los rehenes que a\u00fan permanecen cautivos sigue aumentando y algunos de sus familiares zarparon el jueves desde el puerto de Ascal\u00f3n con la intenci\u00f3n de acercarse a la Franja de Gaza, en una acci\u00f3n de protesta.<\/p>\n<p>Los organizadores dijeron que esperaban \u00abacercarse lo m\u00e1ximo posible a sus seres queridos\u00bb.<\/p>\n<p>Antes de la reuni\u00f3n del jueves, la prensa israel\u00ed habl\u00f3 de desacuerdos entre el gabinete y el jefe del Estado Mayor, Eyal Zamir, quien se opondr\u00eda a los planes de reocupar completamente Gaza.<\/p>\n<p>De los 251 rehenes capturados durante el ataque de Ham\u00e1s de octubre de 2023, 49 siguen retenidos en Gaza, incluidos 27 que, seg\u00fan el ej\u00e9rcito, han muerto.<\/p>\n<p>str-mib-ds\/pc\/mb<\/p>\n","protected":false},"excerpt":{"rendered":"afp_tickers Este contenido fue publicado en 07 agosto 2025 &#8211; 16:31 El gabinete de seguridad de Israel se&hellip;\n","protected":false},"author":2,"featured_media":31825,"comment_status":"","ping_status":"","sticky":false,"template":"","format":"standard","meta":{"footnotes":""},"categories":[42],"tags":[635,17,18,636,13,14,11,61,62,63,64,19,20,9,10,15,16,90,12,21,22,65,66,67],"class_list":{"0":"post-31824","1":"post","2":"type-post","3":"status-publish","4":"format-standard","5":"has-post-thumbnail","7":"category-internacional","8":"tag-armed-conflict","9":"tag-breaking-news","10":"tag-breakingnews","11":"tag-conflict","12":"tag-featured-news","13":"tag-featurednews","14":"tag-headlines","15":"tag-internacional","16":"tag-international","17":"tag-international-news","18":"tag-internationalnews","19":"tag-latest-news","20":"tag-latestnews","21":"tag-news","22":"tag-noticias","23":"tag-noticias-destacadas","24":"tag-noticiasdestacadas","25":"tag-ticker","26":"tag-titulares","27":"tag-ultimas-noticias","28":"tag-ultimasnoticias","29":"tag-world","30":"tag-world-news","31":"tag-worldnews"},"share_on_mastodon":{"url":"","error":""},"_links":{"self":[{"href":"https:\/\/www.europesays.com\/es\/wp-json\/wp\/v2\/posts\/31824","targetHints":{"allow":["GET"]}}],"collection":[{"href":"https:\/\/www.europesays.com\/es\/wp-json\/wp\/v2\/posts"}],"about":[{"href":"https:\/\/www.europesays.com\/es\/wp-json\/wp\/v2\/types\/post"}],"author":[{"embeddable":true,"href":"https:\/\/www.europesays.com\/es\/wp-json\/wp\/v2\/users\/2"}],"replies":[{"embeddable":true,"href":"https:\/\/www.europesays.com\/es\/wp-json\/wp\/v2\/comments?post=31824"}],"version-history":[{"count":0,"href":"https:\/\/www.europesays.com\/es\/wp-json\/wp\/v2\/posts\/31824\/revisions"}],"wp:featuredmedia":[{"embeddable":true,"href":"https:\/\/www.europesays.com\/es\/wp-json\/wp\/v2\/media\/31825"}],"wp:attachment":[{"href":"https:\/\/www.europesays.com\/es\/wp-json\/wp\/v2\/media?parent=31824"}],"wp:term":[{"taxonomy":"category","embeddable":true,"href":"https:\/\/www.europesays.com\/es\/wp-json\/wp\/v2\/categories?post=31824"},{"taxonomy":"post_tag","embeddable":true,"href":"https:\/\/www.europesays.com\/es\/wp-json\/wp\/v2\/tags?post=31824"}],"curies":[{"name":"wp","href":"https:\/\/api.w.org\/{rel}","templated":true}]}}