{"id":318244,"date":"2026-01-02T00:55:57","date_gmt":"2026-01-02T00:55:57","guid":{"rendered":"https:\/\/www.europesays.com\/es\/318244\/"},"modified":"2026-01-02T00:55:57","modified_gmt":"2026-01-02T00:55:57","slug":"el-peor-golpe-de-la-violencia-machista-en-2025-46-mujeres-y-tres-menores-asesinados-sociedad","status":"publish","type":"post","link":"https:\/\/www.europesays.com\/es\/318244\/","title":{"rendered":"El peor golpe de la violencia machista en 2025: 46 mujeres y tres menores asesinados | Sociedad"},"content":{"rendered":"<p class=\"\">Dolores ten\u00eda 86 a\u00f1os cuando su marido, de 90, la asesin\u00f3. El pasado julio, la encontraron en la cama de su casa, en un pueblo de Asturias, con fuertes golpes en la cabeza y cortes por el cuerpo. Tres meses despu\u00e9s, en la otra punta del pa\u00eds (Librilla, Murcia), un hombre de 27 a\u00f1os mat\u00f3 a Ainhoa, su novia, de solo 19. Son las v\u00edctimas de mayor y de menor edad de las 46 mujeres que en 2025 fueron asesinadas por sus parejas o exparejas. Cinco de los asesinos se suicidaron. Todos los dem\u00e1s agresores fueron detenidos. Ni el agresor de Dolores ni el de Ainhoa ten\u00edan denuncias previas por violencia machista, como ocurre en tres<b> <\/b>de cada cuatro casos. A estos cr\u00edmenes se suman tambi\u00e9n las de tres ni\u00f1os, asesinados por sus propios padres o por parejas o exparejas de sus madres, con el objetivo de infligir da\u00f1o y sufrimiento a estas mujeres y a sus familias. <\/p>\n<p class=\"\">La cifra va creciendo dolorosamente a\u00f1o a a\u00f1o. Desde 2003, cuando el Gobierno comenz\u00f3 a elaborar la <a href=\"https:\/\/violenciagenero.igualdad.gob.es\/violenciaEnCifras\/victimasMortales\/fichaMujeres\/\" rel=\"nofollow noopener\" target=\"_blank\">estad\u00edstica oficial<\/a>, ya son 1.341 las mujeres asesinadas. Y desde 2013, cuando los menores fueron reconocidos como v\u00edctimas de la violencia vicaria de g\u00e9nero, han sido asesinados 65 ni\u00f1os y 504 menores han quedado hu\u00e9rfanos.<\/p>\n<p class=\"\">Pese a la gravedad de los datos, 2025 fue el a\u00f1o con menos v\u00edctimas mortales desde que hay registros. Tres menos que en 2024, cuando se cumplieron dos d\u00e9cadas de la entrada en vigor de la ley que penaliz\u00f3 la violencia machista y cuando fueron asesinadas 49 mujeres y nueve ni\u00f1os, la cifra m\u00e1s alta de menores asesinados en la serie hist\u00f3rica, junto con 2015. Para Miguel Lorente, exdelegado del Gobierno contra la Violencia de G\u00e9nero, el an\u00e1lisis interanual resulta menos revelador que el an\u00e1lisis a largo plazo: al comparar los 10 primeros a\u00f1os frente a los 10 \u00faltimos, se observa \u201cuna reducci\u00f3n del 19% en el n\u00famero de homicidios\u201d. <\/p>\n<p class=\"\">Seg\u00fan el tambi\u00e9n profesor de Medicina Legal en la Universidad de Granada, esta reducci\u00f3n refleja una \u201cmayor conciencia social, tanto de las propias mujeres como de su entorno\u201d, que ha contribuido a interrumpir situaciones que podr\u00edan haber terminado en homicidio. Este cambio, seg\u00fan el exdelegado, se explica por las campa\u00f1as de concienciaci\u00f3n, las medidas normativas e institucionales y una mayor informaci\u00f3n sobre los mecanismos de denuncia. Sin embargo, matiza Lorente, crece el negacionismo, fogueado por la polarizaci\u00f3n social. \u201cUna reacci\u00f3n machista que reivindica el papel de los hombres y sostiene que las mujeres denuncian falsamente\u201d, seg\u00fan el especialista. Esta din\u00e1mica, explica, tiene un doble efecto: genera desconfianza en las mujeres hacia el sistema de protecci\u00f3n y reduce el rechazo social que perciben los agresores.<\/p>\n<p class=\"\">La <a href=\"https:\/\/elpais.com\/sociedad\/2024-11-24\/lucia-aviles-jueza-especializada-en-violencia-de-genero-es-un-reto-que-las-victimas-se-sientan-creidas.html\" rel=\"nofollow noopener\" target=\"_blank\">magistrada Luc\u00eda Avil\u00e9s, especializada en violencia de g\u00e9nero<\/a>, considera que, para impedir los asesinatos, \u201cla primera apuesta no debe ser judicial\u201d y resalta la importancia de la prevenci\u00f3n. \u201cUn elemento que atraviesa casi siempre a las v\u00edctimas de violencia de g\u00e9nero es la dependencia econ\u00f3mica del victimario, que impide que puedan salir del ciclo de la violencia\u201d, explica la jueza. Y destaca: \u201cCreo que la violencia econ\u00f3mica es una de las prioridades, que se debe atajar, se debe regular y se debe penalizar\u201d. Una vez que las afectadas acceden al \u00e1mbito judicial, Avil\u00e9s recomienda \u201cseguir potenciando todas las medidas de protecci\u00f3n de mujeres, ni\u00f1as, ni\u00f1os y adolescentes, sobre todo para la detecci\u00f3n precoz del riesgo\u201d.<\/p>\n<p class=\"\">La cadena de protecci\u00f3n fall\u00f3 en el caso de <a href=\"https:\/\/elpais.com\/sociedad\/2025-10-22\/poca-proteccion-y-ordenes-de-alejamiento-rotas-que-fallo-en-el-caso-de-martha-y-su-bebe.html\" rel=\"nofollow noopener\" target=\"_blank\">Martha, que ten\u00eda 21 a\u00f1os<\/a> cuando su expareja, de 30, la asesin\u00f3. Fue el 20 de octubre en Madrid. El hombre la apu\u00f1al\u00f3 delante de la hija de ambos, de apenas 16 meses. La mujer lo hab\u00eda denunciado en varias ocasiones y, pese a que el agresor ten\u00eda en vigor una orden de alejamiento que hab\u00eda quebrantado en, al menos, cuatro ocasiones, en el sistema VioG\u00e9n su nivel de riesgo figuraba como \u201cbajo\u201d. Lorente insiste en la necesidad de mejorar el sistema de valoraci\u00f3n del riesgo, incorporando de manera sistem\u00e1tica la participaci\u00f3n de profesionales forenses y psic\u00f3logos.<\/p>\n<p class=\"\">Lorente tambi\u00e9n considera que es imprescindible reforzar los mecanismos de detecci\u00f3n temprana y cree que el espacio clave para hacerlo es el sistema sanitario, al que llegan pr\u00e1cticamente todas las mujeres que sufren violencia. Para este especialista, se debe generalizar un sistema de cribado que ya han implantado algunos hospitales para \u201cdetectar la violencia y canalizar una respuesta adecuada\u201d. En un 78% de los casos de 2025, el agresor no contaba con denuncias previas por maltratos contra la v\u00edctima mortal.<b> <\/b>Las <a href=\"https:\/\/elpais.com\/sociedad\/2020\/01\/23\/actualidad\/1579790594_798813.html\" rel=\"nofollow noopener\" target=\"_blank\">mayores de 65 a\u00f1os son las que menos denuncian<\/a>. \u201cA pesar de estos 20 a\u00f1os de ley, las instituciones no est\u00e1n llegando a las mujeres maltratadas. Estamos permitiendo que ellas lleguen a las instituciones, pero no al rev\u00e9s\u201d, advierte el profesor. <\/p>\n<p class=\"\">El sistema tambi\u00e9n falla cuando las que s\u00ed denuncian no reciben la protecci\u00f3n adecuada. Para el exdelegado, hay que mejorar la respuesta \u201ccon dispositivos GPS y las pulseras antimaltrato, que deber\u00edan utilizarse m\u00e1s\u201d. A pesar de los <a href=\"https:\/\/elpais.com\/sociedad\/2025-09-17\/fallos-en-el-sistema-de-las-pulseras-antimaltrato-han-provocado-una-gran-cantidad-de-sobreseimientos-y-absoluciones-de-agresores.html\" target=\"_blank\" rel=\"noreferrer nofollow noopener\" title=\"https:\/\/elpais.com\/sociedad\/2025-09-17\/fallos-en-el-sistema-de-las-pulseras-antimaltrato-han-provocado-una-gran-cantidad-de-sobreseimientos-y-absoluciones-de-agresores.html\">fallos detectados este a\u00f1o en algunos de estos dispositivos<\/a>, Lorente defiende el sistema. Aunque considera que debe ser mejorado y ampliado, ya que \u201cno es perfecto\u201d, subraya que pese a las incidencias, \u201cno ha habido casos en que se haya producido un homicidio o una agresi\u00f3n\u201d. <\/p>\n<p>Las cifras de la violencia<\/p>\n<p class=\"\">Como Dolores, Ainhoa y Martha, 27 de las v\u00edctimas mortales eran espa\u00f1olas (casi el 60%), el mismo n\u00famero que los presuntos agresores. Cinco de los 46 se suicidaron despu\u00e9s del crimen y nueve lo intentaron, pero no lo lograron. Todos los agresores que sobrevivieron fueron detenidos en el momento de los hechos o tras descubrirse su autor\u00eda.<\/p>\n<p class=\"\">Andaluc\u00eda fue la comunidad aut\u00f3noma con m\u00e1s casos, 14, el 30% de los asesinatos de 2025. Le siguen Catalu\u00f1a, con cinco; Madrid y la Comunidad Valenciana, con cuatro; Extremadura, con tres; Asturias, Canarias, Castilla-La Mancha, Galicia y Murcia, con dos, y Arag\u00f3n, Baleares, Castilla y Le\u00f3n, Navarra, Pa\u00eds Vasco y La Rioja, con uno. <\/p>\n<p class=\"\">La violencia machista presenta un patr\u00f3n estacional, con un repunte significativo durante los meses de verano. Junio fue el mes con mayor n\u00famero de v\u00edctimas en 2025, con ocho mujeres asesinadas y un menor. <a href=\"https:\/\/elpais.com\/sociedad\/2025-06-28\/las-seis-vidas-segadas-en-una-semana-dramatica-de-violencia-machista.html\" rel=\"nofollow noopener\" target=\"_blank\">En apenas 48 horas fueron hallados los cuerpos de cinco de ellas.<\/a><b> <\/b><\/p>\n<p class=\"\">Tres ni\u00f1os de dos, cinco y 13 a\u00f1os fueron asesinados por las parejas o exparejas de su madre. Fue en la <a href=\"https:\/\/elpais.com\/sociedad\/2025-06-25\/un-hombre-mata-a-su-mujer-y-a-su-hijo-en-la-poblacion-valenciana-de-algemesi.html\" rel=\"nofollow noopener\" target=\"_blank\">Comunidad Valenciana<\/a>, <a href=\"https:\/\/elpais.com\/sociedad\/2025-04-03\/el-acusado-de-matar-a-la-hija-de-su-expareja-en-murcia-tenia-dos-condenas-previas-por-violencia-machista-hacia-otras-mujeres.html\" rel=\"nofollow noopener\" target=\"_blank\">Murcia<\/a> y el <a href=\"https:\/\/elpais.com\/sociedad\/2025-05-30\/un-hombre-mata-a-su-hija-de-13-anos-y-despues-se-suicida-en-bilbao.html\" rel=\"nofollow noopener\" target=\"_blank\">Pa\u00eds Vasco<\/a>. Luc\u00eda Avil\u00e9s destaca que en 2025 ha echado a andar el anteproyecto de ley de violencia vicaria, aprobado por el Consejo de Ministros en<b> <\/b>septiembre, que busca <a href=\"https:\/\/elpais.com\/sociedad\/2025-09-29\/la-violencia-vicaria-machista-sera-tipificada-como-delito-especifico.html\" rel=\"nofollow noopener\" target=\"_blank\">tipificarla como un delito espec\u00edfico<\/a>. \u201cEs una regulaci\u00f3n completa de este fen\u00f3meno, pasando de ser un concepto meramente doctrinal o estad\u00edstico a ser ya un concepto jur\u00eddico\u201d, resalta. Ella fue una de las dos ponentes del informe del Consejo General del Poder Judicial sobre el anteproyecto. La magistrada incide en que \u201cse impone la necesidad de garantizar la formaci\u00f3n de todos los operadores p\u00fablicos en materia de violencia vicaria\u201d. <\/p>\n<p class=\"\">A las asesinadas por varones con los que ten\u00edan una relaci\u00f3n se suman 15 feminicidios en cr\u00edmenes sexuales, familiares, sociales o vicarios en el primer semestre del a\u00f1o, el \u00faltimo del que se conocen datos. Ya son 87 desde 2022, cuando empezaron contabilizarse los feminicidios fuera del \u00e1mbito de la pareja o expareja. <\/p>\n<p class=\"\">Este 1 de enero se pone a cero el contador de 2026 en una sociedad que, pese al aumento de la concienciaci\u00f3n y de los medios, sigue buscando sin \u00e9xito la f\u00f3rmula para conseguir que las dejen de matar. <\/p>\n<p class=\"\">El tel\u00e9fono 016 atiende a las v\u00edctimas de violencia machista, a sus familias y a su entorno las 24 horas del d\u00eda, todos los d\u00edas del a\u00f1o, en 53 idiomas diferentes. El n\u00famero no queda registrado en la factura telef\u00f3nica, pero hay que borrar la llamada del dispositivo. Tambi\u00e9n se puede contactar a trav\u00e9s del correo electr\u00f3nico <a href=\"https:\/\/elpais.com\/sociedad\/2026-01-01\/mailto:016-online@igualdad.gob.es\" rel=\"nofollow noopener\" target=\"_blank\">016-online@igualdad.gob.es<\/a> y por WhatsApp en el n\u00famero 600 000 016. Los menores pueden dirigirse al tel\u00e9fono de la Fundaci\u00f3n ANAR 900 20 20 10. Si es una situaci\u00f3n de emergencia, se puede llamar al 112 o a los tel\u00e9fonos de la Polic\u00eda Nacional (091) y de la Guardia Civil (062). Y en caso de no poder llamar, se puede recurrir a la aplicaci\u00f3n ALERTCOPS, desde la que se env\u00eda una se\u00f1al de alerta a la Polic\u00eda con geolocalizaci\u00f3n.<\/p>\n","protected":false},"excerpt":{"rendered":"Dolores ten\u00eda 86 a\u00f1os cuando su marido, de 90, la asesin\u00f3. El pasado julio, la encontraron en la&hellip;\n","protected":false},"author":2,"featured_media":318245,"comment_status":"","ping_status":"","sticky":false,"template":"","format":"standard","meta":{"footnotes":""},"categories":[8],"tags":[8619,17,18,25,24,13,14,11,19,20,4043,8616,9,10,15,16,8618,492,23,12,21,22,8617,8615,6580],"class_list":{"0":"post-318244","1":"post","2":"type-post","3":"status-publish","4":"format-standard","5":"has-post-thumbnail","7":"category-espana","8":"tag-asesinato-pareja","9":"tag-breaking-news","10":"tag-breakingnews","11":"tag-es","12":"tag-espana","13":"tag-featured-news","14":"tag-featurednews","15":"tag-headlines","16":"tag-latest-news","17":"tag-latestnews","18":"tag-machismo","19":"tag-maltrato-mujer","20":"tag-news","21":"tag-noticias","22":"tag-noticias-destacadas","23":"tag-noticiasdestacadas","24":"tag-patriarcado","25":"tag-sociedad","26":"tag-spain","27":"tag-titulares","28":"tag-ultimas-noticias","29":"tag-ultimasnoticias","30":"tag-victimas-violencia-genero","31":"tag-violencia-genero","32":"tag-violencia-machista"},"share_on_mastodon":{"url":"https:\/\/pubeurope.com\/@es\/115822787487395917","error":""},"_links":{"self":[{"href":"https:\/\/www.europesays.com\/es\/wp-json\/wp\/v2\/posts\/318244","targetHints":{"allow":["GET"]}}],"collection":[{"href":"https:\/\/www.europesays.com\/es\/wp-json\/wp\/v2\/posts"}],"about":[{"href":"https:\/\/www.europesays.com\/es\/wp-json\/wp\/v2\/types\/post"}],"author":[{"embeddable":true,"href":"https:\/\/www.europesays.com\/es\/wp-json\/wp\/v2\/users\/2"}],"replies":[{"embeddable":true,"href":"https:\/\/www.europesays.com\/es\/wp-json\/wp\/v2\/comments?post=318244"}],"version-history":[{"count":0,"href":"https:\/\/www.europesays.com\/es\/wp-json\/wp\/v2\/posts\/318244\/revisions"}],"wp:featuredmedia":[{"embeddable":true,"href":"https:\/\/www.europesays.com\/es\/wp-json\/wp\/v2\/media\/318245"}],"wp:attachment":[{"href":"https:\/\/www.europesays.com\/es\/wp-json\/wp\/v2\/media?parent=318244"}],"wp:term":[{"taxonomy":"category","embeddable":true,"href":"https:\/\/www.europesays.com\/es\/wp-json\/wp\/v2\/categories?post=318244"},{"taxonomy":"post_tag","embeddable":true,"href":"https:\/\/www.europesays.com\/es\/wp-json\/wp\/v2\/tags?post=318244"}],"curies":[{"name":"wp","href":"https:\/\/api.w.org\/{rel}","templated":true}]}}