{"id":318246,"date":"2026-01-02T00:57:26","date_gmt":"2026-01-02T00:57:26","guid":{"rendered":"https:\/\/www.europesays.com\/es\/318246\/"},"modified":"2026-01-02T00:57:26","modified_gmt":"2026-01-02T00:57:26","slug":"estudio-206-maraton-60-anos-las-mejores-actuaciones","status":"publish","type":"post","link":"https:\/\/www.europesays.com\/es\/318246\/","title":{"rendered":"Estudio 206 &#8211; Marat\u00f3n 60 a\u00f1os: las mejores actuaciones"},"content":{"rendered":"<p>              <strong>TP<\/strong><\/p>\n<p>Finalizamos el a\u00f1o con algunas de las actuaciones en vivo que tuvieron lugar el pasado 22 de noviembre de 2025 para celebrar el 60 aniversario de Radio Cl\u00e1sica en el Auditorio del Centro de Cultura Contempor\u00e1nea Conde Duque de Madrid. Recordamos las actuaciones en directo de Dar\u00edo Meta (piano), Pablo Garc\u00eda-L\u00f3pez (tenor) junto a  Sara \u00c1gueda (arpa), Chema S\u00e1iz (guitarra el\u00e9ctrica) junto a Federico Lechner (piano), Miguel Colom (viol\u00edn) y Fernando Arias (violonchelo),   los fagotistas Juan Carlos Paredes Guti\u00e9rrez y Jos\u00e9 Manuel L\u00f3pez Agarrado, alumnos de la Escuela Superior de M\u00fasica Reina Sof\u00eda, Pablo Barrag\u00e1n (clarinete) con Noelia Rodiles (piano), el Quinteto de viento metal de la Orquesta Sinf\u00f3nica RTVE integrado por Carlos Hig\u00f3n y Germ\u00e1n Asensi (trompetas), Miguel Guerra (trompa), Ximo Vicedo (tromb\u00f3n) y Mario Torrijo (tuba) y el pianista Leif Ove Andsnes.<\/p>\n","protected":false},"excerpt":{"rendered":"TP Finalizamos el a\u00f1o con algunas de las actuaciones en vivo que tuvieron lugar el pasado 22 de&hellip;\n","protected":false},"author":2,"featured_media":318247,"comment_status":"","ping_status":"","sticky":false,"template":"","format":"standard","meta":{"footnotes":""},"categories":[5],"tags":[17,18,25,24,74251,13,14,11,19,20,74252,9,10,15,16,133,1448,1986,1987,23,12,21,22],"class_list":{"0":"post-318246","1":"post","2":"type-post","3":"status-publish","4":"format-standard","5":"has-post-thumbnail","7":"category-titulares","8":"tag-breaking-news","9":"tag-breakingnews","10":"tag-es","11":"tag-espana","12":"tag-estudio-206","13":"tag-featured-news","14":"tag-featurednews","15":"tag-headlines","16":"tag-latest-news","17":"tag-latestnews","18":"tag-maraton-60-anos-las-mejores-actuaciones","19":"tag-news","20":"tag-noticias","21":"tag-noticias-destacadas","22":"tag-noticiasdestacadas","23":"tag-online","24":"tag-radio","25":"tag-rne","26":"tag-rtve-play","27":"tag-spain","28":"tag-titulares","29":"tag-ultimas-noticias","30":"tag-ultimasnoticias"},"share_on_mastodon":{"url":"https:\/\/pubeurope.com\/@es\/115822791428242960","error":""},"_links":{"self":[{"href":"https:\/\/www.europesays.com\/es\/wp-json\/wp\/v2\/posts\/318246","targetHints":{"allow":["GET"]}}],"collection":[{"href":"https:\/\/www.europesays.com\/es\/wp-json\/wp\/v2\/posts"}],"about":[{"href":"https:\/\/www.europesays.com\/es\/wp-json\/wp\/v2\/types\/post"}],"author":[{"embeddable":true,"href":"https:\/\/www.europesays.com\/es\/wp-json\/wp\/v2\/users\/2"}],"replies":[{"embeddable":true,"href":"https:\/\/www.europesays.com\/es\/wp-json\/wp\/v2\/comments?post=318246"}],"version-history":[{"count":0,"href":"https:\/\/www.europesays.com\/es\/wp-json\/wp\/v2\/posts\/318246\/revisions"}],"wp:featuredmedia":[{"embeddable":true,"href":"https:\/\/www.europesays.com\/es\/wp-json\/wp\/v2\/media\/318247"}],"wp:attachment":[{"href":"https:\/\/www.europesays.com\/es\/wp-json\/wp\/v2\/media?parent=318246"}],"wp:term":[{"taxonomy":"category","embeddable":true,"href":"https:\/\/www.europesays.com\/es\/wp-json\/wp\/v2\/categories?post=318246"},{"taxonomy":"post_tag","embeddable":true,"href":"https:\/\/www.europesays.com\/es\/wp-json\/wp\/v2\/tags?post=318246"}],"curies":[{"name":"wp","href":"https:\/\/api.w.org\/{rel}","templated":true}]}}