{"id":318250,"date":"2026-01-02T01:05:10","date_gmt":"2026-01-02T01:05:10","guid":{"rendered":"https:\/\/www.europesays.com\/es\/318250\/"},"modified":"2026-01-02T01:05:10","modified_gmt":"2026-01-02T01:05:10","slug":"edwards-planta-a-su-entrenador-y-se-marcha-al-vestuario-sin-permiso","status":"publish","type":"post","link":"https:\/\/www.europesays.com\/es\/318250\/","title":{"rendered":"Edwards planta a su entrenador y se marcha al vestuario sin permiso"},"content":{"rendered":"<p class=\"ft-text\">No es la primera vez, y probablemente no ser\u00e1 la \u00faltima, que <a class=\"ft-link ft-link--decoration\" href=\"https:\/\/www.sport.es\/es\/noticias\/baloncesto\/nba\/anthony-edwards-convierte-heroe-thunder-124984188\" rel=\"nofollow noopener\" target=\"_blank\">Anthony Edwards<\/a> la l\u00eda en una pista de baloncesto. El estadounidense, estrella de los <strong>Minnesota Timberwolves<\/strong>, dej\u00f3 un episodio de inmadurez evidente tras abandonar el banquillo de su equipo y <strong>marcharse a los vestuarios a falta de ocho minutos para el final del encuentro. <\/strong>Una acci\u00f3n que deja tocada la figura del entrenador.<\/p>\n<p class=\"ft-text\">Tal como captaron las c\u00e1maras, <strong>Edwards no pidi\u00f3 permiso a ning\u00fan miembro del cuerpo t\u00e9cnico para abandonar la pista<\/strong>. \u00c9l mismo tom\u00f3 esa decisi\u00f3n cuando su entrenador opt\u00f3 por retirar a todos los titulares de la pista. En ese momento,<strong> la franquicia de Minnesota ya perd\u00eda de 29 puntos<\/strong>, por lo que Chris Finch dio el duelo por finalizado y prioriz\u00f3 el descanso de su roster principal.<\/p>\n<p class=\"ft-text\">Durante el tiempo muerto, cuando Finch revel\u00f3 sus intenciones a la plantilla, <strong>Edwards tir\u00f3 la toalla visiblemente enfadado y se march\u00f3 a los vestuarios.<\/strong> No estamos hablando de cualquier jugador, sino el vig\u00e9simo quinto mejor pagado de toda la liga. Tan solo esta temporada cobrar\u00e1 un total de <strong>45,5 millones de d\u00f3lares. <\/strong>Un jugador de gran calidad en lo deportivo, pero con un p\u00e9simo comportamiento.<\/p>\n<p class=\"ft-text\">La realidad es que el jugador cumpli\u00f3 en el choque, <strong>con 30 puntos, 5 rebotes y 2 asistencias en m\u00e1s de media hora en pista<\/strong>. Aun as\u00ed, los Timberwolves llevan un tiempo viviendo en la irregularidad, con rachas positivas y negativas de manera constante. Lo que est\u00e1 claro es que situaciones como la que provoc\u00f3 Edwards no favorecen a que la tensi\u00f3n en el vestuario disminuya.<\/p>\n<p class=\"ft-text\">Su entrenador, Chris Finch, habl\u00f3 con los medios de comunicaci\u00f3n despu\u00e9s del partido y no evadi\u00f3 el tema estrella. \u00ab<strong>Obviamente estaba frustrado con la actuaci\u00f3n y con raz\u00f3n, pero deber\u00eda quedarse en la cancha y alentar a su equipo\u00bb. <\/strong>Un toque de atenci\u00f3n discreto con el que muestra su opini\u00f3n sin ofender en exceso a la principal estrella del equipo.<\/p>\n<p><img decoding=\"async\" src=\"https:\/\/www.europesays.com\/es\/wp-content\/uploads\/2026\/01\/cc659430-f3da-45f4-8b7f-782ca5141a7f_alta-libre-aspect-ratio_default_0.jpg\" width=\"1200\" height=\"675\" alt=\"Anthony Edwards celebra con Minnesota\" class=\"ft-helper-img-rd\" loading=\"lazy\"\/><\/p>\n<p class=\"ft-helper-fontColor-quaternary ft-helper-fontSize-body-S ft-helper-spacer-t-xxs\">Anthony Edwards celebra con Minnesota  \/ @Timberwolves<\/p>\n<p class=\"ft-text\">La situaci\u00f3n <strong>recuerda a un ejemplo que se ha vivido en Espa\u00f1a <\/strong>hace pocos meses. Concretamente en el f\u00fatbol, <strong>cuando Vinicius Jr, jugador del Real Madrid, tom\u00f3 una decisi\u00f3n similar cuando fue cambiado por Xabi Alonso en El Cl\u00e1sico.<\/strong> Una actitud que, sin lugar a dudas, no favoreci\u00f3 al equipo en los siguientes partidos y aument\u00f3 la tensi\u00f3n. Los Timberwolves no quieren pasar por lo mismo.<\/p>\n<p>Varias multas en la NBA<\/p>\n<p class=\"ft-text\"><strong>Anthony Edwards<\/strong> ya ha tenido varias pol\u00e9micas en la <strong>NBA<\/strong> que han acabado en sanci\u00f3n. Adem\u00e1s de su mal comportamiento, tambi\u00e9n es conocido por su lenguaje soez. <strong>La estrella de los Wolves est\u00e1 cerca de llegar a un mill\u00f3n de d\u00f3lares en multas<\/strong>. La \u00faltima de la temporada pasada fue en Los \u00c1ngeles, cuando se encar\u00f3 con un aficionado, en este caso defendiendo a su compa\u00f1ero Rudy Gobert.<\/p>\n<p class=\"ft-text\"><strong>M\u00e1s de 400.000 d\u00f3lares tuvo que pagar Edwards<\/strong> la temporada pasada a la NBA. <strong>Un total de siete multas en menos de un a\u00f1o. <\/strong>El enfado con su entrenador no ser\u00e1 sancionado por la liga norteamericana, ya que se trata de un problema de franquicia, que no parece que vaya a castigar al jugador sin jugar o en el apartado econ\u00f3mico. <strong>La misma reacci\u00f3n que el Real Madrid.<\/strong><\/p>\n","protected":false},"excerpt":{"rendered":"No es la primera vez, y probablemente no ser\u00e1 la \u00faltima, que Anthony Edwards la l\u00eda en una&hellip;\n","protected":false},"author":2,"featured_media":318251,"comment_status":"","ping_status":"","sticky":false,"template":"","format":"standard","meta":{"footnotes":""},"categories":[269],"tags":[299,298,168,59069,25,24,1725,23,167,13334],"class_list":{"0":"post-318250","1":"post","2":"type-post","3":"status-publish","4":"format-standard","5":"has-post-thumbnail","7":"category-baloncesto","8":"tag-baloncesto","9":"tag-basketball","10":"tag-deportes","11":"tag-edwards","12":"tag-es","13":"tag-espana","14":"tag-nba","15":"tag-spain","16":"tag-sports","17":"tag-vinicius"},"share_on_mastodon":{"url":"https:\/\/pubeurope.com\/@es\/115822822986841171","error":""},"_links":{"self":[{"href":"https:\/\/www.europesays.com\/es\/wp-json\/wp\/v2\/posts\/318250","targetHints":{"allow":["GET"]}}],"collection":[{"href":"https:\/\/www.europesays.com\/es\/wp-json\/wp\/v2\/posts"}],"about":[{"href":"https:\/\/www.europesays.com\/es\/wp-json\/wp\/v2\/types\/post"}],"author":[{"embeddable":true,"href":"https:\/\/www.europesays.com\/es\/wp-json\/wp\/v2\/users\/2"}],"replies":[{"embeddable":true,"href":"https:\/\/www.europesays.com\/es\/wp-json\/wp\/v2\/comments?post=318250"}],"version-history":[{"count":0,"href":"https:\/\/www.europesays.com\/es\/wp-json\/wp\/v2\/posts\/318250\/revisions"}],"wp:featuredmedia":[{"embeddable":true,"href":"https:\/\/www.europesays.com\/es\/wp-json\/wp\/v2\/media\/318251"}],"wp:attachment":[{"href":"https:\/\/www.europesays.com\/es\/wp-json\/wp\/v2\/media?parent=318250"}],"wp:term":[{"taxonomy":"category","embeddable":true,"href":"https:\/\/www.europesays.com\/es\/wp-json\/wp\/v2\/categories?post=318250"},{"taxonomy":"post_tag","embeddable":true,"href":"https:\/\/www.europesays.com\/es\/wp-json\/wp\/v2\/tags?post=318250"}],"curies":[{"name":"wp","href":"https:\/\/api.w.org\/{rel}","templated":true}]}}