{"id":318254,"date":"2026-01-02T01:07:08","date_gmt":"2026-01-02T01:07:08","guid":{"rendered":"https:\/\/www.europesays.com\/es\/318254\/"},"modified":"2026-01-02T01:07:08","modified_gmt":"2026-01-02T01:07:08","slug":"barbara-goenaga-y-borja-semper-despiden-con-una-sonrisa-su-ano-mas-dificil","status":"publish","type":"post","link":"https:\/\/www.europesays.com\/es\/318254\/","title":{"rendered":"B\u00e1rbara Goenaga y Borja S\u00e9mper despiden con una sonrisa su a\u00f1o m\u00e1s dif\u00edcil"},"content":{"rendered":"<p class=\"v-mdl-ath__p v-mdl-ath__p--6\">\nJueves, 1 de enero 2026, 20:35<\/p>\n<p>| Actualizado 20:46h.<\/p>\n<p class=\"v-p\">Tras el a\u00f1o m\u00e1s dif\u00edcil de sus vidas, B\u00e1rbara Goenaga y Borja S\u00e9mper han dado la bienvenida a 2026 convencidos de que las cosas ir\u00e1n mucho mejor. La actriz guipuzcoana y el portavoz del Partido Popular han compartido una nueva imagen juntos. En la fotograf\u00eda se ve a la pareja sonriente recibiendo el nuevo a\u00f1o. En ella se aprecia la notable mejor\u00eda del politico vasco tras su tratamiento contra un c\u00e1ncer que le fue detectado en fase inicial, seg\u00fan explic\u00f3 el propio dirigente el pasado mes de julio.<\/p>\n<p class=\"v-p\">A principios del mes de diciembre, la actriz vasca tambi\u00e9n public\u00f3 varias im\u00e1genes en sus redes sociales en donde ambos disfrutaban de unos d\u00edas de vacaciones en C\u00e1diz. En estas im\u00e1genes ya se ve\u00eda a un S\u00e9mper sonriente y activo para hacer todo tipo de planes. Adem\u00e1s de hacer turismo y recorrer las paradisiacas playas de la provincia, tambi\u00e9n aprovecharon para hacer senderismo y disfrutar de la gastronom\u00eda local. \u00abCelebrando la vida\u00bb, escribi\u00f3 ella en euskera.<\/p>\n<p class=\"v-p\">No era la primera vez que la pareja se marchaba a C\u00e1diz este a\u00f1o. En agosto, nada m\u00e1s dar a conocer la enfermedad de S\u00e9mper, los dos fueron all\u00ed a pasar unos d\u00edas. <\/p>\n<p>Reporta un error<\/p>\n","protected":false},"excerpt":{"rendered":"Jueves, 1 de enero 2026, 20:35 | Actualizado 20:46h. Tras el a\u00f1o m\u00e1s dif\u00edcil de sus vidas, B\u00e1rbara&hellip;\n","protected":false},"author":2,"featured_media":318255,"comment_status":"","ping_status":"","sticky":false,"template":"","format":"standard","meta":{"footnotes":""},"categories":[174],"tags":[1611,38503,7533,255,17018,861,146,147,25,24,256,40144,40146,23],"class_list":{"0":"post-318254","1":"post","2":"type-post","3":"status-publish","4":"format-standard","5":"has-post-thumbnail","7":"category-famosos","8":"tag-ano","9":"tag-barbara","10":"tag-borja","11":"tag-celebrities","12":"tag-despiden","13":"tag-dificil","14":"tag-entertainment","15":"tag-entretenimiento","16":"tag-es","17":"tag-espana","18":"tag-famosos","19":"tag-goenaga","20":"tag-semper","21":"tag-spain"},"share_on_mastodon":{"url":"https:\/\/pubeurope.com\/@es\/115822830716364722","error":""},"_links":{"self":[{"href":"https:\/\/www.europesays.com\/es\/wp-json\/wp\/v2\/posts\/318254","targetHints":{"allow":["GET"]}}],"collection":[{"href":"https:\/\/www.europesays.com\/es\/wp-json\/wp\/v2\/posts"}],"about":[{"href":"https:\/\/www.europesays.com\/es\/wp-json\/wp\/v2\/types\/post"}],"author":[{"embeddable":true,"href":"https:\/\/www.europesays.com\/es\/wp-json\/wp\/v2\/users\/2"}],"replies":[{"embeddable":true,"href":"https:\/\/www.europesays.com\/es\/wp-json\/wp\/v2\/comments?post=318254"}],"version-history":[{"count":0,"href":"https:\/\/www.europesays.com\/es\/wp-json\/wp\/v2\/posts\/318254\/revisions"}],"wp:featuredmedia":[{"embeddable":true,"href":"https:\/\/www.europesays.com\/es\/wp-json\/wp\/v2\/media\/318255"}],"wp:attachment":[{"href":"https:\/\/www.europesays.com\/es\/wp-json\/wp\/v2\/media?parent=318254"}],"wp:term":[{"taxonomy":"category","embeddable":true,"href":"https:\/\/www.europesays.com\/es\/wp-json\/wp\/v2\/categories?post=318254"},{"taxonomy":"post_tag","embeddable":true,"href":"https:\/\/www.europesays.com\/es\/wp-json\/wp\/v2\/tags?post=318254"}],"curies":[{"name":"wp","href":"https:\/\/api.w.org\/{rel}","templated":true}]}}