{"id":318256,"date":"2026-01-02T01:10:40","date_gmt":"2026-01-02T01:10:40","guid":{"rendered":"https:\/\/www.europesays.com\/es\/318256\/"},"modified":"2026-01-02T01:10:40","modified_gmt":"2026-01-02T01:10:40","slug":"calendario-de-los-estrenos-de-las-mejores-series-para-devorar-en-enero","status":"publish","type":"post","link":"https:\/\/www.europesays.com\/es\/318256\/","title":{"rendered":"calendario de los estrenos de las mejores series para devorar en enero"},"content":{"rendered":"<p class=\"c-paragraph\">El nuevo a\u00f1o ha llegado y <b>2026 viene lleno de estrenos <\/b>que llevamos mucho tiempo esperando. Empezando por enero, mes en el que seguro no podremos salir de los servicios de streaming: volveremos al estr\u00e9s hospitalario de <b><a href=\"https:\/\/www.20minutos.es\/cinemania\/series\/the-pitt-vuelve-segunda-temporada-fecha-estreno_6909370_0.html\" rel=\"nofollow noopener\" target=\"_blank\">The Pitt<\/a><\/b>\u00a0(despu\u00e9s de arrasar en los premios Grammy), viajaremos de nuevo al exitoso universo de Juego de Tronos con la precuela de<a href=\"https:\/\/www.20minutos.es\/cinemania\/series\/caballero-los-siete-reinos-fechas-estreno-revelada-duracion-6-episodios-serie-juego-tronos_6913984_0.html\" rel=\"nofollow noopener\" target=\"_blank\"> <b>El caballero de los siete reinos<\/b><\/a> o nos enamoraremos a\u00fan m\u00e1s con la familia de <b><a href=\"https:\/\/www.20minutos.es\/cinemania\/series\/bridgerton-benedict-temporada-4-trailer-netflix_6911722_0.html\" rel=\"nofollow noopener\" target=\"_blank\">Los Bridgerton<\/a><\/b> y el adorable Benedict.<\/p>\n<p class=\"c-paragraph\">Estos son algunos de los t\u00edtulos que se emitir\u00e1n a lo largo de estas semanas en plataformas como\u00a0<b><b><b><b><b><b><b><b><b><b><b><b><b><b><b><b><b><b><b><b><b><b><b><b><b><b><b><b><b><b><b><b><b><b><b><b><b><b><b><b><b><b><b><b><b><b><b><b><b><b><b><b><b><b><b><b><b><b><b><b><b><b><b><b>Netflix<\/b><\/b><\/b><\/b><\/b><\/b><\/b><\/b><\/b><\/b><\/b><\/b><\/b><\/b><\/b><\/b><\/b><\/b><\/b><\/b><\/b><\/b><\/b><\/b><\/b><\/b><\/b><\/b><\/b><\/b><\/b><\/b><\/b><\/b><\/b><\/b><\/b><\/b><\/b><\/b><\/b><\/b><\/b><\/b><\/b><\/b><\/b><\/b><\/b><\/b><\/b><\/b><\/b><\/b><\/b><\/b><\/b><\/b><\/b><\/b><\/b><\/b><\/b><\/b>, <b>Skyshowtime<\/b>,\u00a0<b><b><b><b><b><b><b><b>Disney+<\/b><\/b><\/b><\/b><\/b><\/b><\/b><\/b>\u00a0o<b><b><b><b><b><b><b><b>\u00a0<\/b><\/b><\/b><\/b><\/b><\/b><\/b><\/b><b><b><b><b><b><b><b><b>HBO Max<\/b><\/b><\/b><\/b><\/b><\/b><\/b><\/b>. En\u00a0<b><b><b><b><b><b><b><b><b><b><b><b><b><b><b><b><b><b><b><b><b><b><b><b><b><b><b><b><b><b><b><b><b><b><b><b><b><b><b><b><b><b><b><b><b><b><b><b><b><b><b><b><b><b><b><b><b><b><b><b><b><b><b><b>CINEMAN\u00cdA<\/b><\/b><\/b><\/b><\/b><\/b><\/b><\/b><\/b><\/b><\/b><\/b><\/b><\/b><\/b><\/b><\/b><\/b><\/b><\/b><\/b><\/b><\/b><\/b><\/b><\/b><\/b><\/b><\/b><\/b><\/b><\/b><\/b><\/b><\/b><\/b><\/b><\/b><\/b><\/b><\/b><\/b><\/b><\/b><\/b><\/b><\/b><\/b><\/b><\/b><\/b><\/b><\/b><\/b><\/b><\/b><\/b><\/b><\/b><\/b><\/b><\/b><\/b><\/b>\u00a0hemos hecho una selecci\u00f3n de las m\u00e1s destacadas para que escojas la tuya y sobrevivas a la post-Navidad con las mejores historias.<\/p>\n<ul>\n<li class=\"c-picture__list__item\"><a><img decoding=\"async\" loading=\"lazy\" alt=\"'Amadeus' (2026)\" width=\"990\" height=\"556\" src=\"https:\/\/www.europesays.com\/es\/wp-content\/uploads\/2026\/01\/6953ccb0338e02-59009271.jpeg\"\/><\/a><\/li>\n<\/ul>\n<ul>\n<li class=\"c-picture__list__item\"><a><img decoding=\"async\" loading=\"lazy\" alt=\"Stephen Graham en 'Mil golpes'\" width=\"990\" height=\"556\" src=\"https:\/\/www.europesays.com\/es\/wp-content\/uploads\/2026\/01\/stephen-graham-en-mil-golpes.jpeg\"\/><\/a><\/li>\n<\/ul>\n<ul>\n<li class=\"c-picture__list__item\"><a><img decoding=\"async\" loading=\"lazy\" alt=\"'The Pitt' t2\" width=\"990\" height=\"556\" src=\"https:\/\/www.europesays.com\/es\/wp-content\/uploads\/2026\/01\/6953cdb06d4241-20423303.jpeg\"\/><\/a>\n<p>9 de enero [hbo max]<\/p>\n<p>Nueva temporada de la serie ganadora del \u00faltimo Emmy a Mejor drama. A trav\u00e9s de los sanitarios de un hospital moderno de Pittsburgh (Pensilvania) conocemos los distintos retos a los que se enfrentan. Al igual que en la primera entrega, cada episodio seguir\u00e1 una hora del turno de 15 horas del doctor Robby (Noah Wyle) como jefe de urgencias y transcurrir\u00e1 durante el 4 de julio, d\u00eda nacional de EE UU.<\/p>\n<\/li>\n<\/ul>\n<ul>\n<li class=\"c-picture__list__item\"><a><img decoding=\"async\" loading=\"lazy\" alt=\"'Agatha Christie. Las siete esferas'\" width=\"990\" height=\"556\" src=\"https:\/\/www.europesays.com\/es\/wp-content\/uploads\/2026\/01\/6953ce001f45a4-39528884.jpeg\"\/><\/a>\n<p>15 de enero [netflix]<\/p>\n<p>Otra adaptaci\u00f3n de un relato de \u00abla gran dama del misterio\u00bb Agatha Christie. En una lujosa fiesta en una casa de campo, una broma parece haber resultado mortal. La tarea de resolver el misterio recaer\u00e1 en la detective Lady Eileen \u00abBundle\u00bb Brent (Mia McKenna Bruce), quien deber\u00e1 desentra\u00f1ar una escalofriante conspiraci\u00f3n que cambiar\u00e1 su vida y pondr\u00e1 al descubierto los secretos m\u00e1s oscuros de una alta sociedad inglesa en la que se incluyen Lady Caterham (Helena Bonham Carter), Battle (Martin Freeman) o Gerry Wade (Corey Mylchreest). Con solo tres cap\u00edtulos, podr\u00e1s devorarla en una tarde.<\/p>\n<\/li>\n<\/ul>\n<ul>\n<li class=\"c-picture__list__item\"><a><img decoding=\"async\" loading=\"lazy\" alt=\"'El caballero de los Siete Reinos'\" width=\"990\" height=\"556\" src=\"https:\/\/www.europesays.com\/es\/wp-content\/uploads\/2026\/01\/a-knight-of-the-seven-kingdoms.jpeg\"\/><\/a>\n<p>19 de enero [hbo max]<\/p>\n<p>Vuelve el universo del &#8216;Juego de Tronos&#8217; de George R. R. Martin con una nueva precuela. Un siglo antes de los acontecimientos de la primera serie, dos h\u00e9roes vagan por Poniente: un joven ingenuo pero valiente caballero, Ser Duncan el Alto (Peter Claffey), y su diminuto escudero, Egg (Dexter Sol Ansell). Ambientada en una \u00e9poca en la que la dinast\u00eda Targaryen a\u00fan ocupaba el Trono de Hierro y el recuerdo del \u00faltimo drag\u00f3n no se ha borrado de la memoria colectiva, estos amigos tendr\u00e1n que hacer frente a peligrosas aventuras. Sus seis episodios se estrenar\u00e1n semanalmente.<\/p>\n<\/li>\n<\/ul>\n<ul>\n<li class=\"c-picture__list__item\"><a><img decoding=\"async\" loading=\"lazy\" alt=\"'Grantchester' t10\" width=\"990\" height=\"556\" src=\"https:\/\/www.europesays.com\/es\/wp-content\/uploads\/2026\/01\/6953ce5c41b5e3-60106929.jpeg\"\/><\/a>\n<p>20 de enero [FILMIN]<\/p>\n<p>Pen\u00faltima temporada de una de las series estrella de Filmin. El inspector Geordie Keating (Robson Green) hace t\u00e1ndem una vez m\u00e1s con el nuevo vicario Alphy Kottaram (Rishi Nair) para resolver de manera particular los cr\u00edmenes del pueblo de Grantchester. Es 1962 y la comunidad se enfrenta a los cambios sociales de la \u00e9poca, desde la llegada de los primeros ordenadores a la situaci\u00f3n cambiante de las mujeres.\u00a0<\/p>\n<\/li>\n<\/ul>\n<ul>\n<li class=\"c-picture__list__item\"><a><img decoding=\"async\" loading=\"lazy\" alt=\"'Marbella Expediente Judicial' t2\" width=\"990\" height=\"556\" src=\"https:\/\/www.europesays.com\/es\/wp-content\/uploads\/2026\/01\/695504407f5e34-40549490.jpeg\"\/><\/a>\n<p>22 de enero [movistar plus+]<\/p>\n<p>Serie de seis episodios creada por Alberto Marini y Dani de la Torre. La continuaci\u00f3n de la historia sobre un crimen organizado en la Costa del Sol tiene como gran novedad su cambio de protagonista y de perspectiva. Natalia de Molina interpreta a Carmen Leal, la fiscal antidroga de Marbella, quien est\u00e1 decidida a acorralar al pol\u00e9mico abogado C\u00e9sar Beltr\u00e1n (Hugo Silva).\u00a0<\/p>\n<\/li>\n<\/ul>\n<ul>\n<li class=\"c-picture__list__item\"><a><img decoding=\"async\" loading=\"lazy\" alt=\"'The beauty'\" width=\"990\" height=\"556\" src=\"https:\/\/www.europesays.com\/es\/wp-content\/uploads\/2026\/01\/6953ce8a65af25-62992540.jpeg\"\/><\/a><\/li>\n<\/ul>\n<ul>\n<li class=\"c-picture__list__item\"><a><img decoding=\"async\" loading=\"lazy\" alt=\"'Terapia sin filtro' t3\" width=\"990\" height=\"556\" src=\"https:\/\/www.europesays.com\/es\/wp-content\/uploads\/2026\/01\/6955061c31e119-32701183.jpeg\"\/><\/a><\/li>\n<\/ul>\n<ul>\n<li class=\"c-picture__list__item\"><a><img decoding=\"async\" loading=\"lazy\" alt=\"Benedict y Sophie en 'Los Bridgerton'\" width=\"990\" height=\"556\" src=\"https:\/\/www.europesays.com\/es\/wp-content\/uploads\/2026\/01\/6942d2eb5160f5-43996219.jpeg\"\/><\/a><\/li>\n<\/ul>\n<ul>\n<li class=\"c-picture__list__item\"><a><img decoding=\"async\" loading=\"lazy\" alt=\"Yahya Abdul-Mateen II con Ben Kingsley\" width=\"990\" height=\"556\" src=\"https:\/\/www.europesays.com\/es\/wp-content\/uploads\/2026\/01\/68ecbbc897348.jpeg\"\/><\/a>\n<p>29 de enero [disney+]<\/p>\n<p>Nueva serie de Marvel de ocho cap\u00edtulos, basada en los c\u00f3mics hom\u00f3nimos y con una historia que nos adentra en el metacine. Protagonizada por Yahya Abdul-Mateen II y Ben Kingsley, sigue los pasos de Simon Williams, un actor que interpreta a un superh\u00e9roe en el remake de una antigua pel\u00edcula del g\u00e9nero, y que recibe poderes mientras graba su nuevo trabajo.<\/p>\n<\/li>\n<\/ul>\n<ul>\n<li class=\"c-picture__list__item\"><a><img decoding=\"async\" loading=\"lazy\" alt=\"'The Death of Bunny Munro'\" width=\"990\" height=\"556\" src=\"https:\/\/www.europesays.com\/es\/wp-content\/uploads\/2026\/01\/6953cf11dc7f30-02208834.jpeg\"\/><\/a>\n<p>30 de enero [skyshowtime]<\/p>\n<p>Basada en la novela hom\u00f3nima de Nick Cave, Bunny Munro (Matt Smith), un mujeriego vendedor a domicilio de productos de belleza, se convierte en el \u00fanico responsable de su hijo Bunny Junior (Rafael Math\u00e9) tras el suicidio de su esposa, aunque no sabe muy bien c\u00f3mo ejercer de padre. Juntos emprenden un viaje en coche por el sur de Inglaterra que se vuelve m\u00e1s y m\u00e1s ca\u00f3tico y Bunny se dar\u00e1 cuenta de que debe hacer algo para rescatar a su hijo de sus anticuadas ideas sobre qu\u00e9 supone ser un hombre. Lograr\u00e1 emocionarte en seis episodios.<\/p>\n<\/li>\n<\/ul>\n","protected":false},"excerpt":{"rendered":"El nuevo a\u00f1o ha llegado y 2026 viene lleno de estrenos que llevamos mucho tiempo esperando. Empezando por&hellip;\n","protected":false},"author":2,"featured_media":318257,"comment_status":"","ping_status":"","sticky":false,"template":"","format":"standard","meta":{"footnotes":""},"categories":[171],"tags":[1060,146,147,25,24,6750,3526,24169,26923,152,805,23,74253,214],"class_list":{"0":"post-318256","1":"post","2":"type-post","3":"status-publish","4":"format-standard","5":"has-post-thumbnail","7":"category-tv","8":"tag-disney","9":"tag-entertainment","10":"tag-entretenimiento","11":"tag-es","12":"tag-espana","13":"tag-estrenos","14":"tag-hbo-max","15":"tag-juego-de-tronos","16":"tag-los-bridgerton","17":"tag-netflix","18":"tag-series","19":"tag-spain","20":"tag-the-pitt","21":"tag-tv"},"share_on_mastodon":{"url":"https:\/\/pubeurope.com\/@es\/115822842852094423","error":""},"_links":{"self":[{"href":"https:\/\/www.europesays.com\/es\/wp-json\/wp\/v2\/posts\/318256","targetHints":{"allow":["GET"]}}],"collection":[{"href":"https:\/\/www.europesays.com\/es\/wp-json\/wp\/v2\/posts"}],"about":[{"href":"https:\/\/www.europesays.com\/es\/wp-json\/wp\/v2\/types\/post"}],"author":[{"embeddable":true,"href":"https:\/\/www.europesays.com\/es\/wp-json\/wp\/v2\/users\/2"}],"replies":[{"embeddable":true,"href":"https:\/\/www.europesays.com\/es\/wp-json\/wp\/v2\/comments?post=318256"}],"version-history":[{"count":0,"href":"https:\/\/www.europesays.com\/es\/wp-json\/wp\/v2\/posts\/318256\/revisions"}],"wp:featuredmedia":[{"embeddable":true,"href":"https:\/\/www.europesays.com\/es\/wp-json\/wp\/v2\/media\/318257"}],"wp:attachment":[{"href":"https:\/\/www.europesays.com\/es\/wp-json\/wp\/v2\/media?parent=318256"}],"wp:term":[{"taxonomy":"category","embeddable":true,"href":"https:\/\/www.europesays.com\/es\/wp-json\/wp\/v2\/categories?post=318256"},{"taxonomy":"post_tag","embeddable":true,"href":"https:\/\/www.europesays.com\/es\/wp-json\/wp\/v2\/tags?post=318256"}],"curies":[{"name":"wp","href":"https:\/\/api.w.org\/{rel}","templated":true}]}}