{"id":318268,"date":"2026-01-02T01:18:08","date_gmt":"2026-01-02T01:18:08","guid":{"rendered":"https:\/\/www.europesays.com\/es\/318268\/"},"modified":"2026-01-02T01:18:08","modified_gmt":"2026-01-02T01:18:08","slug":"bolsonaro-deja-el-hospital-para-volver-a-prision-tras-mas-de-una-semana-internado","status":"publish","type":"post","link":"https:\/\/www.europesays.com\/es\/318268\/","title":{"rendered":"Bolsonaro deja el hospital para volver a prisi\u00f3n tras m\u00e1s de una semana internado"},"content":{"rendered":"<p>    <img src=\"https:\/\/www.europesays.com\/es\/wp-content\/uploads\/2026\/01\/2026-01-01T143A063A20Z-90714617.jpg\" width=\"1024\" height=\"680\" alt=\"\" loading=\"eager\" decoding=\"sync\" fetchpriority=\"high\"\/><\/p>\n<p>            afp_tickers        <\/p>\n<p>        Este contenido fue publicado en    <\/p>\n<p>        01 enero 2026 &#8211; 23:33\n<\/p>\n<p>El expresidente brasile\u00f1o Jair Bolsonaro dej\u00f3 este jueves el hospital en Brasilia tras m\u00e1s de una semana internado para regresar a prisi\u00f3n, luego de que el supremo le negara la c\u00e1rcel domiciliaria, constat\u00f3 un periodista de la AFP.<\/p>\n<p>Bolsonaro, de 70 a\u00f1os, sali\u00f3 del Hospital DF Star con su auto escoltado por varias motos policiales y debe regresar a la peque\u00f1a habitaci\u00f3n de una sede policial donde purga 27 a\u00f1os por un intento de golpe de Estado.<\/p>\n<p>La corte suprema neg\u00f3 este jueves un pedido de la defensa para que Bolsonaro, quien se oper\u00f3 la semana pasada de una hernia inguinal, obtenga domiciliaria por motivos de salud.<\/p>\n<p>Sus abogados presentaron el mi\u00e9rcoles la solicitud por un \u00abriesgo concreto de agravamiento repentino\u00bb de su salud.<\/p>\n<p>El l\u00edder de la derecha brasile\u00f1a entr\u00f3 al hospital el 24 de diciembre y al d\u00eda siguiente fue operado. Luego tambi\u00e9n se someti\u00f3 a un procedimiento contra recurrentes crisis de hipo.<\/p>\n<p>\u00abA diferencia de lo alegado por la defensa, no hubo agravamiento de la situaci\u00f3n de salud\u00bb de Bolsonaro, consider\u00f3 en su decisi\u00f3n el juez Alexandre de Moraes.<\/p>\n<p>El exmandatario (2019-2022) cumple una condena por un frustrado plan golpista para aferrarse al poder, tras perder las elecciones contra Luiz In\u00e1cio Lula da Silva en 2022.<\/p>\n<p>Esta hospitalizaci\u00f3n de nueve d\u00edas fue su primera salida desde el encarcelamiento.<\/p>\n<p>\u2013 \u00abMejora de las incomodidades\u00bb \u2013<\/p>\n<p>Bolsonaro lidia desde hace a\u00f1os con secuelas de una pu\u00f1alada en el abdomen que sufri\u00f3 durante un acto de campa\u00f1a en 2018, y que requiri\u00f3 m\u00e1s tarde varias cirug\u00edas.<\/p>\n<p>La defensa argumenta que el cuadro cl\u00ednico del expresidente se agrav\u00f3 desde que la corte rechaz\u00f3 una solicitud similar de domiciliaria \u00abhumanitaria\u00bb hace semanas.<\/p>\n<p>Los m\u00e9dicos sostienen que, adem\u00e1s de la condici\u00f3n inusual de crisis de hipo, padece apnea del sue\u00f1o severa, gastritis y esofagitis.<\/p>\n<p>Pero el juez Moraes asever\u00f3 que se registra \u00abun cuadro cl\u00ednico de mejora de las incomodidades que estaba sintiendo (\u2026) como se apunt\u00f3 en el informe de sus propios m\u00e9dicos\u00bb esta semana.<\/p>\n<p>\u2013 Crisis de hipo \u2013<\/p>\n<p>El senador Fl\u00e1vio Bolsonaro, hijo mayor del expresidente, consider\u00f3 en X que la decisi\u00f3n de Moraes est\u00e1 \u00abllena de sarcasmo\u00bb y supone una \u00abtortura\u00bb para su padre.<\/p>\n<p>Bolsonaro manifest\u00f3 el mes pasado que desea que Fl\u00e1vio Bolsonaro sea el candidato de la derecha en las elecciones de 2026, para enfrentar al probable postulante de la izquierda, el presidente Lula.<\/p>\n<p>El exmandatario fue sometido en los \u00faltimos d\u00edas a bloqueos anest\u00e9sicos de un nervio que controla el diafragma, para atacar el hipo que, seg\u00fan su familia, le provoca v\u00f3mitos y dificultad para respirar.<\/p>\n<p>Sus m\u00e9dicos explicaron que el procedimiento no logr\u00f3 \u00abinterrumpir totalmente las crisis\u00bb aunque disminuy\u00f3 su intensidad.<\/p>\n<p>Su estado de \u00e1nimo \u00aboscila mucho\u00bb, seg\u00fan el cardi\u00f3logo Brasil Caiado: \u00abQueda muy golpeado en las noches y los d\u00edas que pasa con hipo (\u2026) y es claro que \u00e9l ya lleg\u00f3 aqu\u00ed con un nivel emocional m\u00e1s deprimido\u00bb.<\/p>\n<p>Bolsonaro sostiene que es inocente de los delitos de organizaci\u00f3n criminal armada, abolici\u00f3n violenta del Estado democr\u00e1tico de derecho y golpe de Estado por los que fue condenado.<\/p>\n<p>La trama golpista contemplaba incluso asesinar a Lula, pero no se consum\u00f3 por falta de apoyo de altos mandos militares, seg\u00fan la corte.<\/p>\n<p>ffb\/<\/p>\n","protected":false},"excerpt":{"rendered":"afp_tickers Este contenido fue publicado en 01 enero 2026 &#8211; 23:33 El expresidente brasile\u00f1o Jair Bolsonaro dej\u00f3 este&hellip;\n","protected":false},"author":2,"featured_media":318269,"comment_status":"","ping_status":"","sticky":false,"template":"","format":"standard","meta":{"footnotes":""},"categories":[42],"tags":[17,18,636,15534,13,14,11,165,61,62,63,64,11894,11895,19,20,7657,9,10,15,16,12089,88,12090,44965,90,12,21,22,3191,65,66,67],"class_list":{"0":"post-318268","1":"post","2":"type-post","3":"status-publish","4":"format-standard","5":"has-post-thumbnail","7":"category-internacional","8":"tag-breaking-news","9":"tag-breakingnews","10":"tag-conflict","11":"tag-coup-detat","12":"tag-featured-news","13":"tag-featurednews","14":"tag-headlines","15":"tag-health","16":"tag-internacional","17":"tag-international","18":"tag-international-news","19":"tag-internationalnews","20":"tag-judiciary-system-of-justice","21":"tag-justice-and-rights","22":"tag-latest-news","23":"tag-latestnews","24":"tag-law-and-order","25":"tag-news","26":"tag-noticias","27":"tag-noticias-destacadas","28":"tag-noticiasdestacadas","29":"tag-parties-and-movements","30":"tag-politics","31":"tag-politics-general","32":"tag-prisoners-and-detainees","33":"tag-ticker","34":"tag-titulares","35":"tag-ultimas-noticias","36":"tag-ultimasnoticias","37":"tag-war","38":"tag-world","39":"tag-world-news","40":"tag-worldnews"},"share_on_mastodon":{"url":"","error":"Validation failed: Text character limit of 500 exceeded"},"_links":{"self":[{"href":"https:\/\/www.europesays.com\/es\/wp-json\/wp\/v2\/posts\/318268","targetHints":{"allow":["GET"]}}],"collection":[{"href":"https:\/\/www.europesays.com\/es\/wp-json\/wp\/v2\/posts"}],"about":[{"href":"https:\/\/www.europesays.com\/es\/wp-json\/wp\/v2\/types\/post"}],"author":[{"embeddable":true,"href":"https:\/\/www.europesays.com\/es\/wp-json\/wp\/v2\/users\/2"}],"replies":[{"embeddable":true,"href":"https:\/\/www.europesays.com\/es\/wp-json\/wp\/v2\/comments?post=318268"}],"version-history":[{"count":0,"href":"https:\/\/www.europesays.com\/es\/wp-json\/wp\/v2\/posts\/318268\/revisions"}],"wp:featuredmedia":[{"embeddable":true,"href":"https:\/\/www.europesays.com\/es\/wp-json\/wp\/v2\/media\/318269"}],"wp:attachment":[{"href":"https:\/\/www.europesays.com\/es\/wp-json\/wp\/v2\/media?parent=318268"}],"wp:term":[{"taxonomy":"category","embeddable":true,"href":"https:\/\/www.europesays.com\/es\/wp-json\/wp\/v2\/categories?post=318268"},{"taxonomy":"post_tag","embeddable":true,"href":"https:\/\/www.europesays.com\/es\/wp-json\/wp\/v2\/tags?post=318268"}],"curies":[{"name":"wp","href":"https:\/\/api.w.org\/{rel}","templated":true}]}}