{"id":318276,"date":"2026-01-02T01:26:13","date_gmt":"2026-01-02T01:26:13","guid":{"rendered":"https:\/\/www.europesays.com\/es\/318276\/"},"modified":"2026-01-02T01:26:13","modified_gmt":"2026-01-02T01:26:13","slug":"ciclobreves-internacionales-enero-2026-ciclo21","status":"publish","type":"post","link":"https:\/\/www.europesays.com\/es\/318276\/","title":{"rendered":"Ciclobreves internacionales enero 2026 &#8211; Ciclo21"},"content":{"rendered":"<p style=\"text-align: justify;\"><a href=\"https:\/\/www.ciclo21.com\/ciclobreves-internacionales-diciembre-2025-31dic\/\" target=\"_blank\" rel=\"noopener nofollow\"><strong>Ciclobreves 2025<\/strong><\/a><\/p>\n<p style=\"text-align: justify;\"><strong>1 enero.<\/strong> La excampeona del mundo de ciclocross, la neerlandesa<strong> Lucinda Brand<\/strong> extiende su contrato con el equipo belga <strong>Baloise Trek Lions<\/strong> -que dirige <strong>Sven Nys<\/strong>\u2013 hasta 2027 y con el equipo de carretera <strong>Lidl alem\u00e1n un a\u00f1o m\u00e1s<\/strong>. \u201cMe siento en mi lugar en Baloise Trek Lions, as\u00ed que es agradable poder quedarme aqu\u00ed y continuar trabajando en un ambiente familiar. Con esta extensi\u00f3n de contrato podemos continuar la forma en que lo est\u00e1bamos haciendo y estoy feliz de seguir pilotando para el equipo en los pr\u00f3ximos a\u00f1os. Estoy muy ansioso por lograr algunos resultados m\u00e1s excelentes juntos. Ser capaz de combinar las carreras de carretera y el ciclo-cross con Lidl-Trek y Baloise-Trek Lions es realmente un privilegio. El apoyo que recibo de ambas partes, que trabajan muy bien juntos para que suceda, es incre\u00edble. Me proporciona un ambiente maravilloso y un equilibrio perfecto y libertad para ir entre las dos disciplinas\u201d.<\/p>\n<p style=\"text-align: justify;\"><strong>1 enero. El conjunto EF Education contar\u00e1 con una plantilla de 29 ciclistas en la temporada 2026<\/strong>. El WorldTeam estadounidense <strong>ha reforzado su bloque con cinco incorporaciones, entre las que destaca la del velocista Luke Lamperti,<\/strong> procedente de Soudal, llamado a aportar velocidad y regularidad en llegadas masivas. Con estos movimientos, el equipo busca consolidar un grupo equilibrado, combinando juventud, talento y experiencia para afrontar con garant\u00edas el calendario WorldTour. Tambi\u00e9n <strong>destaca la silenciosa renovaci\u00f3n de Richard Carapaz<\/strong>, que continuar\u00e1, al menos, una temporada m\u00e1s defendiendo los colores de la escuadra de Jonathan Vaughters.<\/p>\n<p style=\"text-align: justify;\">En el apartado de bajas, el conjunto norteamericano se despide de dos nombres emblem\u00e1ticos del pelot\u00f3n internacional. El portugu\u00e9s Rui Costa, campe\u00f3n del mundo en 2013 y ganador de etapas en las tres Grandes Vueltas, y el colombiano Esteban Chaves, uno de los escaladores m\u00e1s carism\u00e1ticos de la \u00faltima d\u00e9cada, han anunciado su retirada del ciclismo profesional. Dos adioses que marcan el fin de una era y que obligan a EF Education a redefinir parte de su liderazgo deportivo de cara al nuevo ciclo que se abre en 2026.<\/p>\n<p style=\"text-align: justify;\"><strong><a href=\"https:\/\/www.ciclo21.com\/mercado-fichajes-2026-1ene\/\" target=\"_blank\" rel=\"noopener nofollow\">Plantilla 2026<\/a>:<\/strong> Mattia Agostinacchio, 18 a\u00f1os (Ciclistica Trevigliese); Vincenzo Albanese, 29 a\u00f1os; Kasper Asgreen, 30 a\u00f1os; Samuele Battistella, 27 a\u00f1os; Alex Baudin, 24 a\u00f1os<br \/><strong>Markel Beloki Fernandez, 20 a\u00f1os<\/strong>; Richard Carapaz, 32 a\u00f1os; Alexander Jefferson Cepeda, 27 a\u00f1os; Ben Healy, 25 a\u00f1os; Noah Hobbs, 21 a\u00f1os (EF Education-Aevolo); Mikkel Honor\u00e9, 28 a\u00f1os; Luke Lamperti, 22 a\u00f1os (Soudal); Michael Leonard, 21 a\u00f1os (INEOS); Alastair Mackellar, 23 a\u00f1os; Madis Mihkels, 22 a\u00f1os; Lukas Nerurkar, 22 a\u00f1os; Neilson Powless, 29 a\u00f1os; Sean Quinn, 25 a\u00f1os; Darren Rafferty, 22 a\u00f1os; Archie Ryan, 24 a\u00f1os; Matthias Schwarzbacher, 19 (UAE Team Emirates Gen Z); James Shaw, 29; Colby Simmons, 22; Georg Steinhauser, 24; Harrison Sweeny, 27; Michael Valgren, 33; Marijn Van Den Berg, 26; Jardi Van der Lee, 24 y Max Walker, 24.<\/p>\n<p style=\"text-align: justify;\"><strong>1 enero \/ <a href=\"https:\/\/www.trackpiste.com\/\" target=\"_blank\" rel=\"noopener nofollow\">Trackpiste<\/a><\/strong>.\u00a0El ciclista australiano\u00a0<strong>Alex Edmondson ha anunciado en su cuenta de Instagram su retirada a los 32 a\u00f1os,<\/strong> \u201cde un deporte al que le he dado todo durante los\u00a0 \u00faltimos 20 a\u00f1os\u201d. Aunque durante\u00a0<strong>las \u00faltimas diez temporadas su prioridad ha sido la carretera<\/strong>, como profesional de los equipos Orica y DSM, no debemos olvidar su notable carrera como pistard,\u00a0<strong>especialmente como persecucionista: subcampe\u00f3n ol\u00edmpico por equipos en Rio 2016 y medallista de oro en 2013 y 2014, a\u00f1o en el que tambi\u00e9n lograba el t\u00edtulo en la individual<\/strong>\u00a0al superar al suizo Stefan K\u00fcng.<\/p>\n<p style=\"font-weight: 400; text-align: justify;\"><strong>Su hermana mayor, Anette, tambi\u00e9n fue una destacada pistard, que se retir\u00f3 tras los JJOO de Tokio<\/strong> y que a principios de a\u00f1o recib\u00eda el <strong><a href=\"https:\/\/www.trackpiste.com\/2025\/03\/edmondson-premiada-con-el-prestigioso.html\" rel=\"nofollow noopener\" target=\"_blank\">prestigioso premio de Igualdad de G\u00e9nero, Diversidad e Inclusi\u00f3n<\/a><\/strong> (GEDI) del Comit\u00e9 Ol\u00edmpico Internacional (COI) para Ocean\u00eda. \u201cPuede que me est\u00e9 alejando de las carreras, pero el ciclismo siempre ser\u00e1 una gran pasi\u00f3n para m\u00ed.\u00a0<strong>Estoy emocionado de seguir involucrado y espero devolverle a la pr\u00f3xima generaci\u00f3n\u201d,<\/strong> se desped\u00eda el ya ex corredor australiano.<\/p>\n<p style=\"text-align: justify;\"><strong>1 enero. El ya pasado a\u00f1o 2025 tuvo tres actos para Lars van den Berg<\/strong>. Tras trabajar intensamente en su regreso a la competici\u00f3n con la vista puesta en la primavera, el neerland\u00e9s recibi\u00f3 en marzo la noticia m\u00e1s dura de su carrera: deb\u00eda retirarse de forma inmediata del ciclismo profesional por problemas card\u00edacos. Desde entonc<strong>es, el ex corredor de Groupama ha iniciado un proceso personal para redefinir su futuro<\/strong>, reconociendo que todav\u00eda le cuesta asumir una salida tan abrupta del pelot\u00f3n. <strong>\u201cSigue siendo una locura, a\u00fan no me he acostumbrado\u201d<\/strong>, confes\u00f3 durante la Gala del Ciclismo a WielerFlits.<\/p>\n<p style=\"text-align: justify;\">Lejos de quedarse parado, <strong>Van den Berg ha explorado m\u00faltiples caminos: comentarista para Eurosport y NOS, creador del proyecto y p\u00f3dcast Beyond the KOM junto a Ramon Sinkeldam<\/strong>, e incluso una experiencia formativa con el equipo de desarrollo de Groupama, con el que disput\u00f3 el Giro sub-23. A sus 27 a\u00f1os, y tras aprobar el examen de director deportivo, admite que le resulta dif\u00edcil elegir qu\u00e9 le ha llenado m\u00e1s, aunque lo tiene claro: Beyond the KOM es su apuesta principal para 2026, sin descartar m\u00e1s presencia televisiva. <strong>\u201c\u00bfMi deseo para el nuevo a\u00f1o? Que mi hermano gane diez carreras\u201d<\/strong>, bromea, mirando ya al futuro con otro maillot\u2026 pero la misma pasi\u00f3n por el ciclismo.<\/p>\n<p style=\"text-align: justify;\"><strong>1 enero<\/strong>.\u00a0Cuando parec\u00eda que su historia en el ciclismo profesional hab\u00eda llegado a su fin, <strong><a href=\"https:\/\/www.ciclo21.com\/1a-tour-alpes-2022-bouchard\/\" target=\"_blank\" rel=\"noopener nofollow\">Geoffrey Bouchard<\/a> ha decidido reescribir el \u00faltimo cap\u00edtulo<\/strong>. El escalador franc\u00e9s, de 33 a\u00f1os, anunci\u00f3 su retirada tras una ca\u00edda en el Tour de Luxemburgo, pero apenas unas semanas despu\u00e9s ha encontrado un nuevo impulso en TotalEnergies, equipo con el que busca relanzar una carrera marcada por la combatividad y los \u00e9xitos en la monta\u00f1a. <strong>\u201cPas\u00e9 un mes esperando, sin hacer nada\u2026 ya no controlaba mi destino\u201d<\/strong>, reconoce, describiendo un periodo de incertidumbre que estuvo a punto de alejarle definitivamente de la bicicleta.<\/p>\n<p style=\"text-align: justify;\">Desvinculado de Decathlon, donde pas\u00f3 siete temporadas, <strong>Bouchard explica que el cambio responde tanto a una necesidad personal como deportiva<\/strong>. El franc\u00e9s sent\u00eda que ya no encajaba en un proyecto cada vez m\u00e1s orientado al sprint y menos al ataque, una se\u00f1a de identidad que siempre defini\u00f3 su estilo. <strong>En TotalEnergies, en cambio, ha encontrado un entorno acorde a su ADN ofensivo y a su deseo de \u201ccorrer sin inhibiciones\u201d<\/strong>, con la ambici\u00f3n de volver a dejar huella en la monta\u00f1a y, qui\u00e9n sabe, apuntar de nuevo al Tour de Francia si las piernas y la forma lo permiten.<\/p>\n<blockquote class=\"instagram-media\" style=\"background: #FFF; border: 0; border-radius: 3px; box-shadow: 0 0 1px 0 rgba(0,0,0,0.5),0 1px 10px 0 rgba(0,0,0,0.15); margin: 1px; max-width: 540px; min-width: 326px; padding: 0; width: calc(100% - 2px);\" data-instgrm-captioned=\"\" data-instgrm-permalink=\"https:\/\/www.instagram.com\/reel\/DRb9I0UiH9J\/?utm_source=ig_embed&amp;utm_campaign=loading\" data-instgrm-version=\"14\"\/>\n<p style=\"text-align: justify;\"><strong>1 enero.\u00a0<a href=\"https:\/\/www.ciclo21.com\/paris-chauny-2025-de-lie\/\" target=\"_blank\" rel=\"noopener nofollow\">Arnaud De Lie<\/a> ha comenzado 2026 con un contratiempo importante<\/strong>. El belga de 23 a\u00f1os anunci\u00f3 este mi\u00e9rcoles por la noche, a trav\u00e9s de sus redes sociales, que <strong>sufre una lesi\u00f3n grave en los ligamentos del tobillo<\/strong> tras torcerse el pie.<strong> \u201cEl da\u00f1o es serio, pero la situaci\u00f3n est\u00e1 clara y estoy recibiendo el tratamiento adecuado. La recuperaci\u00f3n avanza paso a paso\u201d<\/strong>, explic\u00f3 el corredor del Lotto-Intermarch\u00e9, tranquilizando parcialmente a sus seguidores.<\/p>\n<p style=\"text-align: justify;\">Posteriormente, el equipo precis\u00f3 que <strong>De Lie presenta una lesi\u00f3n en el ligamento anterior<\/strong>, aunque su evoluci\u00f3n est\u00e1 siendo seguida de cerca y ya ha podido volver a entrenar sobre la bicicleta. Al tratarse de una lesi\u00f3n situada en la parte delantera del pie, el ligamento apenas se ve sometido a tensi\u00f3n durante el pedaleo, lo que permite mantener la preparaci\u00f3n sin alteraciones por el momento. Mientras <strong>el velocista contin\u00faa con su recuperaci\u00f3n controlada<\/strong>, Lotto-Intermarch\u00e9 ultima los detalles para la presentaci\u00f3n oficial de su nueva camiseta de 2026, prevista para el viernes 2 de enero.<\/p>\n<p style=\"text-align: justify;\"><strong>1 enero<\/strong>.\u00a0Aunque el nuevo maillot de Red Bull para 2026 ya hab\u00eda sido presentado, ahora han salido a la luz las primeras im\u00e1genes de <strong><a href=\"https:\/\/www.ciclo21.com\/remco-evenepoel-palmares-victorias-67\/\" target=\"_blank\" rel=\"noopener nofollow\">Remco Evenepoel<\/a> con el tricot que vestir\u00e1 en su estreno con el equipo alem\u00e1n<\/strong>. El belga, gran fichaje de la escuadra, contar\u00e1 con un detalle exclusivo respecto a sus compa\u00f1eros: <strong>adem\u00e1s de las mangas arco\u00edris como excampe\u00f3n del mundo en ruta, llevar\u00e1 un cuello dorado que recuerda su condici\u00f3n de vigente campe\u00f3n ol\u00edmpico<\/strong>.<\/p>\n<p style=\"text-align: justify;\" data-start=\"620\" data-end=\"1304\" data-is-last-node=\"\" data-is-only-node=\"\">El uniforme del equipo ha experimentado una transformaci\u00f3n notable respecto a la temporada pasada, dejando atr\u00e1s el azul oscuro para apostar por un dise\u00f1o mayoritariamente blanco con llamativas mangas azules, inspirado en el maillot especial del Tour de Francia del pasado verano. <strong>Los logotipos de Red Bull, BORA y hansgrohe aportan color en la zona frontal<\/strong>, mientras que los motivos en forma de flechas y la continuidad del dise\u00f1o en la espalda refuerzan la identidad visual creada por Specialized. <strong>En el caso de Evenepoel, los detalles dorados y las bandas arco\u00edris completan una equipaci\u00f3n \u00fanica<\/strong>, cargada de simbolismo por sus t\u00edtulos mundial (2022) y ol\u00edmpico (2024) en carretera.<\/p>\n<p><a href=\"https:\/\/www.europesays.com\/es\/wp-content\/uploads\/2026\/01\/MF_251021_RBH-26_Portaits_Remco-e1766849478784-1280x640-1.jpg\" target=\"_blank\" rel=\"noopener\"><img fetchpriority=\"high\" decoding=\"async\" aria-describedby=\"caption-attachment-455679\" class=\"wp-image-455679 size-full lazy\" src=\"data:image\/svg+xml,%3Csvg%20xmlns=\" http:=\"\" data-src=\"https:\/\/www.europesays.com\/es\/wp-content\/uploads\/2026\/01\/MF_251021_RBH-26_Portaits_Remco-e1766849478784-1280x640-1.jpg\" alt=\"\" width=\"1280\" height=\"640\" data- data-\/><\/a><\/p>\n<p id=\"caption-attachment-455679\" class=\"wp-caption-text\">Remco Evenepoel posa con el maillot de su nuevo equipo, Red Bull, luciendo el cuello dorado<\/p>\n<p style=\"text-align: justify;\"><strong>1 enero.\u00a0Davide Bomboi ha decidido poner fin a su carrera como ciclista profesional a los 25 a\u00f1os<\/strong>. El belga, que defendi\u00f3 los colores del Unibet Tietema Rockets en las \u00faltimas temporadas, anunci\u00f3 su retirada coincidiendo con el inicio de 2026, tras un largo proceso de reflexi\u00f3n personal. <strong>\u201cSent\u00eda que me faltaba la capacidad f\u00edsica para seguir progresando al ritmo del equipo\u201d<\/strong>, explic\u00f3 en redes sociales, se\u00f1alando tambi\u00e9n el alto nivel actual del ciclismo y una anemia cong\u00e9nita (talasemia) que ha condicionado su recuperaci\u00f3n y su rendimiento m\u00e1ximo, especialmente en carreras por etapas.\u00a0Pese al adi\u00f3s a la competici\u00f3n, Bomboi no se desvincula del proyecto y <strong>continuar\u00e1 en la estructura, rebautizada como <a href=\"https:\/\/www.ciclo21.com\/cholet-agglo-tour-2025-kubis\/\" target=\"_blank\" rel=\"noopener nofollow\">Unibet Rose Rockets<\/a>, asumiendo el cargo de<\/strong> <strong data-start=\"915\" data-end=\"945\">Junior Partnership Manager<\/strong> a partir de enero. <strong>\u201cNo guardo rencor: lo di todo y disfrut\u00e9 cada momento\u201d<\/strong>, afirm\u00f3 el velocista, que deja el ciclismo tras tres temporadas en el equipo y varios resultados destacados, como el tercer puesto en la Visit Friesland Elfstedenrace o el segundo lugar en una etapa del Tour de Taiw\u00e1n. Un cambio de rol que le permite seguir ligado a un deporte que, asegura, aprecia ahora incluso m\u00e1s que antes.<\/p>\n<p>A la marcha de Bomboi, se unen<strong> dos ciclistas que se quedaron sin contrato a finales de 2025 dejar\u00e1n de formar parte del pelot\u00f3n en 2026<\/strong>. El primero es el experimentado <strong>Michael Hepburn<\/strong> , quien,<strong> tras 14 temporadas en el pelot\u00f3n profesional, todas con el Jayco (y equipos anteriores), ha decidido retirars<\/strong>e. El anuncio lo realiz\u00f3 su antiguo equipo, que a principios de a\u00f1o quiso rendir homenaje al australiano de 34 a\u00f1os y agradecerle los muchos a\u00f1os que dedic\u00f3 a apoyar a sus compa\u00f1eros, ganando tres carreras profesionales y convirti\u00e9ndose en campe\u00f3n nacional y continental de contrarreloj. El belga <a href=\"https:\/\/www.ciclo21.com\/3a-challenge-mallorca-2023-goossens\/\" target=\"_blank\" rel=\"noopener nofollow\"><strong>Kobe Goossens<\/strong><\/a>, <strong>excluido de la fusi\u00f3n entre su equipo, Intermarch\u00e9-Wanty, y Lotto, solo pas\u00f3 seis a\u00f1os en el pelot\u00f3n profesional<\/strong>. El ciclista de 29 a\u00f1os se dio a conocer a principios de 2023 <a href=\"https:\/\/www.ciclo21.com\/3a-challenge-mallorca-2023-goossens\/\" target=\"_blank\" rel=\"noopener nofollow\">al ganar el Trofeo Andratx<\/a> y el <a href=\"https:\/\/www.ciclo21.com\/4a-challenge-mallorca-trofeo-serra-de-tramuntana-goossens\/\" rel=\"nofollow noopener\" target=\"_blank\">Trofeo Serra de Tramuntana en 24 horas<\/a>, sus \u00fanicas victorias de su carrera. Sin embargo, posteriormente enfrent\u00f3 varios problemas f\u00edsicos que rara vez le permitieron recuperar su forma y afectaron significativamente sus \u00faltimas temporadas. Este a\u00f1o, de hecho, el belga solo ha competido 19 d\u00edas, y su \u00faltima aparici\u00f3n se remonta a principios de junio en el Heistse Pijl.<\/p>\n<p style=\"text-align: justify;\"><strong>1 enero.\u00a0La llegada de Remco Evenepoel ha convertido definitivamente a Red Bull en una superestructura del pelot\u00f3n<\/strong>, algo que <strong><a href=\"https:\/\/www.ciclo21.com\/circuito-het-nieuwsblad-2024-tratnik\/\" target=\"_blank\" rel=\"noopener nofollow\">Jan Tratnik<\/a> asume como un reto personal en 2026<\/strong>. A sus 35 a\u00f1os y en la que ser\u00e1 su 18\u00aa temporada como profesional, el esloveno sabe que su papel ser\u00e1 m\u00e1s exigente que nunca: <strong>\u201cCreo que tendr\u00e9 que ayudar a muchos l\u00edderes a lo largo del a\u00f1o. Habr\u00e1 distintos capitanes seg\u00fan las carreras y yo estar\u00e9 para apoyarles a todos\u201d<\/strong>, explica, avanzando un calendario que combinar\u00e1 cl\u00e1sicas, vueltas por etapas y una gran vuelta que no ser\u00e1 el Giro.<\/p>\n<p style=\"text-align: justify;\" data-start=\"786\" data-end=\"1428\" data-is-last-node=\"\" data-is-only-node=\"\">M\u00e1s all\u00e1 del trabajo f\u00edsico, <strong>Tratnik ejercer\u00e1 tambi\u00e9n como pieza t\u00e1ctica clave dentro del pelot\u00f3n<\/strong>, especialmente en un equipo repleto de estrellas. <strong>\u201cHay momentos en los que tengo que decirle a alg\u00fan compa\u00f1ero que avance porque va demasiado atr\u00e1s. Es parte de mi responsabilidad explicar qu\u00e9 puede pasar\u201d<\/strong>, detalla, marcando diferencias entre veteranos y j\u00f3venes. Sin sentir presi\u00f3n, pero con plena conciencia del nivel del bloque, valora la llegada de Evenepoel como un salto cualitativo: <strong>\u201cFue una sorpresa, pero una noticia fant\u00e1stica. Remco es un luchador, un campe\u00f3n enorme. Tenerlo en el equipo es una oportunidad para lograr a\u00fan m\u00e1s\u201d<\/strong>.<\/p>\n<p style=\"text-align: justify;\" data-start=\"786\" data-end=\"1428\" data-is-last-node=\"\" data-is-only-node=\"\"><strong>1 enero<\/strong>. <strong>Lucinda Brand volvi\u00f3 a mandar en Baal<\/strong> desde el control absoluto, sin alardes ni ataques innecesarios. <strong>\u201cAqu\u00ed siempre es duro, y eso pesa\u201d, explic\u00f3 tras la meta. \u201cQuiz\u00e1 la competici\u00f3n necesit\u00f3 m\u00e1s tiempo para entrar en carrera. Puck fue muy fuerte al final, pero yo rod\u00e9 a un ritmo que pod\u00eda sostener\u201d<\/strong>. La neerlandesa se puso al frente desde las primeras vueltas, abri\u00f3 hueco con naturalidad y gestion\u00f3 la carrera a su manera, sin asumir riesgos, marcando un tempo constante que ninguna rival logr\u00f3 romper.<\/p>\n<p style=\"text-align: justify;\" data-start=\"630\" data-end=\"1240\" data-is-last-node=\"\" data-is-only-node=\"\">Puck Pieterse, por su parte, se\u00f1al\u00f3 un error muy concreto como decisivo en el desenlace. <strong>\u201cEn realidad sal\u00ed bien, pero luego llegamos a las escaleras. No estaban completamente cubiertas, pis\u00e9 madera resbaladiza y me ca\u00ed. Eso signific\u00f3 que tuve que empezar a perseguir inmediatamente\u201d<\/strong>, relat\u00f3. \u201c<strong>Vi que Lucinda, junto con Zoe y Jolanda, ya ten\u00eda ventaja. Para m\u00ed, ah\u00ed lo arruin\u00e9 yo misma. Intent\u00e9 volver r\u00e1pido a mi ritmo, pero nunca regres\u00e9 a la carrera\u201d<\/strong>. Aun as\u00ed, no perdi\u00f3 la esperanza: <strong>\u201cPor supuesto que esperaba poder volver. Sab\u00eda que ella tendr\u00eda que cometer alg\u00fan error en alg\u00fan momento, pero no ocurri\u00f3\u201d.<\/strong><\/p>\n<p data-start=\"630\" data-end=\"1240\" data-is-last-node=\"\" data-is-only-node=\"\"><strong><a href=\"https:\/\/www.ciclo21.com\/ciclocross-resultados-uci-2025-2126-27sep\/\" target=\"_blank\" rel=\"noopener nofollow\">RESULTADOS CX 2025-2026<\/a><\/strong><\/p>\n<p style=\"text-align: justify;\" data-start=\"786\" data-end=\"1428\" data-is-last-node=\"\" data-is-only-node=\"\"><strong>1 enero.\u00a0<\/strong>En un Gran Premio Sven Nys marcado por un recorrido traicionero, pesado y lleno de barro, <strong><a href=\"https:\/\/www.ciclo21.com\/mathieu-van-der-poel-victorias-60\/\" target=\"_blank\" rel=\"noopener nofollow\">Mathieu van der Poel<\/a> (Alpecin) se impuso el jueves 1 de enero tras lanzar su ataque decisivo ya en la segunda vuelta<\/strong>. El neerland\u00e9s parec\u00eda encaminarse a una victoria c\u00f3moda, pero, para mantener el suspense, dej\u00f3 ver errores t\u00e9cnicos poco habituales en \u00e9l. Incluso sufri\u00f3 una ca\u00edda despu\u00e9s de ser alcanzado por un sorprendente Emiel Verstrynge (Crelan), que acab\u00f3 convirti\u00e9ndose en la gran revelaci\u00f3n del d\u00eda.<\/p>\n<p style=\"text-align: justify;\">Verstrynge termin\u00f3 segundo, un resultado inesperado para muchos, especialmente por haber rodado durante un largo tramo junto al propio Van der Poel. Tras cruzar la meta, el siete veces campe\u00f3n del mundo quiso poner en valor su actuaci\u00f3n en declaraciones a Sporza:<strong> \u201cTuvo un buen d\u00eda. Estuvo conmigo durante mucho tiempo, y eso fue impresionante. No hablamos mucho, pero no fue necesario. Lo conozco bastante bien, es un buen tipo con mucho talento, y hoy lo ha demostrado\u201d<\/strong>. Un reconocimiento claro del ganador a quien fue, contra todo pron\u00f3stico, su rival m\u00e1s inc\u00f3modo en Baal.<\/p>\n<p>  <script async src=\"\/\/www.instagram.com\/embed.js\"><\/script><\/p>\n","protected":false},"excerpt":{"rendered":"Ciclobreves 2025 1 enero. La excampeona del mundo de ciclocross, la neerlandesa Lucinda Brand extiende su contrato con&hellip;\n","protected":false},"author":2,"featured_media":318277,"comment_status":"","ping_status":"","sticky":false,"template":"","format":"standard","meta":{"footnotes":""},"categories":[273],"tags":[313,312,168,25,24,69213,23,167],"class_list":{"0":"post-318276","1":"post","2":"type-post","3":"status-publish","4":"format-standard","5":"has-post-thumbnail","7":"category-ciclismo","8":"tag-ciclismo","9":"tag-cycling","10":"tag-deportes","11":"tag-es","12":"tag-espana","13":"tag-lucinda-brand","14":"tag-spain","15":"tag-sports"},"share_on_mastodon":{"url":"https:\/\/pubeurope.com\/@es\/115822905441143912","error":""},"_links":{"self":[{"href":"https:\/\/www.europesays.com\/es\/wp-json\/wp\/v2\/posts\/318276","targetHints":{"allow":["GET"]}}],"collection":[{"href":"https:\/\/www.europesays.com\/es\/wp-json\/wp\/v2\/posts"}],"about":[{"href":"https:\/\/www.europesays.com\/es\/wp-json\/wp\/v2\/types\/post"}],"author":[{"embeddable":true,"href":"https:\/\/www.europesays.com\/es\/wp-json\/wp\/v2\/users\/2"}],"replies":[{"embeddable":true,"href":"https:\/\/www.europesays.com\/es\/wp-json\/wp\/v2\/comments?post=318276"}],"version-history":[{"count":0,"href":"https:\/\/www.europesays.com\/es\/wp-json\/wp\/v2\/posts\/318276\/revisions"}],"wp:featuredmedia":[{"embeddable":true,"href":"https:\/\/www.europesays.com\/es\/wp-json\/wp\/v2\/media\/318277"}],"wp:attachment":[{"href":"https:\/\/www.europesays.com\/es\/wp-json\/wp\/v2\/media?parent=318276"}],"wp:term":[{"taxonomy":"category","embeddable":true,"href":"https:\/\/www.europesays.com\/es\/wp-json\/wp\/v2\/categories?post=318276"},{"taxonomy":"post_tag","embeddable":true,"href":"https:\/\/www.europesays.com\/es\/wp-json\/wp\/v2\/tags?post=318276"}],"curies":[{"name":"wp","href":"https:\/\/api.w.org\/{rel}","templated":true}]}}