{"id":318283,"date":"2026-01-02T01:33:33","date_gmt":"2026-01-02T01:33:33","guid":{"rendered":"https:\/\/www.europesays.com\/es\/318283\/"},"modified":"2026-01-02T01:33:33","modified_gmt":"2026-01-02T01:33:33","slug":"la-serie-roja-de-dragon-ball-super-regresara-este-ano-2026-aunque-mas-tarde-de-lo-que-pensabas","status":"publish","type":"post","link":"https:\/\/www.europesays.com\/es\/318283\/","title":{"rendered":"La Serie Roja de Dragon Ball Super regresar\u00e1 este a\u00f1o 2026, aunque m\u00e1s tarde de lo que pensabas"},"content":{"rendered":"<p class=\"c-paragraph\">\u00a1Empezamos el a\u00f1o con una gran noticia de <b><a href=\"https:\/\/www.hobbyconsolas.com\/hobbycine\/desvelada-una-tentadora-edicion-dragon-ball-daima-que-se-lanzara-blu-ray-2026_6916489_0.html\" title=\"Desvelada una tentadora edici\u00f3n de Dragon Ball Daima que se lanzar\u00e1 en Blu-ray en 2026\" rel=\"nofollow noopener\" target=\"_blank\">Dragon Ball<\/a><\/b>! Bueno, tampoco es que sea la mar de positiva, pero al menos no es una cat\u00e1strofe. Adem\u00e1s, este 2026 se antoja uno de los mejores de la franquicia a nivel informativo.<\/p>\n<p class=\"c-paragraph\">Y todo gracias al 25 de enero, una fecha que tenemos a la vuelta de la esquina. Durante dicha jornada se celebrar\u00e1 el <b>Genkidama Festival<\/b>, un evento en el que se desvelar\u00e1n noticias bomba de <b><a href=\"https:\/\/www.hobbyconsolas.com\/hobbycine\/serie-anime-dragon-ball-z-volvera-emitirse-gratis-espana-2026_6915691_0.html\" title=\"La serie anime de Dragon Ball Z volver\u00e1 a emitirse gratis en Espa\u00f1a en 2026\" rel=\"nofollow noopener\" target=\"_blank\">Goku <\/a><\/b>y sus amigos.<\/p>\n<p class=\"c-paragraph\">Para que te hagas una idea de la importancia de todo esto, Jap\u00f3n emitir\u00e1 el evento en directo para todo el planeta a trav\u00e9s de <b>YouTube<\/b>. \u00bfCu\u00e1les ser\u00e1n las grandes novedades? \u00bfUna nueva pel\u00edcula? \u00bfUna nueva serie? \u00bfAmbas cosas?<\/p>\n<p class=\"c-paragraph\">Por lo pronto sabemos que se anunciar\u00e1 un videojuego totalmente nuevo, as\u00ed que el nivel ya lo est\u00e1n poniendo por las nubes. Sin embargo, vamos a empezar el primer d\u00eda del a\u00f1o de manera moderada, que esto es muy largo.<\/p>\n<p class=\"c-paragraph\">Y es que, ya te podemos confirmar que la<b> Serie Roja <\/b>de <a href=\"https:\/\/www.hobbyconsolas.com\/hobbycine\/kazuhiko-torishima-editor-que-hizo-sudar-akira-toriyama-ahora-toma-con-toyotaro-uno-sus-mejores-trabajos-dragon-ball-super_6914364_0.html\" title=\"Kazuhiko Torishima, el editor que hizo sudar a Akira Toriyama, ahora la toma con Toyotaro y uno de sus mejores trabajos en Dragon Ball Super\" rel=\"nofollow noopener\" target=\"_blank\">Dragon Ball Super <\/a>se continuar\u00e1 editando este 2026 en Espa\u00f1a. No obstante, y aqu\u00ed viene la mala noticia, tendr\u00e1s que esperar hasta el 4 de marzo para disfrutar del primer ejemplar. \u00a1S\u00ed, todav\u00eda faltan 2 meses!<\/p>\n<p class=\"c-paragraph\">En dicha fecha podr\u00e1s encontrar, en las librer\u00edas especializadas, el n\u00famero 115 de la serie de <b>Akira Toriyama <\/b>y <b><a href=\"https:\/\/www.hobbyconsolas.com\/hobbycine\/toyotaro-dibuja-hermana-mutenroshi-desvela-algo-muy-misterioso-sobre-este-personaje-clasico-dragon-ball_6916154_0.html\" title=\"Toyotaro dibuja a la hermana de Mutenroshi y desvela algo muy misterioso sobre este personaje cl\u00e1sico de Dragon Ball\" rel=\"nofollow noopener\" target=\"_blank\">Toyotaro<\/a><\/b>, un ejemplar muy especial que abordar\u00e1 el inicio del ep\u00edlogo de la<b> Saga de Super Hero<\/b>. \u00a1Mira la portada!<\/p>\n<p class=\"c-paragraph\">\u00bfReconoces a los personajes que aparecen en la tapa? En efecto, apreciamos a <b>Trunks<\/b> y <b>Goten adolescentes<\/b>, luciendo sus trajes de <b>Gran Saiyaman X1<\/b> y <b>X2<\/b>, mientras hablan con <b>Carmine<\/b>, el que fuera subordinado de <b>Magenta<\/b>, l\u00edder de la nueva <b>Red Ribbon<\/b>.<\/p>\n<p class=\"c-paragraph\">\u00bfQuieres saber qu\u00e9 est\u00e1n planeando? Pues lo dicho, hasta el mes de marzo no podr\u00e1s salir de dudas, y lo podr\u00e1s hacer tanto en castellano como en catal\u00e1n, los dos idiomas en los que est\u00e1 disponible la Serie Roja de Dragon Ball Super. \u00a1Kai, Kai!<\/p>\n","protected":false},"excerpt":{"rendered":"\u00a1Empezamos el a\u00f1o con una gran noticia de Dragon Ball! Bueno, tampoco es que sea la mar de&hellip;\n","protected":false},"author":2,"featured_media":318284,"comment_status":"","ping_status":"","sticky":false,"template":"","format":"standard","meta":{"footnotes":""},"categories":[171],"tags":[11203,11202,146,147,25,24,13644,156,23,3400,214],"class_list":{"0":"post-318283","1":"post","2":"type-post","3":"status-publish","4":"format-standard","5":"has-post-thumbnail","7":"category-tv","8":"tag-ball","9":"tag-dragon","10":"tag-entertainment","11":"tag-entretenimiento","12":"tag-es","13":"tag-espana","14":"tag-roja","15":"tag-serie","16":"tag-spain","17":"tag-super","18":"tag-tv"},"share_on_mastodon":{"url":"https:\/\/pubeurope.com\/@es\/115822932931559368","error":""},"_links":{"self":[{"href":"https:\/\/www.europesays.com\/es\/wp-json\/wp\/v2\/posts\/318283","targetHints":{"allow":["GET"]}}],"collection":[{"href":"https:\/\/www.europesays.com\/es\/wp-json\/wp\/v2\/posts"}],"about":[{"href":"https:\/\/www.europesays.com\/es\/wp-json\/wp\/v2\/types\/post"}],"author":[{"embeddable":true,"href":"https:\/\/www.europesays.com\/es\/wp-json\/wp\/v2\/users\/2"}],"replies":[{"embeddable":true,"href":"https:\/\/www.europesays.com\/es\/wp-json\/wp\/v2\/comments?post=318283"}],"version-history":[{"count":0,"href":"https:\/\/www.europesays.com\/es\/wp-json\/wp\/v2\/posts\/318283\/revisions"}],"wp:featuredmedia":[{"embeddable":true,"href":"https:\/\/www.europesays.com\/es\/wp-json\/wp\/v2\/media\/318284"}],"wp:attachment":[{"href":"https:\/\/www.europesays.com\/es\/wp-json\/wp\/v2\/media?parent=318283"}],"wp:term":[{"taxonomy":"category","embeddable":true,"href":"https:\/\/www.europesays.com\/es\/wp-json\/wp\/v2\/categories?post=318283"},{"taxonomy":"post_tag","embeddable":true,"href":"https:\/\/www.europesays.com\/es\/wp-json\/wp\/v2\/tags?post=318283"}],"curies":[{"name":"wp","href":"https:\/\/api.w.org\/{rel}","templated":true}]}}