{"id":318287,"date":"2026-01-02T01:36:15","date_gmt":"2026-01-02T01:36:15","guid":{"rendered":"https:\/\/www.europesays.com\/es\/318287\/"},"modified":"2026-01-02T01:36:15","modified_gmt":"2026-01-02T01:36:15","slug":"recuperacion-de-santiago-gimenez-podria-aumentar-considerablemente-tudn-seleccion-mexico","status":"publish","type":"post","link":"https:\/\/www.europesays.com\/es\/318287\/","title":{"rendered":"Recuperaci\u00f3n de Santiago Gimenez podr\u00eda aumentar considerablemente | TUDN Seleccion Mexico"},"content":{"rendered":"<p>Luego de que pasara un largo periodo fuera de las canchas por una lesi\u00f3n en el tobillo derecho, al no lograr una recuperaci\u00f3n satisfactoria mediante terapia f\u00edsica, a mediados del mes pasado <b> se tom\u00f3 la decisi\u00f3n de que se sometiera a cirug\u00eda para apresurar el proceso.<\/b><\/p>\n<p>\u00abGim\u00e9nez estar\u00e1 de baja entre tres y cuatro meses y ha llegado F\u00fcllkrug y nos echar\u00e1 una mano\u00bb, declar\u00f3 el estratega en conferencia de prensa.<\/p>\n<p>Dentro de los m\u00faltiples problemas de Javier &#8216;Vasco&#8217; Aguirre en sus llamados para enfrentar la justa mundialista, Gimenez es parte de una lista de lesionados donde tambi\u00e9n se encuentran Luis Ch\u00e1vez, Rodrigo Huescas, Orozco Chiquete y C\u00e9sar \u2018Chino\u2019 Huerta.<\/p>\n","protected":false},"excerpt":{"rendered":"Luego de que pasara un largo periodo fuera de las canchas por una lesi\u00f3n en el tobillo derecho,&hellip;\n","protected":false},"author":2,"featured_media":318288,"comment_status":"","ping_status":"","sticky":false,"template":"","format":"standard","meta":{"footnotes":""},"categories":[93],"tags":[8435,168,25,24,8252,32463,10896,74261,47974,23,167],"class_list":{"0":"post-318287","1":"post","2":"type-post","3":"status-publish","4":"format-standard","5":"has-post-thumbnail","7":"category-deportes","8":"tag-ac-milan","9":"tag-deportes","10":"tag-es","11":"tag-espana","12":"tag-lesion","13":"tag-mundial-2026","14":"tag-recuperacion","15":"tag-santiago-gimenez","16":"tag-seleccion-mexicana","17":"tag-spain","18":"tag-sports"},"share_on_mastodon":{"url":"https:\/\/pubeurope.com\/@es\/115822945027538075","error":""},"_links":{"self":[{"href":"https:\/\/www.europesays.com\/es\/wp-json\/wp\/v2\/posts\/318287","targetHints":{"allow":["GET"]}}],"collection":[{"href":"https:\/\/www.europesays.com\/es\/wp-json\/wp\/v2\/posts"}],"about":[{"href":"https:\/\/www.europesays.com\/es\/wp-json\/wp\/v2\/types\/post"}],"author":[{"embeddable":true,"href":"https:\/\/www.europesays.com\/es\/wp-json\/wp\/v2\/users\/2"}],"replies":[{"embeddable":true,"href":"https:\/\/www.europesays.com\/es\/wp-json\/wp\/v2\/comments?post=318287"}],"version-history":[{"count":0,"href":"https:\/\/www.europesays.com\/es\/wp-json\/wp\/v2\/posts\/318287\/revisions"}],"wp:featuredmedia":[{"embeddable":true,"href":"https:\/\/www.europesays.com\/es\/wp-json\/wp\/v2\/media\/318288"}],"wp:attachment":[{"href":"https:\/\/www.europesays.com\/es\/wp-json\/wp\/v2\/media?parent=318287"}],"wp:term":[{"taxonomy":"category","embeddable":true,"href":"https:\/\/www.europesays.com\/es\/wp-json\/wp\/v2\/categories?post=318287"},{"taxonomy":"post_tag","embeddable":true,"href":"https:\/\/www.europesays.com\/es\/wp-json\/wp\/v2\/tags?post=318287"}],"curies":[{"name":"wp","href":"https:\/\/api.w.org\/{rel}","templated":true}]}}