{"id":318291,"date":"2026-01-02T01:38:22","date_gmt":"2026-01-02T01:38:22","guid":{"rendered":"https:\/\/www.europesays.com\/es\/318291\/"},"modified":"2026-01-02T01:38:22","modified_gmt":"2026-01-02T01:38:22","slug":"los-javis-juntos-en-nochevieja-con-lectura-de-tarot-de-rappel-y-ursula-corbero-gente","status":"publish","type":"post","link":"https:\/\/www.europesays.com\/es\/318291\/","title":{"rendered":"Los Javis juntos en Nochevieja con lectura de tarot de Rappel y \u00darsula Corber\u00f3 | Gente"},"content":{"rendered":"<p class=\"\">Los directores y guionistas Javier Ambrossi y Javier Calvo, conocidos popularmente como<a href=\"https:\/\/elpais.com\/eps\/2023-09-17\/los-javis-y-su-troupe-talento-imparable.html\" target=\"_blank\" rel=\"noreferrer nofollow noopener\" title=\"https:\/\/elpais.com\/eps\/2023-09-17\/los-javis-y-su-troupe-talento-imparable.html\"> Los Javis, <\/a>han comenzado el a\u00f1o 2026 con una celebraci\u00f3n especial. Seg\u00fan las im\u00e1genes publicadas en los stories de la cuenta de<a href=\"https:\/\/www.instagram.com\/javviercalvo\/\" target=\"_self\" rel=\"nofollow noopener\" title=\"https:\/\/www.instagram.com\/javviercalvo\/\"> Instagram de Javier Calvo,<\/a> en la que acumula casi 700.000 seguidores, esta Nochevieja la han celebrado juntos, a pesar de que el pasado mes de noviembre muchos se sorprend\u00edan con la noticia de su ruptura.<\/p>\n<p class=\"\">A la fiesta no faltaron figuras destacadas del mundo del entretenimiento: entre los invitados estuvo el futur\u00f3logo Rappel, que les tir\u00f3 las cartas a la expareja, y tambi\u00e9n la actriz \u00darsula Corber\u00f3 junto a su pareja, Chino Dar\u00edn, que se convertir\u00e1n en padres de <a href=\"https:\/\/elpais.com\/gente\/2025-09-09\/ursula-corbero-y-chino-darin-esperan-su-primer-hijo.html\" target=\"_blank\" rel=\"noreferrer nofollow noopener\" title=\"https:\/\/elpais.com\/gente\/2025-09-09\/ursula-corbero-y-chino-darin-esperan-su-primer-hijo.html\">su primer hijo en las pr\u00f3ximas semanas.<\/a> En las im\u00e1genes compartidas por Calvo se puede ver que fue una velada animada en la que no faltaron otras caras conocidas del panorama cultural y medi\u00e1tico espa\u00f1ol, como la actriz Lola Rodr\u00edguez.<\/p>\n<p>M\u00e1s informaci\u00f3n<img decoding=\"auto\" class=\"_re lazyload a_m-v\" height=\"733\"  width=\"414\"  src=\"https:\/\/www.europesays.com\/es\/wp-content\/uploads\/2026\/01\/5RT4OSWPDFGKRM73ZTZ3RVHEHI.jpg\" loading=\"lazy\"\/>Los Javis con el astr\u00f3logo, Rappel.<\/p>\n<p class=\"\">As\u00ed que Los Javis han dado la bienvenida al 2026 igual que lo hicieron en 2025: juntos y celebrando con amigos, aunque con la diferencia de que en esta ocasi\u00f3n el escenario de <a href=\"https:\/\/elpais.com\/gente\/2025-01-01\/el-fieston-de-nochevieja-de-los-javis-en-su-casa-nueva-rosalia-y-anne-igartiburu-entre-las-caras-conocidas.html\" target=\"_blank\" rel=\"noreferrer nofollow noopener\" title=\"https:\/\/elpais.com\/gente\/2025-01-01\/el-fieston-de-nochevieja-de-los-javis-en-su-casa-nueva-rosalia-y-anne-igartiburu-entre-las-caras-conocidas.html\">la fiesta no ha sido su lujosa casa en Pozuelo de Alarc\u00f3n<\/a> (Comunidad de Madrid), en la que el a\u00f1o pasado estuvo Rosal\u00eda y dio las Campanadas Anne Igartiburu.<\/p>\n<p class=\"\">Cuando el pasado mes de noviembre EL PA\u00cdS public\u00f3 en exclusiva <a href=\"https:\/\/elpais.com\/gente\/2025-11-11\/los-javis-se-separan-tras-15-anos-de-relacion-sentimental.html\" target=\"_blank\" rel=\"noreferrer nofollow noopener\" title=\"https:\/\/elpais.com\/gente\/2025-11-11\/los-javis-se-separan-tras-15-anos-de-relacion-sentimental.html\">la separaci\u00f3n de la pareja tras 13 a\u00f1os de relaci\u00f3n,<\/a> la noticia conmovi\u00f3 al sector cultural. Pero entonces ya se se\u00f1alaba que, pese a la ruptura sentimental, ambos seguir\u00edan manteniendo su relaci\u00f3n profesional y creativa, dado que comparten numerosos proyectos y una productora que ha cambiado el audiovisual espa\u00f1ol en la \u00faltima d\u00e9cada. La separaci\u00f3n fue una decisi\u00f3n tomada de mutuo acuerdo, y la presencia de ambos en Nochevieja es una muestra de que su amistad y la complicidad art\u00edstica contin\u00faa. <\/p>\n<p><img decoding=\"auto\" class=\"_re lazyload a_m-v\" height=\"734\"  width=\"414\"  src=\"https:\/\/www.europesays.com\/es\/wp-content\/uploads\/2026\/01\/2NXP7M2YPJG6BAUC7JAWBOJHWI.jpg\" loading=\"lazy\"\/>Javier Calvo con \u00darsula Corber\u00f3 y Chino Dar\u00edn.<\/p>\n<p class=\"\">Su v\u00ednculo profesional no se ha visto resentido \u2014de hecho, aseguran que est\u00e1n trabajando \u201cmejor que nunca\u201d en proyectos conjuntos\u2014 y que seguir\u00e1n colaborando tanto en cine como en televisi\u00f3n. Uno de los proyectos m\u00e1s esperados de Los Javis y que marcar\u00e1 este nuevo a\u00f1o es la pel\u00edcula La bola negra, que <a href=\"https:\/\/elpais.com\/cultura\/2025-05-19\/penelope-cruz-y-guitarricadelafuente-estaran-en-la-bola-negra-la-nueva-pelicula-de-los-javis.html\" target=\"_self\" rel=\"nofollow noopener\" title=\"https:\/\/elpais.com\/cultura\/2025-05-19\/penelope-cruz-y-guitarricadelafuente-estaran-en-la-bola-negra-la-nueva-pelicula-de-los-javis.html\">cuenta con un reparto de lujo en el que figuran nombres como Pen\u00e9lope Cruz<\/a>, Lola Due\u00f1as, Guitarricadelafuente o Glenn Close. La cinta, coescrita y dirigida por ambos, se basa en la obra inacabada de Federico Garc\u00eda Lorca y est\u00e1 programada para estrenarse en cines el 2 de octubre 2026, siendo una de las producciones m\u00e1s ambiciosas de su carrera conjunta.<\/p>\n<p class=\"\">Adem\u00e1s de esta pel\u00edcula, Los Javis contin\u00faan con otras iniciativas profesionales a pleno rendimiento a trav\u00e9s de su propio estudio, Suma Content, que da empleo a cientos de personas y que desarrolla y estrena proyectos. Esto demuestra que, aunque su relaci\u00f3n personal ha cambiado, su influencia en la cultura contempor\u00e1nea sigue vigente y con proyectos en distintos formatos para este nuevo a\u00f1o 2026.<\/p>\n<p><script async src=\"\/\/www.instagram.com\/embed.js\"><\/script><\/p>\n","protected":false},"excerpt":{"rendered":"Los directores y guionistas Javier Ambrossi y Javier Calvo, conocidos popularmente como Los Javis, han comenzado el a\u00f1o&hellip;\n","protected":false},"author":2,"featured_media":318292,"comment_status":"","ping_status":"","sticky":false,"template":"","format":"standard","meta":{"footnotes":""},"categories":[91],"tags":[72478,26674,177,146,147,25,24,256,260,12492,43491,12491,5199,7669,753,22111,61906,23,19421],"class_list":{"0":"post-318291","1":"post","2":"type-post","3":"status-publish","4":"format-standard","5":"has-post-thumbnail","7":"category-entretenimiento","8":"tag-ano-nuevo","9":"tag-cena","10":"tag-cine","11":"tag-entertainment","12":"tag-entretenimiento","13":"tag-es","14":"tag-espana","15":"tag-famosos","16":"tag-gente","17":"tag-javier-ambrossi","18":"tag-javier-calvo","19":"tag-los-javis","20":"tag-nochevieja","21":"tag-pedro-almodovar","22":"tag-peliculas","23":"tag-penelope-cruz","24":"tag-rappel","25":"tag-spain","26":"tag-ursula-corbero"},"share_on_mastodon":{"url":"https:\/\/pubeurope.com\/@es\/115822952780977933","error":""},"_links":{"self":[{"href":"https:\/\/www.europesays.com\/es\/wp-json\/wp\/v2\/posts\/318291","targetHints":{"allow":["GET"]}}],"collection":[{"href":"https:\/\/www.europesays.com\/es\/wp-json\/wp\/v2\/posts"}],"about":[{"href":"https:\/\/www.europesays.com\/es\/wp-json\/wp\/v2\/types\/post"}],"author":[{"embeddable":true,"href":"https:\/\/www.europesays.com\/es\/wp-json\/wp\/v2\/users\/2"}],"replies":[{"embeddable":true,"href":"https:\/\/www.europesays.com\/es\/wp-json\/wp\/v2\/comments?post=318291"}],"version-history":[{"count":0,"href":"https:\/\/www.europesays.com\/es\/wp-json\/wp\/v2\/posts\/318291\/revisions"}],"wp:featuredmedia":[{"embeddable":true,"href":"https:\/\/www.europesays.com\/es\/wp-json\/wp\/v2\/media\/318292"}],"wp:attachment":[{"href":"https:\/\/www.europesays.com\/es\/wp-json\/wp\/v2\/media?parent=318291"}],"wp:term":[{"taxonomy":"category","embeddable":true,"href":"https:\/\/www.europesays.com\/es\/wp-json\/wp\/v2\/categories?post=318291"},{"taxonomy":"post_tag","embeddable":true,"href":"https:\/\/www.europesays.com\/es\/wp-json\/wp\/v2\/tags?post=318291"}],"curies":[{"name":"wp","href":"https:\/\/api.w.org\/{rel}","templated":true}]}}