{"id":31830,"date":"2025-08-07T15:11:06","date_gmt":"2025-08-07T15:11:06","guid":{"rendered":"https:\/\/www.europesays.com\/es\/31830\/"},"modified":"2025-08-07T15:11:06","modified_gmt":"2025-08-07T15:11:06","slug":"los-criticos-aragoneses-lanzan-su-web-como-punto-de-encuentro-con-aficionados-y-profesionales","status":"publish","type":"post","link":"https:\/\/www.europesays.com\/es\/31830\/","title":{"rendered":"Los cr\u00edticos aragoneses lanzan su web como punto de encuentro con aficionados y profesionales"},"content":{"rendered":"<p style=\"\">La Asociaci\u00f3n de Informadores Taurinos de <a href=\"https:\/\/www.abc.es\/cultura\/toros\/pilar-trae-morante-roca-rey-aragoneses-aaron-20250804205158-nt.html\" target=\"_self\" data-voc-vtm-id=\"in-text-traffic\" title=\"Arag\u00f3n\" data-mrf-link=\"www.abc.es\" rel=\"nofollow noopener\">Arag\u00f3n<\/a> ha puesto en marcha la web aitaragon.com, un nuevo medio digital que ofrece una visi\u00f3n global de todo lo que ha significado la Comunidad en la historia del <a href=\"https:\/\/www.abc.es\/cultura\/toros\/toros-juan-pedro-domecq-viajan-ferry-mallorca-20250806143144-nt.html\" target=\"_self\" data-voc-vtm-id=\"in-text-traffic\" title=\"toreo\" data-mrf-link=\"www.abc.es\" rel=\"nofollow noopener\">toreo<\/a>, todo su potencial presente y futuro,  &#8230; adem\u00e1s de la actualidad del sector de la mano de sus asociados.<\/p>\n<p class=\"voc-p\" style=\"\">La web \u00abnace con la vocaci\u00f3n de ser un punto de encuentro para <a href=\"https:\/\/www.abc.es\/cultura\/toros\/domingo-toros-puerto-20250803155346-nt.html\" target=\"_self\" data-voc-vtm-id=\"in-text-traffic\" title=\"profesionales\" data-mrf-link=\"www.abc.es\" rel=\"nofollow noopener\">profesionales<\/a>, aficionados y curiosos\u00bb, se\u00f1ala en su carta de bienvenida el presidente de la Asociaci\u00f3n, Javier Valero. Todo en un minucioso recorrido a trav\u00e9s de la historia y las historias de los principales diestros aragonesas, de sus plazas y sus ferias, las ganader\u00edas, y un apartado especial para los festejos populares.<\/p>\n<p class=\"voc-p\" style=\"\">La Asociaci\u00f3n de Informadores Taurinos de Arag\u00f3n naci\u00f3 en 1991 con el compromiso de ahondar y trabajar en la promoci\u00f3n y defensa de la cultura taurina, Un compromiso plasmado en los m\u00e1s importantes medios de comunicaci\u00f3n a nivel local, regional y nacional. Desde su fundaci\u00f3n, la Asociaci\u00f3n ha tenido claro su papel en el devenir de la Fiesta y ah\u00ed quedan sus premios que son elogio y censura, La Pluma de Oro y la Almohadilla de Plata, cara y cruz, el camino que debe seguirse y del que hay que apartarse.<\/p>\n<p class=\"voc-p\" style=\"\">Con un manejo sencillo e intuitivo, el visitante puede conocer desde todos los empresarios de la Misericordia en sus m\u00e1s de 250 a\u00f1os de historia, a los carteles de las principales plazas aragonesas en el \u00faltimo cuarto de siglo. Publicaciones en facs\u00edmil sobre los or\u00edgenes del toreo, o revistas hist\u00f3ricas, tambi\u00e9n pueden consultarse en aitaragon.com. Un recorrido que se completa con las noticias m\u00e1s relevantes del mundo del toro en la Comunidad y a nivel nacional.<\/p>\n","protected":false},"excerpt":{"rendered":"La Asociaci\u00f3n de Informadores Taurinos de Arag\u00f3n ha puesto en marcha la web aitaragon.com, un nuevo medio digital&hellip;\n","protected":false},"author":2,"featured_media":31831,"comment_status":"","ping_status":"","sticky":false,"template":"","format":"standard","meta":{"footnotes":""},"categories":[277],"tags":[2984,14385,373,16598,168,437,25,24,16599,16600,2320,23,167,374,8374],"class_list":{"0":"post-31830","1":"post","2":"type-post","3":"status-publish","4":"format-standard","5":"has-post-thumbnail","7":"category-toreo","8":"tag-aficionados","9":"tag-aragoneses","10":"tag-bullfighting","11":"tag-criticos","12":"tag-deportes","13":"tag-encuentro","14":"tag-es","15":"tag-espana","16":"tag-lanzan","17":"tag-profesionales","18":"tag-punto","19":"tag-spain","20":"tag-sports","21":"tag-toreo","22":"tag-web"},"share_on_mastodon":{"url":"","error":""},"_links":{"self":[{"href":"https:\/\/www.europesays.com\/es\/wp-json\/wp\/v2\/posts\/31830","targetHints":{"allow":["GET"]}}],"collection":[{"href":"https:\/\/www.europesays.com\/es\/wp-json\/wp\/v2\/posts"}],"about":[{"href":"https:\/\/www.europesays.com\/es\/wp-json\/wp\/v2\/types\/post"}],"author":[{"embeddable":true,"href":"https:\/\/www.europesays.com\/es\/wp-json\/wp\/v2\/users\/2"}],"replies":[{"embeddable":true,"href":"https:\/\/www.europesays.com\/es\/wp-json\/wp\/v2\/comments?post=31830"}],"version-history":[{"count":0,"href":"https:\/\/www.europesays.com\/es\/wp-json\/wp\/v2\/posts\/31830\/revisions"}],"wp:featuredmedia":[{"embeddable":true,"href":"https:\/\/www.europesays.com\/es\/wp-json\/wp\/v2\/media\/31831"}],"wp:attachment":[{"href":"https:\/\/www.europesays.com\/es\/wp-json\/wp\/v2\/media?parent=31830"}],"wp:term":[{"taxonomy":"category","embeddable":true,"href":"https:\/\/www.europesays.com\/es\/wp-json\/wp\/v2\/categories?post=31830"},{"taxonomy":"post_tag","embeddable":true,"href":"https:\/\/www.europesays.com\/es\/wp-json\/wp\/v2\/tags?post=31830"}],"curies":[{"name":"wp","href":"https:\/\/api.w.org\/{rel}","templated":true}]}}