{"id":318301,"date":"2026-01-02T01:43:11","date_gmt":"2026-01-02T01:43:11","guid":{"rendered":"https:\/\/www.europesays.com\/es\/318301\/"},"modified":"2026-01-02T01:43:11","modified_gmt":"2026-01-02T01:43:11","slug":"nieve-en-aragon-para-empezar-el-2026-esto-dicen-las-previsiones-de-la-aemet-heraldo-es","status":"publish","type":"post","link":"https:\/\/www.europesays.com\/es\/318301\/","title":{"rendered":"\u00bfNieve en Arag\u00f3n para empezar el 2026? Esto dicen las previsiones de la Aemet &#8211; heraldo.es"},"content":{"rendered":"<ol>\n<li><a href=\"https:\/\/news.google.com\/rss\/articles\/CBMiqgFBVV95cUxONThZbDBUb3d1cnRPVVZINzVlUFNiaks2Q3N0RDJ2YlhuMnZFcFRIalRnclg3NVRoY2dJcldaVEZTcnl5RlBIRWNQVk10MjdnbWVySTFva0RLOExDUnp0Yl9rUkhfU09td1hjTldkQmVnblV0MXlRZmFFanI3VzdoVURSQ0d3Vmc5TXk0RnNpYnhWcFd2ckJoYWZ5VFFYLTRNY2UzT2I1YTZyUQ?oc=5\" target=\"_blank\" rel=\"nofollow noopener\">\u00bfNieve en Arag\u00f3n para empezar el 2026? Esto dicen las previsiones de la Aemet<\/a>&nbsp;&nbsp;heraldo.es<\/li>\n<li><a href=\"https:\/\/news.google.com\/rss\/articles\/CBMiekFVX3lxTE1lSXVvV0pRYnA3N29uc2xNYzJXOV8tSXFwSjdJZThEV19sZlZOMzhUVkVtYUw5b3FBcG9hLV95Zjd2SjhvaTV2ck9JN29ZMHJiWVhGRi1TeUwxNzhDRjlleGR5cHFEWWlOQWljT01BVFEtaEVWbmhDR0RR0gF6QVVfeXFMTzRZa25zMkxYRXBZNkhfVzdPQ1dxOWo3a0I2M0FGMGJySHBzSG14ZnYwX2psbTBFT2d2VlJpSmRpUkwzSlRWc3lWWTJ5MnZwMVoxVWotRF9KUDBTTlQzWVNmY3lEQ0pkNWlsUHpfeV9rUG5idkZVWFNYcWc?oc=5\" target=\"_blank\" rel=\"nofollow noopener\">La borrasca Francis irrumpe en el inicio de 2026 con lluvia, nieve y mucho fr\u00edo<\/a>&nbsp;&nbsp;El Mundo<\/li>\n<li><a href=\"https:\/\/news.google.com\/rss\/articles\/CBMitwFBVV95cUxQVjRBcXNVRmoxZlFFVHB2d19oalB0dWNSMktOSGRFZGFsUzE5UW8wbkdlOS1rMEFwd3c0T2tCdmlkdjJSeXlpX1BhbHU3RVhxTUo1VFhwNE5VX0l3VHlEaEViVjc0eUMxRHpyNms5WTBwdzB1cFREd19VWUs0c2t0V09SSTJFRkFha0NlTlptajdfbUpLTHE5VzFveEZrckttNzhJQ0o0aVA5NnhGZGFPTW9VSDh4QVU?oc=5\" target=\"_blank\" rel=\"nofollow noopener\">Probabilidad de lluvias y nuevo descenso de los term\u00f3metros en los primeros d\u00edas del a\u00f1o<\/a>&nbsp;&nbsp;Diario Sur<\/li>\n<li><a href=\"https:\/\/news.google.com\/rss\/articles\/CBMipgFBVV95cUxQcFlDY3ZtY1NKUFlKcXpDeGgtWkN6dlI2WHo1U2JlMVN3c1ZfMzdTT29FSlVfOGY4QTNtNWVMUGdRVTNjY0lYanFLWWxkZ0MtcTZvVFRrMk5tU0NLNmZsZHNGSTdqQ0djSUlUVThHOWdjdEpDM0lxRkx4OFZFeWNoMDNYZ1g4TG1mSll5UGd2SnlnUUNhVVVfakhwSXJVeFcyMExhUUp3?oc=5\" target=\"_blank\" rel=\"nofollow noopener\">Francis deja rachas de viento de 105 kil\u00f3metros a la hora<\/a>&nbsp;&nbsp;Canarias7<\/li>\n<li><a href=\"https:\/\/news.google.com\/rss\/articles\/CBMisgFBVV95cUxNQXhHOUFQZGxtdVZkWF9sQlBlZGxZUmowSGNBaXJtSUduN2FGNzQ3TEZBckVfbmVuYTR6WnBQeVlIZW4zSXdqdWtIbHFOSjUxaThxeTlhZnp4RXhRY1BLNTFyZk52eVMyT3lzand0aUhDSWVlNUpYRmtMTHRRX1ctZGhHSC0zVk1tT0Y4dzU5d0NVOHRTS0hRajRBV0EwTTY2NWJLZ29CVDQtX0VmZU8wT3dB?oc=5\" target=\"_blank\" rel=\"nofollow noopener\">La borrasca Francis dejar\u00e1 lluvias en Extremadura a partir de este viernes<\/a>&nbsp;&nbsp;Hoy<\/li>\n<\/ol>\n","protected":false},"excerpt":{"rendered":"\u00bfNieve en Arag\u00f3n para empezar el 2026? Esto dicen las previsiones de la Aemet&nbsp;&nbsp;heraldo.es La borrasca Francis irrumpe&hellip;\n","protected":false},"author":2,"featured_media":318302,"comment_status":"","ping_status":"","sticky":false,"template":"","format":"standard","meta":{"footnotes":""},"categories":[5],"tags":[2980,4499,17,18,5037,8752,25,24,13,14,11,19,20,9,10,15,16,6917,23,12,21,22],"class_list":{"0":"post-318301","1":"post","2":"type-post","3":"status-publish","4":"format-standard","5":"has-post-thumbnail","7":"category-titulares","8":"tag-aemet","9":"tag-aragon","10":"tag-breaking-news","11":"tag-breakingnews","12":"tag-dicen","13":"tag-empezar","14":"tag-es","15":"tag-espana","16":"tag-featured-news","17":"tag-featurednews","18":"tag-headlines","19":"tag-latest-news","20":"tag-latestnews","21":"tag-news","22":"tag-noticias","23":"tag-noticias-destacadas","24":"tag-noticiasdestacadas","25":"tag-previsiones","26":"tag-spain","27":"tag-titulares","28":"tag-ultimas-noticias","29":"tag-ultimasnoticias"},"share_on_mastodon":{"url":"https:\/\/pubeurope.com\/@es\/115822972295964328","error":""},"_links":{"self":[{"href":"https:\/\/www.europesays.com\/es\/wp-json\/wp\/v2\/posts\/318301","targetHints":{"allow":["GET"]}}],"collection":[{"href":"https:\/\/www.europesays.com\/es\/wp-json\/wp\/v2\/posts"}],"about":[{"href":"https:\/\/www.europesays.com\/es\/wp-json\/wp\/v2\/types\/post"}],"author":[{"embeddable":true,"href":"https:\/\/www.europesays.com\/es\/wp-json\/wp\/v2\/users\/2"}],"replies":[{"embeddable":true,"href":"https:\/\/www.europesays.com\/es\/wp-json\/wp\/v2\/comments?post=318301"}],"version-history":[{"count":0,"href":"https:\/\/www.europesays.com\/es\/wp-json\/wp\/v2\/posts\/318301\/revisions"}],"wp:featuredmedia":[{"embeddable":true,"href":"https:\/\/www.europesays.com\/es\/wp-json\/wp\/v2\/media\/318302"}],"wp:attachment":[{"href":"https:\/\/www.europesays.com\/es\/wp-json\/wp\/v2\/media?parent=318301"}],"wp:term":[{"taxonomy":"category","embeddable":true,"href":"https:\/\/www.europesays.com\/es\/wp-json\/wp\/v2\/categories?post=318301"},{"taxonomy":"post_tag","embeddable":true,"href":"https:\/\/www.europesays.com\/es\/wp-json\/wp\/v2\/tags?post=318301"}],"curies":[{"name":"wp","href":"https:\/\/api.w.org\/{rel}","templated":true}]}}