{"id":318307,"date":"2026-01-02T01:51:09","date_gmt":"2026-01-02T01:51:09","guid":{"rendered":"https:\/\/www.europesays.com\/es\/318307\/"},"modified":"2026-01-02T01:51:09","modified_gmt":"2026-01-02T01:51:09","slug":"dylan-ennis-el-ex-del-cb-gran-canaria-que-nunca-olvida-vuelve-al-arena-para-hurgar-en-la-herida","status":"publish","type":"post","link":"https:\/\/www.europesays.com\/es\/318307\/","title":{"rendered":"Dylan Ennis, el ex del CB Gran Canaria que nunca olvida, vuelve al Arena para hurgar en la herida"},"content":{"rendered":"<p class=\"ft-text ft-helper-closenews\">Han pasado tres temporadas, camino de las cuatro, desde que un reci\u00e9n aterrizado <a class=\"ft-link ft-link--decoration\" href=\"https:\/\/www.laprovincia.es\/tags\/jaka-lakovic\/\" rel=\"nofollow noopener\" target=\"_blank\"><strong>Jaka Lakovic<\/strong><\/a> en el banquillo del <a class=\"ft-link ft-link--decoration\" href=\"https:\/\/www.laprovincia.es\/cb-gran-canaria\/\" rel=\"nofollow noopener\" target=\"_blank\"><strong>Dreamland Gran Canaria<\/strong><\/a>, tomaba la impopular para algunos y l\u00f3gica para otros, decisi\u00f3n de<strong> cortar el contrato que un\u00eda a Dylan Ennis al conjunto amarillo en la temporada 2022-23<\/strong>. El esloveno apostaba por la<strong> permanencia de <\/strong><a class=\"ft-link ft-link--decoration\" href=\"https:\/\/www.laprovincia.es\/tags\/aj-slaughter\/\" rel=\"nofollow noopener\" target=\"_blank\"><strong>AJ Slaughter<\/strong><\/a><strong>,<\/strong> mientras que el escolta canadiense terminaba a rega\u00f1adientes en el Galatasaray turco, antes de ser rescatado por Sito Alonso, al curso siguiente, para su UCAM Murcia, en el que se ha convertido desde entonces en un pilar fundamental para el juego del t\u00e9cnico madrile\u00f1o.<\/p>\n<p class=\"ft-text\">El medi\u00e1tico jugador pimentonero se encarg\u00f3 de mostrar su <strong>descontento a trav\u00e9s de unas redes sociales que utiliza como nadie <\/strong>para su propio beneficio. De hecho, cada vez que tiene la m\u00e1s m\u00ednima oportunidad, tira de caracteres para lanzar alg\u00fan que otro dardo envenenado, como el pasado verano, con motivo de la decisi\u00f3n del club de no renovar a su amigo, <a class=\"ft-link ft-link--decoration\" href=\"https:\/\/www.laprovincia.es\/tags\/john-shurna\/\" rel=\"nofollow noopener\" target=\"_blank\"><strong>John Shurna<\/strong><\/a>, apuntando en aquella ocasi\u00f3n al director deportivo claretiano,<strong> Willy Villar<\/strong>, quien secund\u00f3 la decisi\u00f3n de Lakovic de poner fin a su contrato como jugador amarillo, al considerar que su rol era similar al de AJ Slaughter, aunque el canadiense tiene un punto de egoismo en cuanto a sus guarismos, que le hizo perder el duelo con su excompa\u00f1ero de posici\u00f3n.<\/p>\n<p>Lluvia de cr\u00edticas en las redes sociales<\/p>\n<p class=\"ft-text\">La decisi\u00f3n del club provoc\u00f3 entonces una<strong> lluvia de cr\u00edticas en redes sociales<\/strong> que se recrudecieron al curso siguiente en su primera temporada con el UCAM, en el que cada buena actuaci\u00f3n del escolta se le recordaba, con o sin raz\u00f3n, a la direcci\u00f3n deportiva claretiana.<\/p>\n<p class=\"ft-text\">Un motivado Dylan Ennis regresa al Arena el s\u00e1bado, en una <strong>ocasi\u00f3n \u00fanica para hurgar en la herida abierta dejada en la parroquia local tras la inesperada derrota de los amarillos en Burgos<\/strong>, y que podr\u00eda volver a poner de manifiesto el descontento de la hinchada con la confecci\u00f3n de una plantilla que no termina de convencer ni a propios ni a extra\u00f1os.<\/p>\n<p class=\"ft-text\">Por si fueran pocos los alicientes, el UCAM aterriza en la Isla como <strong>equipo revelaci\u00f3n<\/strong> de lo que va de curso, con una merecida <strong>segunda posici\u00f3n<\/strong> derivada de un balance de 10 victorias y tan solo tres derrotas. Los pimentoneros est\u00e1n en su mejor momento de la temporada, con un juego el\u00e9ctrico e intenso, que les convierte en un equipo inc\u00f3modo que ve\u00eda como el Real Madrid le cort\u00f3 en la \u00faltima jornada una racha de cinco triunfos consecutivos. <strong>Como visitantes, los murcianos s\u00f3lo han perdido un duelo hasta el momento<\/strong>, en la tercera jornada, en su visita a La Laguna Tenerife (96-80).<\/p>\n<p>Un referente motivado<\/p>\n<p class=\"ft-text\">Dylan Ennis llega a la cita con sus ex como el <strong>cuarto jugador mejor valorado del cuadro pimentonero con un 11.4 de valoraci\u00f3n<\/strong>, gracias a sus 12.1 puntos -tercer m\u00e1ximo anotador del equipo-, 3.3 rebotes y 3.5 asistencias -m\u00e1ximo asistente de los murcianos-.<\/p>\n<p class=\"ft-text\"><strong>Antes de ayer por la tarde el equipo se reintegr\u00f3 a los entrenamientos<\/strong> con la misi\u00f3n de cambiar la sensaci\u00f3n amarga que dej\u00f3 el equipo tras caer estrepitosamente en Burgos tras hacer la machada de ganar en Tenerife seis a\u00f1os despu\u00e9s. Tanto Jaka Lakovic como el resto de su staff intentar\u00e1n hacer entender una vez m\u00e1s a sus hombres de la importancia de levantar el vuelo, m\u00e1s all\u00e1 de una clasificaci\u00f3n para la Copa del Rey que vuelve a alejarse, porque en el largo plazo <strong>se puede complicar incluso una clasificaci\u00f3n para el Playoff<\/strong> que incrementar\u00eda el malestar de una afici\u00f3n que cada vez que intenta recuperar la confianza se lleva una nueva decepci\u00f3n.<\/p>\n<p data-close=\"closedContent\" class=\"subscribeHideForDisplay\">Suscr\u00edbete para seguir leyendo<\/p>\n","protected":false},"excerpt":{"rendered":"Han pasado tres temporadas, camino de las cuatro, desde que un reci\u00e9n aterrizado Jaka Lakovic en el banquillo&hellip;\n","protected":false},"author":2,"featured_media":318308,"comment_status":"","ping_status":"","sticky":false,"template":"","format":"standard","meta":{"footnotes":""},"categories":[269],"tags":[299,298,623,2609,2425,168,25403,74267,25,24,8196,3956,1922,23,167,1370,9413],"class_list":{"0":"post-318307","1":"post","2":"type-post","3":"status-publish","4":"format-standard","5":"has-post-thumbnail","7":"category-baloncesto","8":"tag-baloncesto","9":"tag-basketball","10":"tag-burgos","11":"tag-cb","12":"tag-cb-gran-canaria","13":"tag-deportes","14":"tag-dylan","15":"tag-ennis","16":"tag-es","17":"tag-espana","18":"tag-ex","19":"tag-gran","20":"tag-redes-sociales","21":"tag-spain","22":"tag-sports","23":"tag-tenerife","24":"tag-ucam"},"share_on_mastodon":{"url":"https:\/\/pubeurope.com\/@es\/115823003787298629","error":""},"_links":{"self":[{"href":"https:\/\/www.europesays.com\/es\/wp-json\/wp\/v2\/posts\/318307","targetHints":{"allow":["GET"]}}],"collection":[{"href":"https:\/\/www.europesays.com\/es\/wp-json\/wp\/v2\/posts"}],"about":[{"href":"https:\/\/www.europesays.com\/es\/wp-json\/wp\/v2\/types\/post"}],"author":[{"embeddable":true,"href":"https:\/\/www.europesays.com\/es\/wp-json\/wp\/v2\/users\/2"}],"replies":[{"embeddable":true,"href":"https:\/\/www.europesays.com\/es\/wp-json\/wp\/v2\/comments?post=318307"}],"version-history":[{"count":0,"href":"https:\/\/www.europesays.com\/es\/wp-json\/wp\/v2\/posts\/318307\/revisions"}],"wp:featuredmedia":[{"embeddable":true,"href":"https:\/\/www.europesays.com\/es\/wp-json\/wp\/v2\/media\/318308"}],"wp:attachment":[{"href":"https:\/\/www.europesays.com\/es\/wp-json\/wp\/v2\/media?parent=318307"}],"wp:term":[{"taxonomy":"category","embeddable":true,"href":"https:\/\/www.europesays.com\/es\/wp-json\/wp\/v2\/categories?post=318307"},{"taxonomy":"post_tag","embeddable":true,"href":"https:\/\/www.europesays.com\/es\/wp-json\/wp\/v2\/tags?post=318307"}],"curies":[{"name":"wp","href":"https:\/\/api.w.org\/{rel}","templated":true}]}}