{"id":318309,"date":"2026-01-02T01:52:08","date_gmt":"2026-01-02T01:52:08","guid":{"rendered":"https:\/\/www.europesays.com\/es\/318309\/"},"modified":"2026-01-02T01:52:08","modified_gmt":"2026-01-02T01:52:08","slug":"la-portada-de-estadio-deportivo-para-el-viernes-2-de-enero-de-2026","status":"publish","type":"post","link":"https:\/\/www.europesays.com\/es\/318309\/","title":{"rendered":"La portada de ESTADIO Deportivo para el viernes 2 de enero de 2026"},"content":{"rendered":"<p>De ex jugador a posible presidente en un futuro cercano, el canterano nervionense m\u00e1s laureado aparece por sorpresa en la escena societaria blanquirroja<\/p>\n<p class=\"parrafo\">La portada de ESTADIO Deportivo para el viernes <strong>2 de enero<\/strong> de 2026:<\/p>\n<p class=\"parrafo\"><strong>&#8211; UN REGRESO INESPERADO<\/strong><\/p>\n<p class=\"parrafo\"><a href=\"https:\/\/www.estadiodeportivo.com\/futbol\/sevilla-fc\/fondo-americano-pole-rebaja-puja-sergio-ramos-interesa-como-inversor-20260101-525401.html\" target=\"_blank\" class=\"intext-link\" rel=\"nofollow noopener\">Sergio Ramos se habr\u00eda interesado por la compra de la mayor\u00eda accionarial del Sevilla<\/a>, encabezando a un grupo de inversores que podr\u00eda aprovechar el paso atr\u00e1s del fondo americano que ocupaba la &#8216;pole&#8217; al conocer los datos econ\u00f3micos del club en profundidad.<\/p>\n<p class=\"parrafo\"><strong>&#8211; UN 2025 PARA ENMARCAR<\/strong><\/p>\n<p class=\"parrafo\">Tras el mejor a\u00f1o en n\u00fameros de su carrera, en el que pas\u00f3 por todos los estados de \u00e1nimo, Antony desea un 2026 a\u00fan mejor: \u00abLlor\u00e9, sonre\u00ed, aprend\u00ed. <a href=\"https:\/\/www.estadiodeportivo.com\/futbol\/betis\/balance-2025-antony-sus-tres-deseos-para-2026-20260101-525425.html\" target=\"_blank\" class=\"intext-link\" rel=\"nofollow noopener\">Seguimos juntos, m\u00e1s fuertes<\/a>\u00ab.<\/p>\n<p class=\"parrafo\"><strong>&#8211; RESACA DE LAMINE<\/strong><\/p>\n<p class=\"parrafo\"><a href=\"https:\/\/www.estadiodeportivo.com\/futbol\/barcelona\/barcelona-arranca-ano-sin-lamine-yamal-las-puertas-del-derbi-contra-espanyol-20260101-525414.html\" target=\"_blank\" class=\"intext-link\" rel=\"nofollow noopener\">El extremo del Bar\u00e7a se marcha de la primera sesi\u00f3n de 2026<\/a> por \u00abmalestar general\u00bb, pero no debe ser duda para el derbi del s\u00e1bado ante el Espanyol.<\/p>\n<p class=\"parrafo\"><strong>&#8211; ADI\u00d3S, MARESCA<\/strong><\/p>\n<p class=\"parrafo\">El ex sevillista, destituido como t\u00e9cnico del Chelsea por tres malos resultados en la Premier, pese a haber ganado dos t\u00edtulos el curso pasado; <a href=\"https:\/\/www.estadiodeportivo.com\/futbol\/premier-league\/chelsea-apunta-xavi-como-posible-nuevo-tecnico-blue-20260101-525398.html\" target=\"_blank\" class=\"intext-link\" rel=\"nofollow noopener\">suena Xavi Hern\u00e1ndez<\/a>.<\/p>\n<p><img decoding=\"async\" src=\"https:\/\/www.europesays.com\/es\/wp-content\/uploads\/2026\/01\/eb8752ab-dc2e-46c3-ae87-ea1a2eeb0848_800x1422.jpeg\" loading=\"lazy\"\/><\/p>\n","protected":false},"excerpt":{"rendered":"De ex jugador a posible presidente en un futuro cercano, el canterano nervionense m\u00e1s laureado aparece por sorpresa&hellip;\n","protected":false},"author":2,"featured_media":318310,"comment_status":"","ping_status":"","sticky":false,"template":"","format":"standard","meta":{"footnotes":""},"categories":[268],"tags":[168,25,24,284,280,282,23120,286,2993,281,23,167],"class_list":{"0":"post-318309","1":"post","2":"type-post","3":"status-publish","4":"format-standard","5":"has-post-thumbnail","7":"category-futbol","8":"tag-deportes","9":"tag-es","10":"tag-espana","11":"tag-estadio-deportivo","12":"tag-football","13":"tag-futbol","14":"tag-portada-ed","15":"tag-real-betis-balompie","16":"tag-sevilla-futbol-club","17":"tag-soccer","18":"tag-spain","19":"tag-sports"},"share_on_mastodon":{"url":"https:\/\/pubeurope.com\/@es\/115823007707254670","error":""},"_links":{"self":[{"href":"https:\/\/www.europesays.com\/es\/wp-json\/wp\/v2\/posts\/318309","targetHints":{"allow":["GET"]}}],"collection":[{"href":"https:\/\/www.europesays.com\/es\/wp-json\/wp\/v2\/posts"}],"about":[{"href":"https:\/\/www.europesays.com\/es\/wp-json\/wp\/v2\/types\/post"}],"author":[{"embeddable":true,"href":"https:\/\/www.europesays.com\/es\/wp-json\/wp\/v2\/users\/2"}],"replies":[{"embeddable":true,"href":"https:\/\/www.europesays.com\/es\/wp-json\/wp\/v2\/comments?post=318309"}],"version-history":[{"count":0,"href":"https:\/\/www.europesays.com\/es\/wp-json\/wp\/v2\/posts\/318309\/revisions"}],"wp:featuredmedia":[{"embeddable":true,"href":"https:\/\/www.europesays.com\/es\/wp-json\/wp\/v2\/media\/318310"}],"wp:attachment":[{"href":"https:\/\/www.europesays.com\/es\/wp-json\/wp\/v2\/media?parent=318309"}],"wp:term":[{"taxonomy":"category","embeddable":true,"href":"https:\/\/www.europesays.com\/es\/wp-json\/wp\/v2\/categories?post=318309"},{"taxonomy":"post_tag","embeddable":true,"href":"https:\/\/www.europesays.com\/es\/wp-json\/wp\/v2\/tags?post=318309"}],"curies":[{"name":"wp","href":"https:\/\/api.w.org\/{rel}","templated":true}]}}