{"id":318315,"date":"2026-01-02T01:58:19","date_gmt":"2026-01-02T01:58:19","guid":{"rendered":"https:\/\/www.europesays.com\/es\/318315\/"},"modified":"2026-01-02T01:58:19","modified_gmt":"2026-01-02T01:58:19","slug":"la-filmoteca-de-navarra-abrira-el-ano-con-alicia-en-el-pais-de-las-maravillas","status":"publish","type":"post","link":"https:\/\/www.europesays.com\/es\/318315\/","title":{"rendered":"La Filmoteca de Navarra abrir\u00e1 el a\u00f1o con &#8216;Alicia en el Pa\u00eds de las Maravillas&#8217;"},"content":{"rendered":"<p>\n        La<a href=\"https:\/\/www.noticiasdenavarra.com\/tags\/filmoteca-de-navarra\/\" title=\"Filmoteca de Navarra\" target=\"_blank\" class=\"link copy\" rel=\"nofollow noopener\"> <strong>Filmoteca de Navarra <\/strong><\/a>se prepara ya para 2026. Un a\u00f1o en el que su coordinaci\u00f3n cambiar\u00e1 de manos, pasando <a href=\"https:\/\/www.noticiasdenavarra.com\/cultura\/2025\/12\/11\/julio-mazarico-nuevo-responsable-programacion-10458778.html\" title=\"de Alberto Ca\u00f1ada a Julio Mazarico\" target=\"_blank\" class=\"link copy\" rel=\"nofollow noopener\"><strong>de Alberto Ca\u00f1ada a Julio Mazarico<\/strong><\/a> el pr\u00f3ximo <strong>1 de febrero<\/strong>. Al margen de ello, las propuestas de la sala del barrio pamplon\u00e9s de Mendebaldea seguir\u00e1n su curso, y el mes de enero arrancar\u00e1 con una sesi\u00f3n especial de Navidad. En concreto, el <strong>2 de enero<\/strong> proyectar\u00e1 <strong>Alicia en el Pa\u00eds de las Maravillas<\/strong> (1951), de<strong> <\/strong><a href=\"https:\/\/www.noticiasdenavarra.com\/tags\/walt-disney\/\" title=\"Walt Disney\" target=\"_blank\" class=\"link copy\" rel=\"nofollow noopener\"><strong>Walt Disney<\/strong><\/a><strong>.<\/strong>\n<\/p>\n<p class=\"article-body__text \">\n        Dedicada <strong>a toda la familia<\/strong>, la sesi\u00f3n de este cl\u00e1sico que en 2026 cumplir\u00e1 <strong>75 a\u00f1os<\/strong>. Basada en el relato de <strong>Lewis Carroll<\/strong> que public\u00f3 en <strong>1865<\/strong>, y que \u00abprogramamos para deleite de un<strong> p\u00fablico esencialmente familiar<\/strong> proyect\u00e1ndola en versi\u00f3n doblada al castellano, para <strong>mejor comprensi\u00f3n del espectador infantil\u00bb<\/strong>, explican desde la Filmoteca.\n<\/p>\n<p class=\"article-body__text \">\n        Walt Disney primero pens\u00f3 en llevar a la pantalla la historia de<strong> Alicia en el Pa\u00eds de las Maravillas<\/strong> para <strong>crear la primera pel\u00edcula de animaci\u00f3<\/strong>n, en lugar de<strong> Blancanieves y los siete enanitos.<\/strong> La <strong>idea original era mezclar animaci\u00f3n con acci\u00f3n real<\/strong>, e incluso se hicieron test de pantalla con <strong>Mary Pickford como Alicia<\/strong>. Finalmente, esta idea fue desechada.\u00a0\u00a0\n<\/p>\n<p class=\"article-body__text \">\n        El director <strong>nunca abandon\u00f3 la idea <\/strong>de crear su versi\u00f3n de la historia. Despu\u00e9s del enorme \u00e9xito de Blancanieves, <strong>en 1938 el realizador registr\u00f3 el t\u00edtulo de la obra de Lewis Carroll<\/strong>. Empez\u00f3 a trabajar r\u00e1pido en su versi\u00f3n, pero la <strong>devastaci\u00f3n econ\u00f3mica que supuso la Segunda Guerra Mundial<\/strong> y los<strong> relativos fracasos de <\/strong><strong>Pinocho, Fantas\u00eda y Bambi<\/strong><strong>,<\/strong> dejaron el proyecto de <strong>Alicia <\/strong>a un lado.\n<\/p>\n<p class=\"article-body__text \">\n        Despu\u00e9s de la guerra, <strong>en 1945<\/strong>, Disney <strong>propuso de nuevo una versi\u00f3n mezclando animaci\u00f3n e imagen real.<\/strong> Esta idea tambi\u00e9n <strong>fall\u00f3<\/strong>, y <strong>en 1946 se empez\u00f3 a crear una versi\u00f3n totalmente animada <\/strong>de Alicia, con una <strong>direcci\u00f3n art\u00edstica<\/strong> basada enteramente en las famosas<strong> ilustraciones de John Tenniel, <\/strong>el mismo que ilustr\u00f3 la primera edici\u00f3n de la historia.\u00a0\n<\/p>\n<p class=\"article-photo__footer\">\n            Mosaico con varias de las pel\u00edculas que componen la programaci\u00f3n de enero de la Filmoteca de Navarra.            Cedida        <\/p>\n<p>  T\u00edtulos imprescindibles<\/p>\n<p class=\"article-body__text \">\n        En enero seguir\u00e1, por otro lado,<a href=\"https:\/\/www.noticiasdenavarra.com\/tags\/cine\/\" title=\"Cine imprescindible,\" target=\"_blank\" class=\"link copy\" rel=\"nofollow noopener\"> <strong>Cine imprescindible<\/strong>, <\/a>uno de los ciclos consolidados en la programaci\u00f3n de la Filmoteca de Navarra. Dedicado a <strong>rescatar de manera ordenada las pel\u00edculas que m\u00e1s impronta han dejado en la historia del cine<\/strong>, cumple con la <strong>misi\u00f3n de una Cinemateca<\/strong>, la de mostrar aquellos trabajos que han hecho al cine merecedor de la <strong>etiqueta s\u00e9ptimo arte<\/strong>. Por <strong>13\u00ba a\u00f1o consecutivo<\/strong>, la Filmoteca de Navarra \u00aborganiza esta recogida y oferta de filmes que consideramos necesarios para el <strong>mejor entendimiento del cl\u00e1sico interrogante \u00bfqu\u00e9 es el cine?<\/strong>\u201d, dicen los responsables de la entidad.\u00a0\n<\/p>\n<p class=\"article-body__text \">\n        En este<strong> repaso de manera cronol\u00f3gica<\/strong> a la selecci\u00f3n de imprescindibles, enero comenzar\u00e1 con un<strong> homenaje al cine silente<\/strong>, recuperando, el d\u00eda 7,  un filme producido hace 100 a\u00f1os, <strong>El maquinista de la General <\/strong>(1926), un <strong>cl\u00e1sico<\/strong> protagonizado por el imperturbable<strong> Buster Keaton<\/strong>. Como en las ocasiones en que se proyectan en nuestra sala pel\u00edculas sin sonido original o pregrabado, la sesi\u00f3n contar\u00e1 con acompa\u00f1amiento de <strong>m\u00fasica de piano en directo a cargo de Javier As\u00edn.<\/strong>\n<\/p>\n<p class=\"article-body__text \">\n        Asimismo, dem\u00e1s de la anteriormente citada, la sala ha programado <strong>\u00abdos obras maestras\u00bb<\/strong> m\u00e1s: <strong>Furia <\/strong>(Fritz Lang, 1936), para el d\u00eda 14, y <strong>Pasi\u00f3n de los fuertes <\/strong>(John Ford, 1946), el 28 de enero.\n<\/p>\n<p class=\"article-photo__footer\">\n            Spencer Tracy protagoniza &#8216;Fury&#8217;, de Fritz Lang.            DNN        <\/p>\n<p>  Centenario de Maurice Pialat<\/p>\n<p class=\"article-body__text \">\n        La Filmoteca conmemorar\u00e1 tambi\u00e9n en enero el <strong>centenario del nacimiento del cineasta franc\u00e9s Maurice Pialat.<\/strong> Aprovechando la cercan\u00eda de esta efem\u00e9ride y la <strong>recuperaci\u00f3n de copias de alta definici\u00f3n <\/strong>de parte de su filmograf\u00eda, la sala exhibir\u00e1 \u00abuna sucinta muestra para reconocer el valor de este <strong>cl\u00e1sico del cine franc\u00e9s de finales del siglo XX<\/strong>\u00ab.\n<\/p>\n<p class=\"article-body__text \">\n        Todav\u00eda hoy, Maurice Pialat \u00absigue siendo el cineasta m\u00e1s influyente en generaciones posteriores de cineastas y de actores y actrices franceses\u00bb, comentan desde la entidad. \u00abMuchas personas lo consideran <strong>el mejor realizador franc\u00e9s post <\/strong><strong>Nouvelle Vague<\/strong>. Aunque parezca incre\u00edble, ninguna de sus pel\u00edculas hab\u00eda vuelto a estrenarse en salas comerciales. Esta es por tanto una buena ocasi\u00f3n para celebrar su cine redescubriendo con nuevos ojos <strong>una obra desbordante de vida, c\u00f3lera y amor,<\/strong> con<strong> Isabelle Huppert,<\/strong> <strong>Sophie Marceau<\/strong>, <strong>Sandrine Bonnaire<\/strong>, Jean Yanne, Marl\u00e8ne Jobert, <strong>Guy Marchand<\/strong>, <a href=\"https:\/\/www.noticiasdenavarra.com\/tags\/gerard-depardieu\/\" title=\"G\u00e9rard Depardieu\" target=\"_blank\" class=\"link copy\" rel=\"nofollow noopener\"><strong>G\u00e9rard Depardieu<\/strong><\/a> y tantos otros en sus mejores papeles\u00bb. agregan.\n<\/p>\n<p class=\"article-body__text \">\n        En la Filmoteca podr\u00e1n verse los siguientes t\u00edtulos: <a href=\"https:\/\/www.filmotecanavarra.com\/es\/evento.asp?past=0&amp;IdPrograma=2688\" title=\"La infancia desnuda\" rel=\"nofollow noopener\" target=\"_blank\" class=\"link copy\"><strong>La infancia desnuda<\/strong><\/a><a href=\"https:\/\/www.filmotecanavarra.com\/es\/evento.asp?past=0&amp;IdPrograma=2688\" title=\"La infancia desnuda\" rel=\"nofollow noopener\" target=\"_blank\" class=\"link copy\"> <\/a>(1968), el d\u00eda 9;<strong> <\/strong><a href=\"https:\/\/www.filmotecanavarra.com\/es\/evento.asp?past=0&amp;IdPrograma=2689\" title=\"Nosotros no envejeceremos juntos\" rel=\"nofollow noopener\" target=\"_blank\" class=\"link copy\"><strong>Nosotros no envejeceremos juntos<\/strong><\/a><a href=\"https:\/\/www.filmotecanavarra.com\/es\/evento.asp?past=0&amp;IdPrograma=2689\" title=\"Nosotros no envejeceremos juntos\" rel=\"nofollow noopener\" target=\"_blank\" class=\"link copy\"> <\/a>(1972), el 16; <a href=\"https:\/\/www.filmotecanavarra.com\/es\/evento.asp?past=0&amp;IdPrograma=2690\" title=\"A nuestros amores\" rel=\"nofollow noopener\" target=\"_blank\" class=\"link copy\"><strong>A nuestros amores<\/strong><\/a><strong> <\/strong>(1983), el 23, y<a href=\"https:\/\/www.filmotecanavarra.com\/es\/evento.asp?past=0&amp;IdPrograma=2691\" title=\"Bajo el sol de Sat\u00e1n\" rel=\"nofollow noopener\" target=\"_blank\" class=\"link copy\"> <\/a><a href=\"https:\/\/www.filmotecanavarra.com\/es\/evento.asp?past=0&amp;IdPrograma=2691\" title=\"Bajo el sol de Sat\u00e1n\" rel=\"nofollow noopener\" target=\"_blank\" class=\"link copy\"><strong>Bajo el sol de Sat\u00e1n<\/strong><\/a><a href=\"https:\/\/www.filmotecanavarra.com\/es\/evento.asp?past=0&amp;IdPrograma=2691\" title=\"Bajo el sol de Sat\u00e1n\" rel=\"nofollow noopener\" target=\"_blank\" class=\"link copy\"> <\/a>(1987), el 30 de enero.\n<\/p>\n<p>  Pamplona Negra<\/p>\n<p class=\"article-body__text \">\n        Y, como cada a\u00f1o, el primer mes es el de<strong> <\/strong><a href=\"https:\/\/www.noticiasdenavarra.com\/tags\/festival-pamplona-negra\/\" title=\"Pamplona Negra\" target=\"_blank\" class=\"link copy\" rel=\"nofollow noopener\"><strong>Pamplona Negra<\/strong><\/a><strong>,<\/strong> que se celebrar\u00e1 entre el 19 y el 25 de enero, con <strong>tres proyecciones en Baluarte<\/strong>: <strong>Ars\u00e9nico por compasi\u00f3n<\/strong> (Frank Capra, 1944), el d\u00eda 19; <strong>Falso culpable<\/strong> (Alfred Hitchcock, 1956), el 20, y <strong>Sospechosos habituales<\/strong><strong> <\/strong>(Bryan Singer, 1995), el 21.\n<\/p>\n<p>  V\u00ednculos con Navarra<\/p>\n<p class=\"article-body__text \">\n        Dentro del apartado <strong>Filmoteca en Navarra<\/strong>,  dedicado a todas aquellas producciones cinematogr\u00e1ficas, en cualquier formato, que tengan <strong>vinculaci\u00f3n con el territorio foral<\/strong>, el <strong>8 de enero<\/strong> se pasar\u00e1 el documental<strong> <\/strong><a href=\"https:\/\/www.filmotecanavarra.com\/es\/evento.asp?past=0&amp;IdPrograma=2686\" title=\"Atlas oculto,\" rel=\"nofollow noopener\" target=\"_blank\" class=\"link copy\"><strong>Atlas oculto<\/strong><\/a> (2024), de Anne Laure Boyer; y el <strong>22 de enero<\/strong>, los cortometrajes <a href=\"https:\/\/www.filmotecanavarra.com\/es\/evento.asp?past=0&amp;IdPrograma=2687\" title=\"Uxina\" rel=\"nofollow noopener\" target=\"_blank\" class=\"link copy\"><strong>Uxina<\/strong><\/a><strong> <\/strong>(2024), de Luc\u00eda Ezker, y<a href=\"https:\/\/www.filmotecanavarra.com\/es\/evento.asp?past=0&amp;IdPrograma=2687\" title=\"Mugak\" rel=\"nofollow noopener\" target=\"_blank\" class=\"link copy\"> <\/a><a href=\"https:\/\/www.filmotecanavarra.com\/es\/evento.asp?past=0&amp;IdPrograma=2687\" title=\"Mugak\" rel=\"nofollow noopener\" target=\"_blank\" class=\"link copy\"><strong>Mugak<\/strong><\/a><strong> <\/strong>(2025), de Itsaso Etxeberria.\n<\/p>\n<p>  <strong>Milo\u0161 Forman, por Jon\u00e1s Trueba<\/strong><\/p>\n<p class=\"article-body__text \">\n        En el ciclo mensual que la Filmoteca organiza junto con el Ateneo Navarro, el 15 de enero se exhibir\u00e1 el segundo de los t\u00edtulos sugeridos por <a href=\"https:\/\/www.noticiasdenavarra.com\/cultura\/2025\/11\/17\/cine-lejano-vivimos-pelicula-merece-10353846.html\" title=\"Jon\u00e1s Trueba\" target=\"_blank\" class=\"link copy\" rel=\"nofollow noopener\"><strong>Jon\u00e1s Trueba<\/strong><\/a>: <strong>Pedro, el negro <\/strong>(1964), de<strong> Milo\u0161 Forman<\/strong>.\n<\/p>\n<p class=\"article-photo__footer\">\n            &#8216;Pedro, el negro&#8217;, de Milo\u0161 Forman.            DNN        <\/p>\n<p class=\"article-body__text \">\n        \u201cPedro, el negro contiene todos los ingredientes de lo que, para m\u00ed, deber\u00eda ser <strong>una primera pel\u00edcula ideal<\/strong>. En ella se siente <strong>un amateurismo hermoso<\/strong>, el de un cineasta con <strong>arrojo, intuici\u00f3n, rapidez, levedad, torpeza y elegancia<\/strong>; el <strong>deseo de capturar la vida <\/strong>desde el <strong>pulso inconfundible de la juventud<\/strong>. Hoy d\u00eda<strong> no es tan f\u00e1cil encontrar primeras pel\u00edculas como esta<\/strong>; hay demasiados filtros, demasiados est\u00e1ndares,<strong> demasiadas apariencias.<\/strong> Por eso es <strong>gratificante acordarse de ella o descubrirla por primera vez<\/strong>. En la que fue su primera ficci\u00f3n larga, Milo\u0161 Forman ya <strong>adelantaba casi todos los elementos reconocibles de su personalidad como cineasta<\/strong>\u201d, indica<strong> Trueba<\/strong>.<\/p>\n","protected":false},"excerpt":{"rendered":"La Filmoteca de Navarra se prepara ya para 2026. Un a\u00f1o en el que su coordinaci\u00f3n cambiar\u00e1 de&hellip;\n","protected":false},"author":2,"featured_media":318316,"comment_status":"","ping_status":"","sticky":false,"template":"","format":"standard","meta":{"footnotes":""},"categories":[169],"tags":[12624,30354,1611,177,146,147,25,24,176,54700,175,708,23],"class_list":{"0":"post-318315","1":"post","2":"type-post","3":"status-publish","4":"format-standard","5":"has-post-thumbnail","7":"category-cine","8":"tag-abrira","9":"tag-alicia","10":"tag-ano","11":"tag-cine","12":"tag-entertainment","13":"tag-entretenimiento","14":"tag-es","15":"tag-espana","16":"tag-film","17":"tag-filmoteca","18":"tag-movies","19":"tag-navarra","20":"tag-spain"},"share_on_mastodon":{"url":"https:\/\/pubeurope.com\/@es\/115823031527835814","error":""},"_links":{"self":[{"href":"https:\/\/www.europesays.com\/es\/wp-json\/wp\/v2\/posts\/318315","targetHints":{"allow":["GET"]}}],"collection":[{"href":"https:\/\/www.europesays.com\/es\/wp-json\/wp\/v2\/posts"}],"about":[{"href":"https:\/\/www.europesays.com\/es\/wp-json\/wp\/v2\/types\/post"}],"author":[{"embeddable":true,"href":"https:\/\/www.europesays.com\/es\/wp-json\/wp\/v2\/users\/2"}],"replies":[{"embeddable":true,"href":"https:\/\/www.europesays.com\/es\/wp-json\/wp\/v2\/comments?post=318315"}],"version-history":[{"count":0,"href":"https:\/\/www.europesays.com\/es\/wp-json\/wp\/v2\/posts\/318315\/revisions"}],"wp:featuredmedia":[{"embeddable":true,"href":"https:\/\/www.europesays.com\/es\/wp-json\/wp\/v2\/media\/318316"}],"wp:attachment":[{"href":"https:\/\/www.europesays.com\/es\/wp-json\/wp\/v2\/media?parent=318315"}],"wp:term":[{"taxonomy":"category","embeddable":true,"href":"https:\/\/www.europesays.com\/es\/wp-json\/wp\/v2\/categories?post=318315"},{"taxonomy":"post_tag","embeddable":true,"href":"https:\/\/www.europesays.com\/es\/wp-json\/wp\/v2\/tags?post=318315"}],"curies":[{"name":"wp","href":"https:\/\/api.w.org\/{rel}","templated":true}]}}