{"id":318321,"date":"2026-01-02T02:01:18","date_gmt":"2026-01-02T02:01:18","guid":{"rendered":"https:\/\/www.europesays.com\/es\/318321\/"},"modified":"2026-01-02T02:01:18","modified_gmt":"2026-01-02T02:01:18","slug":"francia-otorga-la-ciudadania-a-george-y-amal-clooney-y-a-sus-gemelos-ella-y-alexander","status":"publish","type":"post","link":"https:\/\/www.europesays.com\/es\/318321\/","title":{"rendered":"Francia otorga la ciudadan\u00eda a George y Amal Clooney y a sus gemelos Ella y Alexander"},"content":{"rendered":"\n<p>PAR\u00cdS (AP) \u2014 Ahora son monsieur y madame Clooney. El gobierno de Francia inform\u00f3 que George Clooney, su esposa Amal y sus gemelos Ella y Alexander recibieron la ciudadan\u00eda francesa.<\/p>\n<p>Las naturalizaciones de la estrella nacida en Kentucky y su familia fueron anunciadas el fin de semana pasado en el Journal Officiel, la gaceta oficial donde se publican los decretos del gobierno franc\u00e9s.<\/p>\n<p>El aviso del gobierno indic\u00f3 que la abogada de derechos humanos Amal Clooney fue naturalizada con su nombre de soltera, Amal Alamuddin. El informe tambi\u00e9n incluy\u00f3 el segundo nombre de George Clooney, Timothy.<\/p>\n<p>La pareja compr\u00f3 una propiedad en Francia en 2021. En una entrevista con Esquire en octubre, Clooney describi\u00f3 su \u201cgranja en Francia\u201d como su residencia principal, una decisi\u00f3n que el actor de 64 a\u00f1os y su esposa de 47 a\u00f1os tomaron pensando en sus hijos.<\/p>\n<p>\u201cMe preocupaba criar a nuestros hijos en Los \u00c1ngeles, en la cultura de Hollywood\u201d, dijo a la revista. \u201cNo quiero que anden preocupados por los paparazzi. No quiero que los comparen con los hijos famosos de otras personas\u201d.<\/p>\n<p>Creciendo lejos del foco de atenci\u00f3n en Francia, \u201cno est\u00e1n en sus iPads, \u00bfsabes?\u201d, dijo. \u201cCenan con adultos y tienen que levantar sus platos. Tienen una vida mucho mejor\u201d.<\/p>\n<p>Los representantes de George Clooney no respondieron a la solicitud de comentarios de The Associated Press el lunes. El Ministerio del Interior del gobierno franc\u00e9s tampoco respondi\u00f3 a las preguntas de AP el martes.<\/p>\n<p>No estaba claro si Clooney retuvo su ciudadan\u00eda estadounidense. Amal Clooney naci\u00f3 en L\u00edbano y creci\u00f3 en Reino Unido. Los gemelos de 8 a\u00f1os nacieron en Londres.<\/p>\n<p>En recientes entrevistas con los medios cuando estaba promocionando su reciente pel\u00edcula \u201cJay Kelly\u201d, Clooney dijo que est\u00e1 tratando de aprender franc\u00e9s usando una app de idiomas, pero que sigue habl\u00e1ndolo \u201chorrible, horrible\u201d. Dijo que su esposa e hijos lo hablan perfectamente.<\/p>\n<p>\u201cHablan en franc\u00e9s frente a m\u00ed para poder decir cosas terribles sobre m\u00ed en mi cara y yo no lo s\u00e9\u201d, brome\u00f3, hablando con el canal franc\u00e9s Canal+.<\/p>\n<p>Los medios franceses han informado que los Clooney viven parte del tiempo en su lujosa villa del siglo XVIII fuera de la ciudad de Brignoles, en el sur de Francia, donde pueden mantener un perfil m\u00e1s bajo y sus hijos est\u00e1n protegidos de fotograf\u00edas no autorizadas por las leyes de privacidad francesas.<\/p>\n<p>El alcalde de Brignoles, Didier Br\u00e9mond, dijo al canal BFMTV el martes que los Clooney son \u201cuna familia muy sencilla y muy accesible\u201d y se\u00f1al\u00f3 que el actor compra en la ciudad y asisti\u00f3 a la inauguraci\u00f3n de su cine. Su decisi\u00f3n de convertirse en ciudadanos franceses testifica \u201csu amor por nuestro pa\u00eds\u201d, dijo el alcalde.<\/p>\n<p>\u201cAqu\u00ed, \u00e9l quiere vivir normalmente y eso es lo que est\u00e1 tratando de hacer\u201d, dijo.<\/p>\n<p>_____<\/p>\n<p>Las periodistas de The Associated Press Sylvie Corbet en Par\u00eds y Maria Sherman en Nueva York contribuyeron a este informe.<\/p>\n<p>_____<\/p>\n<p>Esta historia fue traducida del ingl\u00e9s por un editor de AP con la ayuda de una herramienta de inteligencia artificial generativa.<\/p>\n","protected":false},"excerpt":{"rendered":"PAR\u00cdS (AP) \u2014 Ahora son monsieur y madame Clooney. El gobierno de Francia inform\u00f3 que George Clooney, su&hellip;\n","protected":false},"author":2,"featured_media":318322,"comment_status":"","ping_status":"","sticky":false,"template":"","format":"standard","meta":{"footnotes":""},"categories":[91],"tags":[12951,29451,1611,12991,74269,8404,146,147,25,24,74268,1820,317,28972,4594,582,30,8803,23,9620],"class_list":{"0":"post-318321","1":"post","2":"type-post","3":"status-publish","4":"format-standard","5":"has-post-thumbnail","7":"category-entretenimiento","8":"tag-alexander","9":"tag-amal-clooney","10":"tag-ano","11":"tag-ap","12":"tag-brignoles","13":"tag-ciudadania","14":"tag-entertainment","15":"tag-entretenimiento","16":"tag-es","17":"tag-espana","18":"tag-esposa-amal","19":"tag-frances","20":"tag-francia","21":"tag-gemelo","22":"tag-george","23":"tag-gobierno","24":"tag-hijo","25":"tag-informe","26":"tag-spain","27":"tag-the-associated-press"},"share_on_mastodon":{"url":"https:\/\/pubeurope.com\/@es\/115823043153688367","error":""},"_links":{"self":[{"href":"https:\/\/www.europesays.com\/es\/wp-json\/wp\/v2\/posts\/318321","targetHints":{"allow":["GET"]}}],"collection":[{"href":"https:\/\/www.europesays.com\/es\/wp-json\/wp\/v2\/posts"}],"about":[{"href":"https:\/\/www.europesays.com\/es\/wp-json\/wp\/v2\/types\/post"}],"author":[{"embeddable":true,"href":"https:\/\/www.europesays.com\/es\/wp-json\/wp\/v2\/users\/2"}],"replies":[{"embeddable":true,"href":"https:\/\/www.europesays.com\/es\/wp-json\/wp\/v2\/comments?post=318321"}],"version-history":[{"count":0,"href":"https:\/\/www.europesays.com\/es\/wp-json\/wp\/v2\/posts\/318321\/revisions"}],"wp:featuredmedia":[{"embeddable":true,"href":"https:\/\/www.europesays.com\/es\/wp-json\/wp\/v2\/media\/318322"}],"wp:attachment":[{"href":"https:\/\/www.europesays.com\/es\/wp-json\/wp\/v2\/media?parent=318321"}],"wp:term":[{"taxonomy":"category","embeddable":true,"href":"https:\/\/www.europesays.com\/es\/wp-json\/wp\/v2\/categories?post=318321"},{"taxonomy":"post_tag","embeddable":true,"href":"https:\/\/www.europesays.com\/es\/wp-json\/wp\/v2\/tags?post=318321"}],"curies":[{"name":"wp","href":"https:\/\/api.w.org\/{rel}","templated":true}]}}