{"id":318327,"date":"2026-01-02T02:04:10","date_gmt":"2026-01-02T02:04:10","guid":{"rendered":"https:\/\/www.europesays.com\/es\/318327\/"},"modified":"2026-01-02T02:04:10","modified_gmt":"2026-01-02T02:04:10","slug":"accidentes-con-fuegos-artificiales-matan-a-dos-en-paises-bajos-un-incendio-destruye-una-iglesia-historica-en-amsterdam","status":"publish","type":"post","link":"https:\/\/www.europesays.com\/es\/318327\/","title":{"rendered":"Accidentes con fuegos artificiales matan a dos en Pa\u00edses Bajos, un incendio destruye una iglesia hist\u00f3rica en \u00c1msterdam"},"content":{"rendered":"<p>      Reuters<br \/>\n        \u00a0\u2014\u00a0<\/p>\n<p class=\"paragraph inline-placeholder vossi-paragraph\" data-uri=\"es.cms.cnn.com\/_components\/paragraph\/instances\/cmjvu7213013o27pd5sjncxay@published\" data-editable=\"text\" data-component-name=\"paragraph\" data-article-gutter=\"true\">\n            Dos personas murieron en Pa\u00edses Bajos en accidentes con fuegos artificiales y hubo incidentes aislados de violencia durante las celebraciones de A\u00f1o Nuevo. En otro incidente, una iglesia hist\u00f3rica en el coraz\u00f3n de \u00c1msterdam se incendi\u00f3.\n    <\/p>\n<p class=\"paragraph inline-placeholder vossi-paragraph\" data-uri=\"es.cms.cnn.com\/_components\/paragraph\/instances\/cmjvuajk60005356pnmsp0ot0@published\" data-editable=\"text\" data-component-name=\"paragraph\" data-article-gutter=\"true\">\n            Tradicionalmente, Pa\u00edses Bajos recibe el A\u00f1o Nuevo con personas lanzando sus propios fuegos artificiales, lo que causa cientos de heridos y millones de euros en da\u00f1os cada a\u00f1o. Este a\u00f1o, unas 250 personas fueron arrestadas en la v\u00edspera de A\u00f1o Nuevo y en varias ciudades se despleg\u00f3 la polic\u00eda antidisturbios, inform\u00f3 la polic\u00eda.\n    <\/p>\n<p class=\"paragraph inline-placeholder vossi-paragraph\" data-uri=\"es.cms.cnn.com\/_components\/paragraph\/instances\/cmjvuajk60006356pmugrxx0s@published\" data-editable=\"text\" data-component-name=\"paragraph\" data-article-gutter=\"true\">\n            \u201cEl impacto de los fuegos artificiales pesados y los incendios provocados en esta v\u00edspera de A\u00f1o Nuevo en algunas \u00e1reas fue absolutamente devastador. La violencia dirigida contra los servicios de emergencia y la polic\u00eda volvi\u00f3 a ser intensa\u201d, dijo la polic\u00eda en un comunicado este jueves.\n    <\/p>\n<p class=\"paragraph inline-placeholder vossi-paragraph\" data-uri=\"es.cms.cnn.com\/_components\/paragraph\/instances\/cmjvuajk60007356prr3bq75h@published\" data-editable=\"text\" data-component-name=\"paragraph\" data-article-gutter=\"true\">\n            Los accidentes con fuegos artificiales mataron a un hombre de 38 a\u00f1os en Aalsmeer, cerca de \u00c1msterdam, y a un ni\u00f1o de Nijmegen, una localidad en el este del pa\u00eds, seg\u00fan la polic\u00eda.\n    <\/p>\n<p class=\"paragraph inline-placeholder vossi-paragraph\" data-uri=\"es.cms.cnn.com\/_components\/paragraph\/instances\/cmjvuajk60008356p41z2hmwe@published\" data-editable=\"text\" data-component-name=\"paragraph\" data-article-gutter=\"true\">\n            En \u00c1msterdam, la iglesia neog\u00f3tica Vondelkerk, cerca del c\u00e9ntrico Vondelpark de la ciudad, fue destruida por un incendio que comenz\u00f3 poco despu\u00e9s de la medianoche.\n    <\/p>\n<p>       <img decoding=\"async\" src=\"https:\/\/www.europesays.com\/es\/wp-content\/uploads\/2026\/01\/screenshot-2026-01-01-133535.png\" alt=\"Una fotograf\u00eda tomada el 1 de enero de 2026 muestra los da\u00f1os sufridos por la torre de la iglesia Vondelkerk de \u00c1msterdam tras un incendio.\" class=\"image_expandable__dam-img image_expandable__dam-img--loading\" onload=\"this.classList.remove('image_expandable__dam-img--loading')\" onerror=\"imageLoadError(this)\" height=\"823\" width=\"1227\" loading=\"lazy\"\/><\/p>\n<p>       <img decoding=\"async\" src=\"https:\/\/www.europesays.com\/es\/wp-content\/uploads\/2026\/01\/screenshot-2026-01-01-133555.png\" alt=\"Bomberos en el lugar del incendio de la iglesia Vondelkerk, dise\u00f1ada por el famoso arquitecto Pierre Cuypers, el d\u00eda de A\u00f1o Nuevo en \u00c1msterdam.\" class=\"image_expandable__dam-img image_expandable__dam-img--loading\" onload=\"this.classList.remove('image_expandable__dam-img--loading')\" onerror=\"imageLoadError(this)\" height=\"819\" width=\"1232\" loading=\"lazy\"\/><\/p>\n<p class=\"paragraph inline-placeholder vossi-paragraph\" data-uri=\"es.cms.cnn.com\/_components\/paragraph\/instances\/cmjvuajk60009356pasopwh06@published\" data-editable=\"text\" data-component-name=\"paragraph\" data-article-gutter=\"true\">\n            La polic\u00eda y el departamento de bomberos de \u00c1msterdam dijeron que estaban investigando y a\u00fan no ten\u00edan comentarios sobre la causa del incendio en la iglesia, que fue construida en 1872.\n    <\/p>\n<p class=\"paragraph inline-placeholder vossi-paragraph\" data-uri=\"es.cms.cnn.com\/_components\/paragraph\/instances\/cmjvuajk6000a356p1tua4ji8@published\" data-editable=\"text\" data-component-name=\"paragraph\" data-article-gutter=\"true\">\n            La v\u00edspera de A\u00f1o Nuevo de 2025 marc\u00f3 el \u00faltimo a\u00f1o antes de que entre en vigor la prohibici\u00f3n nacional de la venta de fuegos artificiales a los consumidores.\n    <\/p>\n<p class=\"paragraph inline-placeholder vossi-paragraph\" data-uri=\"es.cms.cnn.com\/_components\/paragraph\/instances\/cmjvuajk6000b356ph46d39hh@published\" data-editable=\"text\" data-component-name=\"paragraph\" data-article-gutter=\"true\">\n            M\u00e9dicos de emergencias, agentes de polic\u00eda, bomberos y pol\u00edticos locales y nacionales han hecho campa\u00f1a por la prohibici\u00f3n durante a\u00f1os.\n    <\/p>\n","protected":false},"excerpt":{"rendered":"Reuters \u00a0\u2014\u00a0 Dos personas murieron en Pa\u00edses Bajos en accidentes con fuegos artificiales y hubo incidentes aislados de&hellip;\n","protected":false},"author":2,"featured_media":318328,"comment_status":"","ping_status":"","sticky":false,"template":"","format":"standard","meta":{"footnotes":""},"categories":[42],"tags":[27490,17,18,13,14,11,12034,48,61,62,63,64,19,20,9,10,15,16,12,21,22,65,66,67],"class_list":{"0":"post-318327","1":"post","2":"type-post","3":"status-publish","4":"format-standard","5":"has-post-thumbnail","7":"category-internacional","8":"tag-amsterdam","9":"tag-breaking-news","10":"tag-breakingnews","11":"tag-featured-news","12":"tag-featurednews","13":"tag-headlines","14":"tag-iglesia","15":"tag-incendio","16":"tag-internacional","17":"tag-international","18":"tag-international-news","19":"tag-internationalnews","20":"tag-latest-news","21":"tag-latestnews","22":"tag-news","23":"tag-noticias","24":"tag-noticias-destacadas","25":"tag-noticiasdestacadas","26":"tag-titulares","27":"tag-ultimas-noticias","28":"tag-ultimasnoticias","29":"tag-world","30":"tag-world-news","31":"tag-worldnews"},"share_on_mastodon":{"url":"https:\/\/pubeurope.com\/@es\/115823054939665495","error":""},"_links":{"self":[{"href":"https:\/\/www.europesays.com\/es\/wp-json\/wp\/v2\/posts\/318327","targetHints":{"allow":["GET"]}}],"collection":[{"href":"https:\/\/www.europesays.com\/es\/wp-json\/wp\/v2\/posts"}],"about":[{"href":"https:\/\/www.europesays.com\/es\/wp-json\/wp\/v2\/types\/post"}],"author":[{"embeddable":true,"href":"https:\/\/www.europesays.com\/es\/wp-json\/wp\/v2\/users\/2"}],"replies":[{"embeddable":true,"href":"https:\/\/www.europesays.com\/es\/wp-json\/wp\/v2\/comments?post=318327"}],"version-history":[{"count":0,"href":"https:\/\/www.europesays.com\/es\/wp-json\/wp\/v2\/posts\/318327\/revisions"}],"wp:featuredmedia":[{"embeddable":true,"href":"https:\/\/www.europesays.com\/es\/wp-json\/wp\/v2\/media\/318328"}],"wp:attachment":[{"href":"https:\/\/www.europesays.com\/es\/wp-json\/wp\/v2\/media?parent=318327"}],"wp:term":[{"taxonomy":"category","embeddable":true,"href":"https:\/\/www.europesays.com\/es\/wp-json\/wp\/v2\/categories?post=318327"},{"taxonomy":"post_tag","embeddable":true,"href":"https:\/\/www.europesays.com\/es\/wp-json\/wp\/v2\/tags?post=318327"}],"curies":[{"name":"wp","href":"https:\/\/api.w.org\/{rel}","templated":true}]}}