{"id":318339,"date":"2026-01-02T02:16:09","date_gmt":"2026-01-02T02:16:09","guid":{"rendered":"https:\/\/www.europesays.com\/es\/318339\/"},"modified":"2026-01-02T02:16:09","modified_gmt":"2026-01-02T02:16:09","slug":"cuenta-atras-para-mika-marmol-osasuna-y-ahora-el-celta-se-interesan-por-el-amarillo-que-podria-irse-gratis","status":"publish","type":"post","link":"https:\/\/www.europesays.com\/es\/318339\/","title":{"rendered":"Cuenta atr\u00e1s para Mika M\u00e1rmol: Osasuna y ahora el Celta se interesan por el amarillo que podr\u00eda irse gratis"},"content":{"rendered":"<p><a class=\"v-mdl-ath__fig-a\" href=\"https:\/\/www.canarias7.es\/autor\/daniel-herrera-rodriguez-6598.html\" title=\"Daniel Herrera Rodr\u00edguez\" rel=\"nofollow noopener\" target=\"_blank\"><br \/>\n<img decoding=\"async\" class=\"v-mdl-ath__img\" src=\"https:\/\/www.europesays.com\/es\/wp-content\/uploads\/2025\/08\/autor-6598-foto-1.jpeg\" alt=\"Daniel Herrera Rodr\u00edguez\"\/><br \/>\n<\/a><\/p>\n<p class=\"v-mdl-ath__p v-mdl-ath__p--6\">\nJueves, 1 de enero 2026, 20:55<\/p>\n<p class=\"v-p\">En pleno punto de inflexi\u00f3n de la temporada y con el mercado de invierno en plena acci\u00f3n, la UD Las Palmas podr\u00eda perder en breve a uno de sus grandes activos, en este caso al zaguero <strong>Mika M\u00e1rmol,<\/strong> un jugador clave en la retaguardia amarilla cuya marcha, adem\u00e1s, no dejar\u00eda dinero en las arcas del club amarillo, tal y como ocurri\u00f3 en movimientos pret\u00e9ritos como los del meta <strong>\u00c1lvaro Valles <\/strong>-que tras un a\u00f1o en &#8216;barbecho&#8217; se fue gratis al Betis y el lateral<strong> Sergi Cardona<\/strong> -actualmente en el Villarreal-. <\/p>\n<p class=\"v-p\">El polivalente defensa catal\u00e1n no ha renovado con el conjunto insular y los cantos de sirena se han multiplicado sobre su figura desde el pasado verano. En ese mercado estival, <strong>tanto el f\u00fatbol italiano como el Girona tantearon su incorporaci\u00f3n,<\/strong> lanzando en esas fechas el conjunto catal\u00e1n <strong>una oferta de 4 millones<\/strong>, insuficiente para una UD que hab\u00eda tasado su venta en <strong>10 kilos <\/strong>-teniendo en cuenta que<strong> el 50% del pase es del FC Barcelona<\/strong>-.<\/p>\n<p class=\"v-p\">En los \u00faltimos d\u00edas, el Osasuna hab\u00eda mostrado su inter\u00e9s, aunque tras <strong>el fichaje de Javi Gal\u00e1n, la recuperaci\u00f3n f\u00edsica de Rosier, la irrupci\u00f3n de I\u00f1igo Arguibide y el asentamiento de Herrando <\/strong>han enfriado esta posible operaci\u00f3n, cobrando fuerza ahora la baza del <strong>Celta<\/strong>. \u00abEs muy complicado renovar a Mika. Hay equipos importantes de Primera que quieren sus servicios, pero vamos a seguir peleando por \u00e9l\u00bb, reconoci\u00f3 recientemente el presidente de la UD,<strong> Miguel \u00c1ngel Ram\u00edrez.<\/strong> Comienza una tensa cuenta atr\u00e1s en torno a M\u00e1rmol. <\/p>\n<p>Dos antecedentes recientes que se fueron gratis<\/p>\n<p>\u00c1lvaro Valles &#8211; Gratis al Betis<\/p>\n<ul class=\"v-u v-u--t4\">\n<li class=\"v-u__l\">\n<p class=\"v-p\">\nLa marcha de Valles al conjunto verdiblanco fue toda una telenovela, qued\u00e1ndose el portero una campa\u00f1a en &#8216;barbecho&#8217; esperando a que se concluyera su contrato y salir gratis -la UD ped\u00eda 10 kilos por su marcha- rumbo a la capital andaluza.\n<\/p>\n<\/li>\n<\/ul>\n<p>Sergi Cardona &#8211; Al Villarreal a coste cero<\/p>\n<ul class=\"v-u v-u--t4\">\n<li class=\"v-u__l\">\n<p class=\"v-p\">\nEl fichaje de Sergi Cardona por el Villarreal fue completamente sin costes, ya que lleg\u00f3 como agente libre en el verano de 2024 tras finalizar su contrato con Las Palmas y firm\u00f3 con el Submarino por tres temporadas, hasta junio de 2027.\n<\/p>\n<\/li>\n<\/ul>\n<p>Reporta un error<\/p>\n","protected":false},"excerpt":{"rendered":"Jueves, 1 de enero 2026, 20:55 En pleno punto de inflexi\u00f3n de la temporada y con el mercado&hellip;\n","protected":false},"author":2,"featured_media":318340,"comment_status":"","ping_status":"","sticky":false,"template":"","format":"standard","meta":{"footnotes":""},"categories":[268],"tags":[4924,20346,290,2196,168,25,24,280,282,126,37681,17733,54605,41084,621,281,23,167],"class_list":{"0":"post-318339","1":"post","2":"type-post","3":"status-publish","4":"format-standard","5":"has-post-thumbnail","7":"category-futbol","8":"tag-amarillo","9":"tag-atras","10":"tag-celta","11":"tag-cuenta","12":"tag-deportes","13":"tag-es","14":"tag-espana","15":"tag-football","16":"tag-futbol","17":"tag-gratis","18":"tag-interesan","19":"tag-irse","20":"tag-marmol","21":"tag-mika","22":"tag-osasuna","23":"tag-soccer","24":"tag-spain","25":"tag-sports"},"share_on_mastodon":{"url":"https:\/\/pubeurope.com\/@es\/115823102241625699","error":""},"_links":{"self":[{"href":"https:\/\/www.europesays.com\/es\/wp-json\/wp\/v2\/posts\/318339","targetHints":{"allow":["GET"]}}],"collection":[{"href":"https:\/\/www.europesays.com\/es\/wp-json\/wp\/v2\/posts"}],"about":[{"href":"https:\/\/www.europesays.com\/es\/wp-json\/wp\/v2\/types\/post"}],"author":[{"embeddable":true,"href":"https:\/\/www.europesays.com\/es\/wp-json\/wp\/v2\/users\/2"}],"replies":[{"embeddable":true,"href":"https:\/\/www.europesays.com\/es\/wp-json\/wp\/v2\/comments?post=318339"}],"version-history":[{"count":0,"href":"https:\/\/www.europesays.com\/es\/wp-json\/wp\/v2\/posts\/318339\/revisions"}],"wp:featuredmedia":[{"embeddable":true,"href":"https:\/\/www.europesays.com\/es\/wp-json\/wp\/v2\/media\/318340"}],"wp:attachment":[{"href":"https:\/\/www.europesays.com\/es\/wp-json\/wp\/v2\/media?parent=318339"}],"wp:term":[{"taxonomy":"category","embeddable":true,"href":"https:\/\/www.europesays.com\/es\/wp-json\/wp\/v2\/categories?post=318339"},{"taxonomy":"post_tag","embeddable":true,"href":"https:\/\/www.europesays.com\/es\/wp-json\/wp\/v2\/tags?post=318339"}],"curies":[{"name":"wp","href":"https:\/\/api.w.org\/{rel}","templated":true}]}}