{"id":31834,"date":"2025-08-07T15:14:09","date_gmt":"2025-08-07T15:14:09","guid":{"rendered":"https:\/\/www.europesays.com\/es\/31834\/"},"modified":"2025-08-07T15:14:09","modified_gmt":"2025-08-07T15:14:09","slug":"un-valenciano-un-lituano-un-frances-y-un-austriaco-prueban-con-la-sidra","status":"publish","type":"post","link":"https:\/\/www.europesays.com\/es\/31834\/","title":{"rendered":"un valenciano, un lituano, un franc\u00e9s y un austriaco prueban con la sidra"},"content":{"rendered":"<p class=\"ft-text ft-helper-closenews\"><strong>\u00bfQu\u00e9 hacen un valenciano, un lituano, un franc\u00e9s y un austriaco en una sidrer\u00eda de Luanco escanciando sidra?<\/strong> Parece el inicio de un chiste, pero es una escena que solo puede conseguir el Tenis Playa de Luanco. Antes de batirse en duelo sobre la arena de La Ribera, <strong>Dominic Thiem, Richard Gasquet, Bernab\u00e9 Zapata <\/strong>y <strong>Edas Butvilas<\/strong> compartieron ayer mesa y mantel y, sobre todo, botellas de sidra, en la sidrer\u00eda Campanal. Bajo las indicaciones de <strong>Alfonso Benjam\u00edn Su\u00e1rez<\/strong>, \u00abAlf\u00bb, los cuatro tenistas aprendieron los secretos de la bebida por antonomasia del Principado. Eso s\u00ed, escanciar les cost\u00f3 bastante m\u00e1s que manejar el golpe de rev\u00e9s.<\/p>\n<p class=\"ft-text\">Thiem era el \u00fanico debutante de la cita, y eso se vio a la hora de ponerse a escanciar, aunque en su cara se ve\u00eda la ilusi\u00f3n por jugar en el Tenis Playa. \u00abCuando vi por primera vez la pista en la arena, con las grades y el aliciente de que solo se puede jugar cuando no hay agua, me puse muy feliz de venir aqu\u00ed. Estoy muy emocionado por c\u00f3mo ser\u00e1 jugar all\u00ed, es algo nuevo\u00bb, destac\u00f3 el austriaco, uno de los grandes atractivos del torneo en esta edici\u00f3n, que reconoci\u00f3 que la villa luanquina le est\u00e1 \u00abencantando\u00bb. \u00abEsta competici\u00f3n es algo que no existe en otro lugar del mundo, creo que es incre\u00edble\u00bb, se\u00f1al\u00f3.<\/p>\n<p class=\"ft-text\"><strong>El franc\u00e9s Gasquet no es debutante, ya estuvo hace dos a\u00f1os protagonizando una gran semifinal ante Avenda\u00f1o, pero a\u00fan debe recibir un par de lecciones sobre escanciar sidra<\/strong>. \u00abPara m\u00ed es algo \u00fanico jugar aqu\u00ed. Le he dicho a mucha gente que he vuelto a Luanco y todos me preguntan que c\u00f3mo es posible competir sobre la arena. Es un lugar incre\u00edble, ten\u00eda muchas ganas de volver\u00bb, confiesa el franc\u00e9s, que reconoci\u00f3 que su primera participaci\u00f3n hab\u00eda despertado mucha curiosidad entre su c\u00edrculo de amigos. \u00abLa experiencia fue incre\u00edble y por eso estoy muy feliz de volver\u00bb, recalc\u00f3.<\/p>\n<p class=\"ft-text\">Uno de los que mejor se desenvolvi\u00f3 a la hora de alzar la botella fue Zapata, un habitual ya en la arena de Luanco. \u00abEstoy muy contento por volver. El a\u00f1o pasado no pude estar y mi \u00faltima vez aqu\u00ed ca\u00ed en semifinales, pero hoy soy positivo\u00bb, explic\u00f3 el valenciano, que <strong>cree que la de este a\u00f1o es una de las ediciones con mejor cartel del Tenis Playa<\/strong>. \u00abPara m\u00ed es una gran oportunidad poder jugar contra Thiem\u00bb, explic\u00f3 el tenista sobre el que fuese n\u00famero 3 del mundo. \u00abLo m\u00e1s complicado aqu\u00ed es moverse en la pista, no te deslizas como en otras superficies, y los botes, pero eso lo hace m\u00e1s emocionante\u00bb, destac\u00f3.<\/p>\n<p class=\"ft-text\"><strong>Butvilas es el \u00fanico de los cuatro semifinalistas que conoce el sabor de la gloria en Luanco<\/strong>. \u00abMe encanta venir aqu\u00ed a jugar, siempre hay un gran ambiente y la comida de esta zona es buen\u00edsima\u00bb, ensalz\u00f3 el lituano, que ya se maneja con el castellano. Se medir\u00e1 a Gasquet, \u00abuna gran persona y tenista\u00bb, un duelo que intentar\u00e1 \u00abdisfrutar al m\u00e1ximo\u00bb.<\/p>\n<p data-close=\"closedContent\" class=\"subscribeHideForDisplay\">Suscr\u00edbete para seguir leyendo<\/p>\n","protected":false},"excerpt":{"rendered":"\u00bfQu\u00e9 hacen un valenciano, un lituano, un franc\u00e9s y un austriaco en una sidrer\u00eda de Luanco escanciando sidra?&hellip;\n","protected":false},"author":2,"featured_media":31835,"comment_status":"","ping_status":"","sticky":false,"template":"","format":"standard","meta":{"footnotes":""},"categories":[274],"tags":[168,25,16601,24,61,8530,776,8531,16602,23,167,327,326,706],"class_list":{"0":"post-31834","1":"post","2":"type-post","3":"status-publish","4":"format-standard","5":"has-post-thumbnail","7":"category-tenis","8":"tag-deportes","9":"tag-es","10":"tag-escanciado","11":"tag-espana","12":"tag-internacional","13":"tag-luanco","14":"tag-playa","15":"tag-ribera","16":"tag-sidra","17":"tag-spain","18":"tag-sports","19":"tag-tenis","20":"tag-tennis","21":"tag-valenciano"},"share_on_mastodon":{"url":"","error":""},"_links":{"self":[{"href":"https:\/\/www.europesays.com\/es\/wp-json\/wp\/v2\/posts\/31834","targetHints":{"allow":["GET"]}}],"collection":[{"href":"https:\/\/www.europesays.com\/es\/wp-json\/wp\/v2\/posts"}],"about":[{"href":"https:\/\/www.europesays.com\/es\/wp-json\/wp\/v2\/types\/post"}],"author":[{"embeddable":true,"href":"https:\/\/www.europesays.com\/es\/wp-json\/wp\/v2\/users\/2"}],"replies":[{"embeddable":true,"href":"https:\/\/www.europesays.com\/es\/wp-json\/wp\/v2\/comments?post=31834"}],"version-history":[{"count":0,"href":"https:\/\/www.europesays.com\/es\/wp-json\/wp\/v2\/posts\/31834\/revisions"}],"wp:featuredmedia":[{"embeddable":true,"href":"https:\/\/www.europesays.com\/es\/wp-json\/wp\/v2\/media\/31835"}],"wp:attachment":[{"href":"https:\/\/www.europesays.com\/es\/wp-json\/wp\/v2\/media?parent=31834"}],"wp:term":[{"taxonomy":"category","embeddable":true,"href":"https:\/\/www.europesays.com\/es\/wp-json\/wp\/v2\/categories?post=31834"},{"taxonomy":"post_tag","embeddable":true,"href":"https:\/\/www.europesays.com\/es\/wp-json\/wp\/v2\/tags?post=31834"}],"curies":[{"name":"wp","href":"https:\/\/api.w.org\/{rel}","templated":true}]}}