{"id":318341,"date":"2026-01-02T02:17:17","date_gmt":"2026-01-02T02:17:17","guid":{"rendered":"https:\/\/www.europesays.com\/es\/318341\/"},"modified":"2026-01-02T02:17:17","modified_gmt":"2026-01-02T02:17:17","slug":"una-encuesta-la-considera-una-de-las-figuras-mas-queridas-de-la-corona","status":"publish","type":"post","link":"https:\/\/www.europesays.com\/es\/318341\/","title":{"rendered":"una encuesta la considera una de las figuras m\u00e1s queridas de la Corona"},"content":{"rendered":"<p id=\"ekTtcPMoFe\" data-wc=\"91\"><strong>Los reyes de Dinamarca, Federico y Mary, arrancan el a\u00f1o con la mejor de las noticias<\/strong>: la Corona danesa sigue contando con un gran respaldo entre la ciudadan\u00eda, y esta popularidad tambi\u00e9n se extiende a sus hijos mayores, el pr\u00edncipe heredero Christian y la princesa Isabella, que en 2025 cumpli\u00f3 18 a\u00f1os. Seg\u00fan los datos de una encuesta anual elaborada por el instituto Epinion para el medio p\u00fablico dan\u00e9s DR,<strong>\u00a0el 72 por ciento de los daneses apoya firmemente la monarqu\u00eda<\/strong>, mientras que solo un 15 por ciento apuesta por eliminarla.\u00a0<\/p>\n<p> <img src=\"https:\/\/www.europesays.com\/es\/wp-content\/uploads\/2026\/01\/57ca038a2d02-federico-mary-dinamarca-gtres-t.jpg\"   width=\"1024\" height=\"576\" loading=\"lazy\" decoding=\"async\" alt=\"El 72 por ciento de los daneses apoya firmemente la monarqu\u00eda\" fetchpriority=\"auto\" class=\"image ho-image\"\/>El 72 por ciento de los daneses apoya firmemente la monarqu\u00eda<\/p>\n<p id=\"eYPNi3F-vI\" data-wc=\"78\">Los datos demuestran que el apoyo a la Casa Real sigue siendo s\u00f3lido y estable, incluso despu\u00e9s del reciente cambio de trono. En cuanto a la valoraci\u00f3n individual de los miembros de la familia real, el rey Federico obtiene un 87 por ciento de aprobaci\u00f3n, y la reina Mary no se queda atr\u00e1s, con un 85 por ciento. Sin embargo, <strong>la m\u00e1s querida por los daneses sigue siendo la reina Margarita, con un 88 por ciento de popularidad<\/strong>.\u00a0<\/p>\n<p> <img src=\"https:\/\/www.europesays.com\/es\/wp-content\/uploads\/2025\/10\/ad335d2725cb-img4839.jpg\"   width=\"682\" height=\"1024\" loading=\"lazy\" decoding=\"async\" alt=\"Foto de Christian de Dinamarca por su 20 cumplea\u00f1os\" fetchpriority=\"auto\" class=\"image ho-image\"\/>\u00a9 KongehusetFoto de Christian de Dinamarca por su 20 cumplea\u00f1os<\/p>\n<p id=\"ee147bMdbB\" data-wc=\"83\"><a class=\"hm-link ho-link\" href=\"https:\/\/www.hola.com\/realeza\/casa_danesa\/20250421827454\/isabella-de-dinamarca-fotos-cumple-18-anios-vestida-de-gala-y-estrenando-tiara-historica\/\" rel=\"noopener nofollow\" target=\"_blank\" data-mrf-recirculation=\"article-body-link\">El estudio tambi\u00e9n ha incluido por primera vez a la princesa Isabella, que arrasa en opiniones favorables entre la ciudadan\u00eda danesa<\/a>. Tanto ella como su hermano mayor reciben valoraciones muy positivas por parte de la poblaci\u00f3n, con m\u00e1s del 70 por ciento de aprobaci\u00f3n y con <strong>porcentajes muy bajos de rechazo<\/strong>. La monarqu\u00eda danesa ha logrado mantener un equilibrio entre tradici\u00f3n y modernidad, consolidando la figura de los actuales reyes e instaurando una amplia barrera de confianza de la sociedad en la instituci\u00f3n. \u00a0<\/p>\n<p> <img src=\"https:\/\/www.europesays.com\/es\/wp-content\/uploads\/2026\/01\/bfac78f2aeb1-dlu580464004.jpg\"   width=\"1024\" height=\"801\" loading=\"lazy\" decoding=\"async\" alt=\"Isabella de Dinamarca Mary\" fetchpriority=\"auto\" class=\"image ho-image\"\/>\u00a9 GTRESLa princesa Isabella junto a su madre, la reina Mary <\/p>\n<p id=\"eme3J-Scm34\" data-wc=\"74\">Varios expertos han analizado estos n\u00fameros tan positivos, pues un \u00abapoyo tan s\u00f3lido tambi\u00e9n indica que la Casa Real danesa comete muy pocos errores. <strong>Pisan donde deben y consiguen esquivar las crisis<\/strong>\u00ab. Otro especialista apunta para el medio dan\u00e9s que \u00abesto tambi\u00e9n significa que la Casa Real danesa se encuentra en una posici\u00f3n envidiable para varias casas reales europeas, que deben dedicar su tiempo a lidiar con crisis dentro y fuera de las instituciones\u00bb.<\/p>\n<p> <img src=\"https:\/\/www.europesays.com\/es\/wp-content\/uploads\/2026\/01\/89a7c28631d2-dlu583619042.jpg\"   width=\"1024\" height=\"682\" loading=\"lazy\" decoding=\"async\" alt=\"Federico de Dinamacar en el d\u00eda de su 57 cumplea\u00f1os con Mary de Dinamarca, Isabella de Dinamarca, Vicnent de Dinamarca, Josephine de Dinamarca y Margarita de Dinamarca \" fetchpriority=\"auto\" class=\"image ho-image\"\/>\u00a9 GTRESFederico de Dinamarca en el d\u00eda de su 57 cumplea\u00f1os con Mary de Dinamarca, Isabella de Dinamarca, Vincent de Dinamarca, Josephine de Dinamarca y Margarita de Dinamarca <\/p>\n<p>Una tiara por sus 18<\/p>\n<p id=\"et82qsSCHv\" data-wc=\"137\"><a class=\"hm-link ho-link\" href=\"https:\/\/www.hola.com\/realeza\/casa_espanola\/20251209871804\/princesa-isabella-dinamarca-navidad-adviento-reina-mary\/\" rel=\"noopener nofollow\" target=\"_blank\" data-mrf-recirculation=\"article-body-link\">El 2026 ser\u00e1 un a\u00f1o muy especial para la princesa Isabella<\/a>. Est\u00e1 estudiando el \u00faltimo a\u00f1o en el instituto \u00d8reg\u00e5rd y se espera que en verano la veamos graduarse antes de desvelarse qu\u00e9 pasos formativos dar\u00e1 si ingresar\u00e1 en la Universidad o quiz\u00e1 se decante por el mundo militar, como su hermano Christian. El pasado mes de abril, la princesa cumpli\u00f3 18 a\u00f1os y sigui\u00f3 con una de las tradiciones m\u00e1s laureadas: su primera tiara. <a class=\"hm-link ho-link\" href=\"https:\/\/www.hola.com\/realeza\/casa_danesa\/20250421827454\/isabella-de-dinamarca-fotos-cumple-18-anios-vestida-de-gala-y-estrenando-tiara-historica\/\" rel=\"noopener nofollow\" target=\"_blank\" data-mrf-recirculation=\"article-body-link\">Es costumbre en la Corte danesa que, cuando sus Princesas cumplen los 18, sus padres les regalen una diadema familiar<\/a>. Hac\u00eda m\u00e1s de 60 a\u00f1os que una royal danesa no recib\u00eda una tiara, ya que la \u00faltima que fue obsequiada con una de estas piezas fue la reina Ana Mar\u00eda de Grecia, t\u00eda abuela de Isabella, quien fue princesa danesa de cuna.\u00a0<\/p>\n<p> <img src=\"https:\/\/www.europesays.com\/es\/wp-content\/uploads\/2026\/01\/0e00a9da9429-galla2025hkh-prinsesse-isabella-opt040411-1.jpg\"   width=\"877\" height=\"1024\" loading=\"lazy\" decoding=\"async\" alt=\"Los primeros retratos de gala de Isabella de Dinamarca \" fetchpriority=\"auto\" class=\"image ho-image\"\/>\u00a9 Steen Evald \/\/ KongehusetLos primeros retratos de gala de Isabella de Dinamarca <\/p>\n<p> <img src=\"https:\/\/www.europesays.com\/es\/wp-content\/uploads\/2026\/01\/6558129919ba-galla2025hkh-prinsesse-isabella-opt010081-1.jpg\"   width=\"877\" height=\"1024\" loading=\"lazy\" decoding=\"async\" alt=\"Los primeros retratos de gala de Isabella de Dinamarca \" fetchpriority=\"auto\" class=\"image ho-image\"\/>\u00a9 Steen Evald \/\/ KongehusetEl 2026 ser\u00e1 un a\u00f1o muy especial para Isabella de Dinamarca<\/p>\n<p id=\"ecRQWAQYDH\" data-wc=\"116\">Aunque desde el 14 de enero de 2024, cuando Federico X se convirti\u00f3 en Rey, Isabella, al igual que sus hermanos peque\u00f1os Vincent y Josephine, son <a class=\"hm-link ho-link\" href=\"https:\/\/www.hola.com\/realeza\/casa_danesa\/20250421827454\/isabella-de-dinamarca-fotos-cumple-18-anios-vestida-de-gala-y-estrenando-tiara-historica\/\" rel=\"noopener nofollow\" target=\"_blank\" data-mrf-recirculation=\"article-body-link\">poseedores de la Orden del Elefante, la insignia solo se recibe en el d\u00eda en que se cumple la mayor\u00eda de edad<\/a>. Esta distinci\u00f3n es la orden de caballer\u00eda m\u00e1s antigua y distinguida del pa\u00eds n\u00f3rdico y tiene sus ra\u00edces en el siglo XV. <strong>Isabella ha pasado la Navidad junto a sus padres y hermanos<\/strong>. El Palacio de Federico VIII en Amalienborg ha sido el escenario de los d\u00edas m\u00e1s entra\u00f1ables del a\u00f1o y todos juntos asistieron al servicio de Nochebuena y Navidad en la iglesia de Vor Frue Kirke.\u00a0<\/p>\n<p> <img src=\"https:\/\/www.europesays.com\/es\/wp-content\/uploads\/2026\/01\/245ee7ea8b5c-gettyimages-2209884145.jpg\"   width=\"1024\" height=\"682\" loading=\"lazy\" decoding=\"async\" alt=\"Federico de Dinamarca junto a Mary y su hija Isabella \" fetchpriority=\"auto\" class=\"image ho-image\"\/>\u00a9 Ritzau Scanpix\/AFP via Getty ImaFederico de Dinamarca junto a Mary y su hija Isabella <\/p>\n","protected":false},"excerpt":{"rendered":"Los reyes de Dinamarca, Federico y Mary, arrancan el a\u00f1o con la mejor de las noticias: la Corona&hellip;\n","protected":false},"author":2,"featured_media":318342,"comment_status":"","ping_status":"","sticky":false,"template":"","format":"standard","meta":{"footnotes":""},"categories":[174],"tags":[255,52071,146,147,25,24,256,7923,74276,44569,7922,1027,7921,23],"class_list":{"0":"post-318341","1":"post","2":"type-post","3":"status-publish","4":"format-standard","5":"has-post-thumbnail","7":"category-famosos","8":"tag-celebrities","9":"tag-christian-de-dinamarca","10":"tag-entertainment","11":"tag-entretenimiento","12":"tag-es","13":"tag-espana","14":"tag-famosos","15":"tag-federico-de-dinamarca","16":"tag-isabella-de-dinamarca","17":"tag-margarita-de-dinamarca","18":"tag-mary-de-dinamarca","19":"tag-realeza","20":"tag-realeza-danesa","21":"tag-spain"},"share_on_mastodon":{"url":"https:\/\/pubeurope.com\/@es\/115823106122344013","error":""},"_links":{"self":[{"href":"https:\/\/www.europesays.com\/es\/wp-json\/wp\/v2\/posts\/318341","targetHints":{"allow":["GET"]}}],"collection":[{"href":"https:\/\/www.europesays.com\/es\/wp-json\/wp\/v2\/posts"}],"about":[{"href":"https:\/\/www.europesays.com\/es\/wp-json\/wp\/v2\/types\/post"}],"author":[{"embeddable":true,"href":"https:\/\/www.europesays.com\/es\/wp-json\/wp\/v2\/users\/2"}],"replies":[{"embeddable":true,"href":"https:\/\/www.europesays.com\/es\/wp-json\/wp\/v2\/comments?post=318341"}],"version-history":[{"count":0,"href":"https:\/\/www.europesays.com\/es\/wp-json\/wp\/v2\/posts\/318341\/revisions"}],"wp:featuredmedia":[{"embeddable":true,"href":"https:\/\/www.europesays.com\/es\/wp-json\/wp\/v2\/media\/318342"}],"wp:attachment":[{"href":"https:\/\/www.europesays.com\/es\/wp-json\/wp\/v2\/media?parent=318341"}],"wp:term":[{"taxonomy":"category","embeddable":true,"href":"https:\/\/www.europesays.com\/es\/wp-json\/wp\/v2\/categories?post=318341"},{"taxonomy":"post_tag","embeddable":true,"href":"https:\/\/www.europesays.com\/es\/wp-json\/wp\/v2\/tags?post=318341"}],"curies":[{"name":"wp","href":"https:\/\/api.w.org\/{rel}","templated":true}]}}