{"id":318343,"date":"2026-01-02T02:20:09","date_gmt":"2026-01-02T02:20:09","guid":{"rendered":"https:\/\/www.europesays.com\/es\/318343\/"},"modified":"2026-01-02T02:20:09","modified_gmt":"2026-01-02T02:20:09","slug":"el-ultimo-viaje-a-hawkins-y-el-upside-down-asi-se-despidio-stranger-things-en-su-capitulo-final","status":"publish","type":"post","link":"https:\/\/www.europesays.com\/es\/318343\/","title":{"rendered":"El \u00faltimo viaje a Hawkins y el Upside Down: as\u00ed se despidi\u00f3 \u201cStranger Things\u201d en su cap\u00edtulo final"},"content":{"rendered":"<p data-uri=\"es.cms.cnn.com\/_components\/editor-note\/instances\/cmjvzu240000l356pphm6dmd3@published\" data-editable=\"text\" data-component-name=\"editor-note\" class=\"editor-note vossi-editor-note inline-placeholder \" data-article-gutter=\"true\">\n    Nota del editor: Este art\u00edculo contiene spoilers sobre el final de la serie \u201cStranger Things\u201d.\n<\/p>\n<p>      CNN<br \/>\n        \u00a0\u2014\u00a0<\/p>\n<p class=\"paragraph inline-placeholder vossi-paragraph\" data-uri=\"es.cms.cnn.com\/_components\/paragraph\/instances\/cmjvztbto0005356p5w14b6dw@published\" data-editable=\"text\" data-component-name=\"paragraph\" data-article-gutter=\"true\">\n            Con un monstruo ara\u00f1a gigante y malvado, un misterioso malet\u00edn y un mont\u00f3n de personajes llorosos despidi\u00e9ndose, \u201cStranger Things\u201d se convirti\u00f3 en cosa del pasado.\n    <\/p>\n<p class=\"paragraph inline-placeholder vossi-paragraph\" data-uri=\"es.cms.cnn.com\/_components\/paragraph\/instances\/cmjvztbto0006356p0zw2s6ux@published\" data-editable=\"text\" data-component-name=\"paragraph\" data-article-gutter=\"true\">\n            La serie de Netflix que capitaliz\u00f3 los homenajes a los a\u00f1os 80 y las notas de sintetizador mezcladas con \u00e9xitos pop termin\u00f3 su quinta y \u00faltima temporada con un final de m\u00e1s de 2 horas que se estren\u00f3 en Nochevieja, en el que nadie (realmente) muri\u00f3, las amistades de toda la vida se forjaron de nuevo en el fuego, y un grupo de nerds aficionados de Dungeons and Dragons finalmente se gradu\u00f3 del bachillerato (aunque todos parecen lo suficientemente mayores como para haber ido a la universidad tambi\u00e9n).\n    <\/p>\n<p class=\"paragraph inline-placeholder vossi-paragraph\" data-uri=\"es.cms.cnn.com\/_components\/paragraph\/instances\/cmjvztbto0007356pnhmylge0@published\" data-editable=\"text\" data-component-name=\"paragraph\" data-article-gutter=\"true\">\n            Los dos primeros bloques de la temporada \u2013lanzados justo en Acci\u00f3n de Gracias y Navidad\u2013 prepararon esta \u00faltima aventura, colocando las piezas para un enfrentamiento culminante en un episodio titulado \u201cThe Rightside Up\u201d que convoc\u00f3 esencialmente a todos los miembros sobrevivientes del elenco extendido (\u00a1incluso el Sr. Clarke!) a derrotar a Vecna, tambi\u00e9n conocido como Henry Creel, tambi\u00e9n conocido como Uno.\n    <\/p>\n<p class=\"paragraph inline-placeholder vossi-paragraph\" data-uri=\"es.cms.cnn.com\/_components\/paragraph\/instances\/cmjvztbto0008356plynlezle@published\" data-editable=\"text\" data-component-name=\"paragraph\" data-article-gutter=\"true\">\n            En un clip detr\u00e1s de c\u00e1maras lanzado antes del episodio, Ross Duffer, cocreador de \u201cStranger Things\u201d, dijo que, como era la \u00faltima celebraci\u00f3n de la serie, quer\u00edan \u201chacerlo lo m\u00e1s grande posible, y no creo que pudi\u00e9ramos meter a otro personaje, creo que todo se romper\u00eda\u201d. Eso se sinti\u00f3 cierto en este tramo final: algunos personajes apenas pronunciaron una palabra de di\u00e1logo en el \u00faltimo episodio, no por falta de urgencia, sino simplemente porque no hab\u00eda espacio ni tiempo para que lo hicieran.\n    <\/p>\n<p class=\"paragraph inline-placeholder vossi-paragraph\" data-uri=\"es.cms.cnn.com\/_components\/paragraph\/instances\/cmjvztbto0009356pgbancr45@published\" data-editable=\"text\" data-component-name=\"paragraph\" data-article-gutter=\"true\">\n            Aun as\u00ed, las apuestas eran altas, ya que Eleven (Millie Bobby Brown) luchaba con una decisi\u00f3n fat\u00eddica sobre qu\u00e9 hacer al final, ya que incluso si el Upside Down fuera destruido irrevocablemente, su mera existencia podr\u00eda dejar la puerta abierta a una nueva versi\u00f3n y una nueva amenaza como Vecna. Ir\u00f3nicamente, su dilema no era muy diferente al de Terminator de Arnold Schwarzenegger en la segunda entrega de esa franquicia cinematogr\u00e1fica, que coprotagonizaba Linda Hamilton. En la temporada 5 de \u201cStranger Things\u201d, la Dra. Kay de Hamilton lleg\u00f3 a representar la organizaci\u00f3n militarista oscura y malvada que, como Skynet en las pel\u00edculas de \u201cTerminator\u201d, no se detendr\u00eda ante nada para atrapar a Eleven y usarla para reproducir la locura del Upside Down.\n    <\/p>\n<p class=\"paragraph inline-placeholder vossi-paragraph\" data-uri=\"es.cms.cnn.com\/_components\/paragraph\/instances\/cmjvztbto000a356p9nmdt5x2@published\" data-editable=\"text\" data-component-name=\"paragraph\" data-article-gutter=\"true\">\n            Finalmente, Eleven emplea una estrategia que se vio en una franquicia cinematogr\u00e1fica mucho m\u00e1s reciente, concretamente \u201cWicked\u201d, con la chica de poderes m\u00e1gicos dejando intencionadamente que todos \u2013incluso aquellos a quienes m\u00e1s ama\u2013 crean que est\u00e1 muerta, cuando en realidad est\u00e1 descubriendo tierras nuevas y lejanas.\n    <\/p>\n<p class=\"paragraph inline-placeholder vossi-paragraph\" data-uri=\"es.cms.cnn.com\/_components\/paragraph\/instances\/cmjvztbto000b356p0thlqi7p@published\" data-editable=\"text\" data-component-name=\"paragraph\" data-article-gutter=\"true\">\n            En cuanto a la desaparici\u00f3n final de Vecna, resulta que los asistentes al teatro ten\u00edan ventaja al llegar al final, ya que las pistas sobre el origen de Henry como Vecna que se presentaron en la producci\u00f3n de West End y Broadway de \u201cStranger Things: The First Shadow\u201d fueron referenciadas fuertemente al final.\n    <\/p>\n<p class=\"paragraph inline-placeholder vossi-paragraph\" data-uri=\"es.cms.cnn.com\/_components\/paragraph\/instances\/cmjvztbto000c356pv5ei4s4c@published\" data-editable=\"text\" data-component-name=\"paragraph\" data-article-gutter=\"true\">\n            Para los muchos que no han visto el espect\u00e1culo de Broadway ganador del Tony, explora los or\u00edgenes de Henry en relaci\u00f3n con sus recuerdos de infancia reprimidos que se revelaron gradualmente en la temporada 5. Todo gira en torno a un malet\u00edn que el joven Henry encuentra en una cueva, cuyo contenido inicia su descenso al Upside Down. Contexto \u00fatil v\u00eda <a href=\"https:\/\/nerdist.com\/article\/whats-inside-the-briefcase-that-henry-vecna-finds-in-stranger-things-5\/\" target=\"_blank\" rel=\"nofollow noopener\">Nerdist <\/a>y <a href=\"https:\/\/www.reddit.com\/r\/StrangerThings\/comments\/1pvyf1r\/what_is_in_the_briefcase\/\" target=\"_blank\" rel=\"nofollow noopener\">Reddit<\/a>: el malet\u00edn contiene una muestra de part\u00edculas de la Dimensi\u00f3n X, robadas de un laboratorio, que invaden el cuerpo de Henry y comienzan el proceso de su transformaci\u00f3n en Vecna, abriendo la puerta al Upside Down y a la creaci\u00f3n de Eleven y sus \u201chermanos\u201d. \u00bfTiene sentido? Est\u00e1 bien si la respuesta no es un rotundo s\u00ed.\n    <\/p>\n<p>       <img decoding=\"async\" src=\"https:\/\/www.europesays.com\/es\/wp-content\/uploads\/2026\/01\/871c7f1e-b005-4bda-874e-9e68829762f9.jpg\" alt=\"Millie Bobby Brown y Jamie Campbell Bower en la temporada 5 de \" stranger=\"\" things=\"\" class=\"image__dam-img image__dam-img--loading\" onload=\"this.classList.remove('image__dam-img--loading')\" onerror=\"imageLoadError(this)\" height=\"430\" width=\"860\" loading=\"lazy\"\/><\/p>\n<p class=\"paragraph inline-placeholder vossi-paragraph\" data-uri=\"es.cms.cnn.com\/_components\/paragraph\/instances\/cmjvztbto000d356p0ypv4ra0@published\" data-editable=\"text\" data-component-name=\"paragraph\" data-article-gutter=\"true\">\n            En cambio, es divertido perderse en el asombro del Mind Flayer, conectado a Vecna, que en el episodio final se muestra en todo su esplendor como una ara\u00f1a del tama\u00f1o de un Kaiju. Se abalanza sobre nuestros h\u00e9roes de Hawkins en la Dimensi\u00f3n X, pero finalmente muere cuando demuestran que el trabajo en equipo realmente hace que el sue\u00f1o funcione. Menci\u00f3n especial para Nancy Wheeler (Natalia Dyer) asumiendo el papel de Sigourney Weaver armada en \u201cAliens\u201d, y Will Byers (Noah Schnapp) empu\u00f1ando nuevamente su reci\u00e9n descubierto poder de hechicer\u00eda.\n    <\/p>\n<p class=\"paragraph inline-placeholder vossi-paragraph\" data-uri=\"es.cms.cnn.com\/_components\/paragraph\/instances\/cmjvztbto000e356ponmz3dlm@published\" data-editable=\"text\" data-component-name=\"paragraph\" data-article-gutter=\"true\">\n            Pero, si pusiste pausa mientras se desarrollaba ese enfrentamiento final y te sorprendiste al ver que quedaban al menos 40 minutos de duraci\u00f3n, probablemente no fuiste el \u00fanico. El desenlace de este episodio de tama\u00f1o cinematogr\u00e1fico fue inflado, con mucho tiempo en pantalla dedicado a cerrar las historias de varios personajes, como Hopper (David Harbour) finalmente teniendo su tan esperada cita con Joyce (Winona Ryder) y pasando directamente a arrodillarse para proponerle matrimonio, y una desternillante secuencia de graduaci\u00f3n de bachillerato que mostr\u00f3 la brillantez rebelde de Dustin (Gaten Matarazzo) rindiendo homenaje al querido y fallecido Eddie (Joseph Quinn).\n    <\/p>\n<p class=\"paragraph inline-placeholder vossi-paragraph\" data-uri=\"es.cms.cnn.com\/_components\/paragraph\/instances\/cmjvztbto000f356phtlolzk6@published\" data-editable=\"text\" data-component-name=\"paragraph\" data-article-gutter=\"true\">\n            Tambi\u00e9n hubo algunos deliciosos \u00e9xitos musicales, siendo los m\u00e1s destacados dos mega\u00e9xitos de Prince: \u201cWhen Doves Cry\u201d y \u201cPurple Rain\u201d.\n    <\/p>\n<p class=\"paragraph inline-placeholder vossi-paragraph\" data-uri=\"es.cms.cnn.com\/_components\/paragraph\/instances\/cmjvztbto000g356pf12txbf8@published\" data-editable=\"text\" data-component-name=\"paragraph\" data-article-gutter=\"true\">\n            Despu\u00e9s de este a\u00f1o extra\u00f1o, asegurarse de que todos tuvieran su final feliz en \u201cStranger Things\u201d fue m\u00e1s que bienvenido.\n    <\/p>\n","protected":false},"excerpt":{"rendered":"Nota del editor: Este art\u00edculo contiene spoilers sobre el final de la serie \u201cStranger Things\u201d. CNN \u00a0\u2014\u00a0 Con&hellip;\n","protected":false},"author":2,"featured_media":318344,"comment_status":"","ping_status":"","sticky":false,"template":"","format":"standard","meta":{"footnotes":""},"categories":[171],"tags":[146,147,25,24,150,156,23,57225,807,214],"class_list":{"0":"post-318343","1":"post","2":"type-post","3":"status-publish","4":"format-standard","5":"has-post-thumbnail","7":"category-tv","8":"tag-entertainment","9":"tag-entretenimiento","10":"tag-es","11":"tag-espana","12":"tag-instanoticias","13":"tag-serie","14":"tag-spain","15":"tag-stranger-things","16":"tag-television","17":"tag-tv"},"share_on_mastodon":{"url":"https:\/\/pubeurope.com\/@es\/115823117789679602","error":""},"_links":{"self":[{"href":"https:\/\/www.europesays.com\/es\/wp-json\/wp\/v2\/posts\/318343","targetHints":{"allow":["GET"]}}],"collection":[{"href":"https:\/\/www.europesays.com\/es\/wp-json\/wp\/v2\/posts"}],"about":[{"href":"https:\/\/www.europesays.com\/es\/wp-json\/wp\/v2\/types\/post"}],"author":[{"embeddable":true,"href":"https:\/\/www.europesays.com\/es\/wp-json\/wp\/v2\/users\/2"}],"replies":[{"embeddable":true,"href":"https:\/\/www.europesays.com\/es\/wp-json\/wp\/v2\/comments?post=318343"}],"version-history":[{"count":0,"href":"https:\/\/www.europesays.com\/es\/wp-json\/wp\/v2\/posts\/318343\/revisions"}],"wp:featuredmedia":[{"embeddable":true,"href":"https:\/\/www.europesays.com\/es\/wp-json\/wp\/v2\/media\/318344"}],"wp:attachment":[{"href":"https:\/\/www.europesays.com\/es\/wp-json\/wp\/v2\/media?parent=318343"}],"wp:term":[{"taxonomy":"category","embeddable":true,"href":"https:\/\/www.europesays.com\/es\/wp-json\/wp\/v2\/categories?post=318343"},{"taxonomy":"post_tag","embeddable":true,"href":"https:\/\/www.europesays.com\/es\/wp-json\/wp\/v2\/tags?post=318343"}],"curies":[{"name":"wp","href":"https:\/\/api.w.org\/{rel}","templated":true}]}}