{"id":318358,"date":"2026-01-02T02:30:11","date_gmt":"2026-01-02T02:30:11","guid":{"rendered":"https:\/\/www.europesays.com\/es\/318358\/"},"modified":"2026-01-02T02:30:11","modified_gmt":"2026-01-02T02:30:11","slug":"la-ingenieria-artesanal-del-vestido-de-las-campanas-de-pedroche-doce-anos-de-historia-y-una-tiara-de-mascarilla","status":"publish","type":"post","link":"https:\/\/www.europesays.com\/es\/318358\/","title":{"rendered":"La ingenier\u00eda artesanal del vestido de las campanas de Pedroche: doce a\u00f1os de historia y una tiara de mascarilla"},"content":{"rendered":"<p class=\"ft-text\">En la Puerta del Sol, cuando el reloj se asoma a la medianoche,<strong> <\/strong><a class=\"ft-link ft-link--decoration\" href=\"https:\/\/www.elperiodico.com\/es\/personajes\/cristina-pedroche-19278\" rel=\"nofollow noopener\" target=\"_blank\"><strong>Cristina Pedroche<\/strong><\/a> ya no solo presenta unas Campanadas: las viste con la sorpresa de cada a\u00f1o. Este 31 de diciembre, en su duod\u00e9cima Nochevieja televisiva en Atresmedia, la presentadora convirti\u00f3 el \u201c\u00bfqu\u00e9 llevar\u00e1?\u201d en un ejercicio de memoria y costura.<strong> El resultado fue un collage construido a partir de fragmentos de todos sus looks anteriores<\/strong>: plumas, strass, tul, flores, aplicaciones de cristal y hasta una mascarilla convertida en tiara.<\/p>\n<p>Doce a\u00f1os de estilismos<\/p>\n<p class=\"ft-text\">La idea de Josie era deliberadamente antol\u00f3gica:<strong> reunir en una sola pieza \u201celementos que forman parte de la memoria colectiva de millones de espectadores\u201d para \u201ccelebrar 12 a\u00f1os de estilismos\u201d <\/strong>asociados ya a la marca cultural de las \u201cPedroche Campanadas\u201d. Es decir, un resumen material de una d\u00e9cada larga de conversaci\u00f3n p\u00fablica, memes, debates est\u00e9ticos y titulares que, a\u00f1o tras a\u00f1o, han acompa\u00f1ado a la cuenta atr\u00e1s.<\/p>\n<p class=\"ft-text\">La confecci\u00f3n fue tambi\u00e9n una lecci\u00f3n de ingenier\u00eda artesanal. El propio relato del proceso habla de \u201creunir todo el material de 12 a\u00f1os: flores, brillos, esculturas, retazos\u201d y resolver, capa a capa, problemas de equilibrio, peso y customizaci\u00f3n. Para hacerlo, el equipo recurri\u00f3 a talleres especializados y a una red de artesanos del Made in Spain, un aspecto que Josie subraya de forma recurrente cuando describe el proyecto como una pieza coral m\u00e1s que como un simple \u201cvestido\u201d.<\/p>\n<p class=\"ft-text\">En lo visual, <strong>la prenda funcion\u00f3 como un mapa de referencias reconocibles para el espectador fiel<\/strong>. Seg\u00fan el desglose publicado tras la retransmisi\u00f3n, el delantero mezclaba tejidos extra\u00eddos de capas\/abrigos de a\u00f1os anteriores (desde un mikado rojo hasta un tafet\u00e1n rosa) y sumaba<strong> aplicaciones de cristal vinculadas a su primera etapa en Antena 3<\/strong>.<\/p>\n<p class=\"ft-text\">La asimetr\u00eda de las mangas, pensada para que el patchwork no se leyera como un \u201cmazacote\u201d, incorporaba cadenas de strass recuperadas de un tocado anterior y una cascada de tul procedente de otra edici\u00f3n.<\/p>\n<p>Una tiara de mascarilla<\/p>\n<p class=\"ft-text\">El golpe de efecto m\u00e1s comentado, sin embargo, estaba cerca del rostro: <strong>una tiara construida a partir de la mascarilla de la \u00e9poca de pandemia<\/strong>, rematada con un ramillete de plumas procedente de un casco anterior; un gui\u00f1o directo a la iconograf\u00eda reciente y, a la vez, una forma de convertir lo cotidiano en emblema ceremonial.<\/p>\n<p class=\"ft-text\">En el conjunto tambi\u00e9n reaparec\u00edan cristales vinculados a etapas previas, incluidas piezas asociadas a la leche materna del look del a\u00f1o pasado, seg\u00fan esa misma descripci\u00f3n, repartidos como \u201crecuerdos\u201d a lo largo del traje.<\/p>\n<p class=\"ft-text\">M\u00e1s all\u00e1 de la moda, <strong>Pedroche utiliz\u00f3 de nuevo el foco para un mensaje social<\/strong>: este a\u00f1o, en colaboraci\u00f3n con la <strong>Asociaci\u00f3n Espa\u00f1ola Contra el C\u00e1ncer<\/strong>, centr\u00f3 el discurso en el acompa\u00f1amiento, el apoyo y la necesidad de impulsar la investigaci\u00f3n.<\/p>\n<p>Publicaci\u00f3n de Instagram<\/p>\n<p id=\"desc-embed\" style=\"font-size:xx-small;\">Una publicaci\u00f3n compartida de Javi Hoyos (@javihoyosmartinez)<\/p>\n<p>El &#8216;upcycling &#8216;<\/p>\n<p class=\"ft-text\">La elecci\u00f3n encajaba con el tono general del look: una pieza hecha de \u201crestos\u201d que no es ruina, sino reconstrucci\u00f3n; <strong>un &#8216;upcycling&#8217; que, en clave simb\u00f3lica<\/strong>, habla de recomponerse.<\/p>\n<p class=\"ft-text\">En una noche donde todo dura apenas doce campanadas, el \u201cvestido collage\u201d aspir\u00f3 a recordar una historia de doce a\u00f1os. Y quiz\u00e1 ah\u00ed est\u00e9 su verdadera grandeza.<\/p>\n","protected":false},"excerpt":{"rendered":"En la Puerta del Sol, cuando el reloj se asoma a la medianoche, Cristina Pedroche ya no solo&hellip;\n","protected":false},"author":2,"featured_media":318359,"comment_status":"","ping_status":"","sticky":false,"template":"","format":"standard","meta":{"footnotes":""},"categories":[5],"tags":[7008,151,17,18,18875,234,25,24,13,14,11,19,20,1023,9,10,15,16,23,12,21,22,74279],"class_list":{"0":"post-318358","1":"post","2":"type-post","3":"status-publish","4":"format-standard","5":"has-post-thumbnail","7":"category-titulares","8":"tag-aplicaciones","9":"tag-atresmedia","10":"tag-breaking-news","11":"tag-breakingnews","12":"tag-cristina-pedroche","13":"tag-diseno","14":"tag-es","15":"tag-espana","16":"tag-featured-news","17":"tag-featurednews","18":"tag-headlines","19":"tag-latest-news","20":"tag-latestnews","21":"tag-moda","22":"tag-news","23":"tag-noticias","24":"tag-noticias-destacadas","25":"tag-noticiasdestacadas","26":"tag-spain","27":"tag-titulares","28":"tag-ultimas-noticias","29":"tag-ultimasnoticias","30":"tag-vestido-pedroche-campanadas-atresmedia-diseno-ingenieria-artesanal-de-doce-anos-de-historia-mascarilla"},"share_on_mastodon":{"url":"https:\/\/pubeurope.com\/@es\/115823157093988929","error":""},"_links":{"self":[{"href":"https:\/\/www.europesays.com\/es\/wp-json\/wp\/v2\/posts\/318358","targetHints":{"allow":["GET"]}}],"collection":[{"href":"https:\/\/www.europesays.com\/es\/wp-json\/wp\/v2\/posts"}],"about":[{"href":"https:\/\/www.europesays.com\/es\/wp-json\/wp\/v2\/types\/post"}],"author":[{"embeddable":true,"href":"https:\/\/www.europesays.com\/es\/wp-json\/wp\/v2\/users\/2"}],"replies":[{"embeddable":true,"href":"https:\/\/www.europesays.com\/es\/wp-json\/wp\/v2\/comments?post=318358"}],"version-history":[{"count":0,"href":"https:\/\/www.europesays.com\/es\/wp-json\/wp\/v2\/posts\/318358\/revisions"}],"wp:featuredmedia":[{"embeddable":true,"href":"https:\/\/www.europesays.com\/es\/wp-json\/wp\/v2\/media\/318359"}],"wp:attachment":[{"href":"https:\/\/www.europesays.com\/es\/wp-json\/wp\/v2\/media?parent=318358"}],"wp:term":[{"taxonomy":"category","embeddable":true,"href":"https:\/\/www.europesays.com\/es\/wp-json\/wp\/v2\/categories?post=318358"},{"taxonomy":"post_tag","embeddable":true,"href":"https:\/\/www.europesays.com\/es\/wp-json\/wp\/v2\/tags?post=318358"}],"curies":[{"name":"wp","href":"https:\/\/api.w.org\/{rel}","templated":true}]}}