{"id":318368,"date":"2026-01-02T02:40:08","date_gmt":"2026-01-02T02:40:08","guid":{"rendered":"https:\/\/www.europesays.com\/es\/318368\/"},"modified":"2026-01-02T02:40:08","modified_gmt":"2026-01-02T02:40:08","slug":"ella-es-luciana-sarria-la-primera-bebe-nacida-en-gijon-en-2026","status":"publish","type":"post","link":"https:\/\/www.europesays.com\/es\/318368\/","title":{"rendered":"ella es Luciana Sarria, la primera beb\u00e9 nacida en Gij\u00f3n en 2026"},"content":{"rendered":"<p class=\"ft-text ft-helper-closenews\">Tard\u00f3 un poco m\u00e1s que en Oviedo y en Avil\u00e9s, pero ya est\u00e1 aqu\u00ed. <strong>Gij\u00f3n ya tiene su primer beb\u00e9 de 2026. Naci\u00f3 a las 16.12 horas en el Hospital de Cabue\u00f1es.<\/strong> Y, parafraseando su nombre, este reci\u00e9n nacido ilumina el inicio de a\u00f1o a unos padres a los que brinda una \u00abgran alegr\u00eda\u00bb. Esta peque\u00f1a, \u00abmuy deseada\u00bb por sus progenitores, <strong>se llama Luciana Sarria, es una ni\u00f1a y pes\u00f3 3,440 kilogramos<\/strong>. Sus padres son Sindy Lorena Vivas y Jaime Andr\u00e9s Sarria. <strong>Son de Colombia, pero llevan a\u00f1os viviendo en Espa\u00f1a.<\/strong><\/p>\n<p class=\"ft-text\">La cara de ambos progenitores, todav\u00eda emocionados en la planta de maternidad del complejo hospitalario, era espejo del instante \u00fanico que acababan de experimentar hac\u00eda apenas un par de horas antes de que recibiesen la visita de este diario.<strong>El nacimiento de su hija ha llenado de gozo la vida de esta pareja, que vive en el entorno de la avenida de Manuel Llaneza, una v\u00eda que segmenta de forma quir\u00fargica varios barrios del centro de Gij\u00f3n.<\/strong><\/p>\n<p class=\"ft-text\">La peque\u00f1a reposaba esta tarde ya en brazos de su madre, la cual luc\u00eda una sonrisa de oreja a oreja. <strong>La madre lleva viviendo en Espa\u00f1a desde hace seis a\u00f1os y tiene otra hija de nueve a\u00f1os de edad, de nombre Loren Sof\u00eda. Mientras, el padre lleva tres en el pa\u00eds y es su primera hija.<\/strong><\/p>\n<p class=\"ft-text\"><strong>Las primeras contracciones de la mujer comenzaron en Nochevieja, en torno a las 22.30 horas, aunque cesaron y ella y el padre pudieron cenar, tomar las uvas e irse a dormir con tranquilidad<\/strong>, porque la salida de cuentas del embarazo estaba prevista para el 6 de enero, d\u00eda de Reyes. \u00abOtra fecha se\u00f1alada\u00bb, se\u00f1alabn sonrientes los padres.<\/p>\n<p class=\"ft-text\"><strong>A las 9.30 horas de la ma\u00f1ana de A\u00f1o Nuevo el despertar fue intenso, con unas contracciones que cada vez iban a m\u00e1s y que hac\u00edan prever que el parto iba a ser inminente.<\/strong> Tras unas horas de incertidumbre en las que Sindy Lorena y Jaime Andr\u00e9s quedaron a la expectativa de como se desarrollaban los acontecimientos, la decisi\u00f3n fue clara: hab\u00eda que ir al centro hospitalario. <strong>Una vez all\u00ed, el proceso discurri\u00f3 con normalidad y gran rapidez y la beb\u00e9 vio la luz de su ciudad, Gij\u00f3n, en menos de 45 minutos.<\/strong><\/p>\n<p class=\"ft-text\"><strong>\u00abGracias a Dios nos dimos cuenta que ven\u00eda en camino y era bendecida, ahora solo quedan cosas bonitas\u00bb, declararon los orgullosos padres<\/strong>, que nunca imaginaron que su peque\u00f1a fuese la primera en nacer este a\u00f1o en Gij\u00f3n, una ciudad que no les ha podido \u00abacoger mejor\u00bb.\u00bbMe gusta Asturias, pero no me veo viviendo en otra parte que no sea Gij\u00f3n, ni si quiera Oviedo\u00bb, brome\u00f3 la madre con su peque\u00f1a, dormida y muy calmada, en brazos.<\/p>\n<p class=\"ft-text\">El segundo de los beb\u00e9s nacidos en Gij\u00f3n fue Telmo, que vino al mundo a las 17.30 horas, y el tercero Ignacio, a las 19.13, con unos pesajes de 3,390 y 3,890 kilogramos, respectivamente.<\/p>\n<p class=\"ft-text\"><a class=\"ft-link ft-link--decoration\" href=\"https:\/\/www.lne.es\/asturias\/2026\/01\/01\/primera-bebe-asturiana-2026-pequena-125289343.html\" rel=\"nofollow noopener\" target=\"_blank\"><strong>Luciana se une as\u00ed a Mia Adhara,<\/strong><\/a><strong> <\/strong>quien podr\u00e1 presumir en el futuro de ser la\u00a0<strong>primera asturiana nacida en 2026<\/strong>. Poco m\u00e1s de media hora despu\u00e9s de la entrada en el nuevo a\u00f1o, la peque\u00f1a Mia nac\u00eda en el Hospital Universitario Central de Asturias (HUCA). La beb\u00e9, que\u00a0<strong>naci\u00f3 exactamente a las 00.36 horas<\/strong>, pes\u00f3 3 kilos y 35 gramos y midi\u00f3 47,5 cent\u00edmetros.<\/p>\n<p class=\"ft-text\"><a class=\"ft-link ft-link--decoration\" href=\"https:\/\/www.lne.es\/corvera\/2026\/01\/01\/primera-avilesina-corvera-125295569.html\" rel=\"nofollow noopener\" target=\"_blank\">Mientras, en Avil\u00e9s, Mar\u00eda Trinchete Jos\u00e9<\/a>\u00a0no es nueva en esto de ser madre. \u201cMar\u00eda es mi cuarta hija: dos chicos y una chica, el mayor tiene 15 a\u00f1os\u201d, cuenta a LA NUEVA ESPA\u00d1A. Naci\u00f3 a las 10.28 horas. Esa precisi\u00f3n horaria es la que sale por la boca de la madre, que ense\u00f1a, por debajo de la colcha a la ni\u00f1ita que acaba de nacer, con sus 3,6 kilos y sus ojos cerrados.<\/p>\n<p data-close=\"closedContent\" class=\"subscribeHideForDisplay\">Suscr\u00edbete para seguir leyendo<\/p>\n","protected":false},"excerpt":{"rendered":"Tard\u00f3 un poco m\u00e1s que en Oviedo y en Avil\u00e9s, pero ya est\u00e1 aqu\u00ed. Gij\u00f3n ya tiene su&hellip;\n","protected":false},"author":2,"featured_media":318369,"comment_status":"","ping_status":"","sticky":false,"template":"","format":"standard","meta":{"footnotes":""},"categories":[174],"tags":[8680,255,146,147,25,24,256,9465,74281,8281,1078,74280,23],"class_list":{"0":"post-318368","1":"post","2":"type-post","3":"status-publish","4":"format-standard","5":"has-post-thumbnail","7":"category-famosos","8":"tag-bebe","9":"tag-celebrities","10":"tag-entertainment","11":"tag-entretenimiento","12":"tag-es","13":"tag-espana","14":"tag-famosos","15":"tag-hizo","16":"tag-luciana","17":"tag-nacimientos","18":"tag-primera","19":"tag-rogar","20":"tag-spain"},"share_on_mastodon":{"url":"https:\/\/pubeurope.com\/@es\/115823196373847492","error":""},"_links":{"self":[{"href":"https:\/\/www.europesays.com\/es\/wp-json\/wp\/v2\/posts\/318368","targetHints":{"allow":["GET"]}}],"collection":[{"href":"https:\/\/www.europesays.com\/es\/wp-json\/wp\/v2\/posts"}],"about":[{"href":"https:\/\/www.europesays.com\/es\/wp-json\/wp\/v2\/types\/post"}],"author":[{"embeddable":true,"href":"https:\/\/www.europesays.com\/es\/wp-json\/wp\/v2\/users\/2"}],"replies":[{"embeddable":true,"href":"https:\/\/www.europesays.com\/es\/wp-json\/wp\/v2\/comments?post=318368"}],"version-history":[{"count":0,"href":"https:\/\/www.europesays.com\/es\/wp-json\/wp\/v2\/posts\/318368\/revisions"}],"wp:featuredmedia":[{"embeddable":true,"href":"https:\/\/www.europesays.com\/es\/wp-json\/wp\/v2\/media\/318369"}],"wp:attachment":[{"href":"https:\/\/www.europesays.com\/es\/wp-json\/wp\/v2\/media?parent=318368"}],"wp:term":[{"taxonomy":"category","embeddable":true,"href":"https:\/\/www.europesays.com\/es\/wp-json\/wp\/v2\/categories?post=318368"},{"taxonomy":"post_tag","embeddable":true,"href":"https:\/\/www.europesays.com\/es\/wp-json\/wp\/v2\/tags?post=318368"}],"curies":[{"name":"wp","href":"https:\/\/api.w.org\/{rel}","templated":true}]}}