{"id":318378,"date":"2026-01-02T02:49:12","date_gmt":"2026-01-02T02:49:12","guid":{"rendered":"https:\/\/www.europesays.com\/es\/318378\/"},"modified":"2026-01-02T02:49:12","modified_gmt":"2026-01-02T02:49:12","slug":"ano-nuevo-imagen-nueva-la-fedme-empieza-el-ano-estrenando-una-nueva-app-y-con-una-identidad-visual-renovada","status":"publish","type":"post","link":"https:\/\/www.europesays.com\/es\/318378\/","title":{"rendered":"A\u00f1o nuevo, imagen nueva: la FEDME empieza el a\u00f1o estrenando una nueva app y con una identidad visual renovada."},"content":{"rendered":"<p><img loading=\"lazy\" decoding=\"async\" width=\"1024\" height=\"538\" src=\"https:\/\/www.europesays.com\/es\/wp-content\/uploads\/2026\/01\/Captura-de-pantalla-2026-01-01-a-les-17.17.15-1024x538.png\" alt=\"\" class=\"wp-image-73009\"  \/><\/p>\n<p>La Federaci\u00f3n Espa\u00f1ola de Deportes de Monta\u00f1a y Escalada (FEDME) contin\u00faa desarrollando su plan de actualizaci\u00f3n tecnol\u00f3gica y de comunicaci\u00f3n con el objetivo de mejorar sus servicios digitales y reforzar su identidad como entidad de referencia en los deportes de monta\u00f1a.<\/p>\n<p>Tras la buena acogida de la nueva plataforma de inscripciones, la FEDME pone a disposici\u00f3n de los federados su\u00a0<strong>nueva aplicaci\u00f3n oficial<\/strong>, ya disponible para dispositivos Android e iOS. Esta herramienta permite acceder de forma sencilla y segura a informaci\u00f3n clave desde el tel\u00e9fono m\u00f3vil.<\/p>\n<p>A trav\u00e9s de la\u00a0<strong>App FEDME<\/strong>, los usuarios pueden:<\/p>\n<p>Consultar su\u00a0<strong>licencia federativa digital<\/strong>.<br \/>Acceder al\u00a0<strong>registro de senderos homologados<\/strong>.<br \/>En el caso del registro de senderos, los datos disponibles corresponden actualmente al a\u00f1o 2021. La FEDME iniciar\u00e1 pr\u00f3ximamente el proceso de actualizaci\u00f3n de esta informaci\u00f3n, que se realizar\u00e1 de manera coordinada con los responsables designados por las federaciones auton\u00f3micas.<\/p>\n<p>Acceso a la aplicaci\u00f3n: <br \/>Para el primer acceso a la parte privada de la app, las credenciales son:<br \/><strong>Usuario:<\/strong>\u00a0DNI (con letra).<br \/><strong>Contrase\u00f1a:<\/strong>\u00a0Fecha de nacimiento en formato DDMMYYYY<br \/>(Ejemplo: 01081997)<\/p>\n<p>Descarga de la app: <br \/>La aplicaci\u00f3n est\u00e1 disponible bajo el nombre\u00a0<strong>\u201cFedme\u201d<\/strong>\u00a0en las tiendas oficiales:<br \/><strong>Android (Google Play):<\/strong><br \/><a href=\"https:\/\/play.google.com\/store\/apps\/details?id=com.toools.fedme\" rel=\"nofollow noopener\" target=\"_blank\">https:\/\/play.google.com\/store\/apps\/details?id=com.toools.fedme<\/a><br \/><strong>iOS (App Store):<\/strong><br \/><a href=\"https:\/\/apps.apple.com\/es\/app\/fedme\/id6755142010\" rel=\"nofollow noopener\" target=\"_blank\">https:\/\/apps.apple.com\/es\/app\/fedme\/id6755142010<\/a><\/p>\n<p><img loading=\"lazy\" decoding=\"async\" width=\"1024\" height=\"669\" src=\"https:\/\/www.europesays.com\/es\/wp-content\/uploads\/2026\/01\/Captura-de-pantalla-2026-01-01-a-les-17.19.33-1024x669.png\" alt=\"\" class=\"wp-image-73011\"  \/><\/p>\n<p>Una nueva identidad visual para reforzar la marca FEDME<\/p>\n<p>De forma paralela al avance tecnol\u00f3gico, la FEDME presenta tambi\u00e9n una\u00a0<strong>actualizaci\u00f3n de su identidad visual<\/strong>, concebida para reforzar la marca y adaptarla a los nuevos canales de comunicaci\u00f3n.<\/p>\n<p>Desde una perspectiva de dise\u00f1o, la nueva identidad nace con un objetivo claro:\u00a0<strong>potenciar el reconocimiento de la marca FEDME<\/strong>. Por ello, el logotipo integra de manera expl\u00edcita el nombre \u201cfedme\u201d junto al escudo, logrando una identificaci\u00f3n m\u00e1s directa, clara y eficaz en cualquier soporte, especialmente en entornos digitales como la web, las redes sociales o la nueva app.<\/p>\n<p>El redise\u00f1o apuesta por una imagen m\u00e1s limpia, contempor\u00e1nea y vers\u00e1til, manteniendo el valor simb\u00f3lico del escudo y dot\u00e1ndolo de mayor coherencia visual dentro del conjunto de la marca.<\/p>\n<p>En cuanto al color, la nueva identidad se apoya en una paleta sobria y potente:<\/p>\n<p>Esta evoluci\u00f3n visual no supone una ruptura con la identidad hist\u00f3rica de la FEDME, sino una\u00a0<strong>evoluci\u00f3n natural<\/strong>, pensada para ordenar, simplificar y fortalecer la marca, asegurando su correcta aplicaci\u00f3n y reconocimiento en todos los canales de comunicaci\u00f3n actuales y futuros.<\/p>\n","protected":false},"excerpt":{"rendered":"La Federaci\u00f3n Espa\u00f1ola de Deportes de Monta\u00f1a y Escalada (FEDME) contin\u00faa desarrollando su plan de actualizaci\u00f3n tecnol\u00f3gica y&hellip;\n","protected":false},"author":2,"featured_media":318379,"comment_status":"","ping_status":"","sticky":false,"template":"","format":"standard","meta":{"footnotes":""},"categories":[81],"tags":[119,123,124,25,24,117,121,122,23,118,120],"class_list":{"0":"post-318378","1":"post","2":"type-post","3":"status-publish","4":"format-standard","5":"has-post-thumbnail","7":"category-ciencia-y-tecnologia","8":"tag-ciencia","9":"tag-ciencia-y-tecnologia","10":"tag-cienciaytecnologia","11":"tag-es","12":"tag-espana","13":"tag-science","14":"tag-science-and-technology","15":"tag-scienceandtechnology","16":"tag-spain","17":"tag-technology","18":"tag-tecnologia"},"share_on_mastodon":{"url":"https:\/\/pubeurope.com\/@es\/115823231900485543","error":""},"_links":{"self":[{"href":"https:\/\/www.europesays.com\/es\/wp-json\/wp\/v2\/posts\/318378","targetHints":{"allow":["GET"]}}],"collection":[{"href":"https:\/\/www.europesays.com\/es\/wp-json\/wp\/v2\/posts"}],"about":[{"href":"https:\/\/www.europesays.com\/es\/wp-json\/wp\/v2\/types\/post"}],"author":[{"embeddable":true,"href":"https:\/\/www.europesays.com\/es\/wp-json\/wp\/v2\/users\/2"}],"replies":[{"embeddable":true,"href":"https:\/\/www.europesays.com\/es\/wp-json\/wp\/v2\/comments?post=318378"}],"version-history":[{"count":0,"href":"https:\/\/www.europesays.com\/es\/wp-json\/wp\/v2\/posts\/318378\/revisions"}],"wp:featuredmedia":[{"embeddable":true,"href":"https:\/\/www.europesays.com\/es\/wp-json\/wp\/v2\/media\/318379"}],"wp:attachment":[{"href":"https:\/\/www.europesays.com\/es\/wp-json\/wp\/v2\/media?parent=318378"}],"wp:term":[{"taxonomy":"category","embeddable":true,"href":"https:\/\/www.europesays.com\/es\/wp-json\/wp\/v2\/categories?post=318378"},{"taxonomy":"post_tag","embeddable":true,"href":"https:\/\/www.europesays.com\/es\/wp-json\/wp\/v2\/tags?post=318378"}],"curies":[{"name":"wp","href":"https:\/\/api.w.org\/{rel}","templated":true}]}}