{"id":31838,"date":"2025-08-07T15:16:11","date_gmt":"2025-08-07T15:16:11","guid":{"rendered":"https:\/\/www.europesays.com\/es\/31838\/"},"modified":"2025-08-07T15:16:11","modified_gmt":"2025-08-07T15:16:11","slug":"a-que-hora-y-donde-ver-en-vivo-las-practicas-qualy-y-carrera-el-financiero","status":"publish","type":"post","link":"https:\/\/www.europesays.com\/es\/31838\/","title":{"rendered":"\u00bfA qu\u00e9 hora y d\u00f3nde ver EN VIVO las pr\u00e1cticas, qualy y carrera? \u2013 El Financiero"},"content":{"rendered":"<p class=\"c-paragraph\">El <a href=\"https:\/\/www.elfinanciero.com.mx\/deportes\/2025\/02\/17\/temporada-2025-de-formula-1-calendario-pilotos-horarios-en-mexico-y-mas\/\" target=\"_blank\" rel=\"noreferrer nofollow noopener\" title=\"https:\/\/www.elfinanciero.com.mx\/deportes\/2025\/02\/17\/temporada-2025-de-formula-1-calendario-pilotos-horarios-en-mexico-y-mas\/\">calendario de la temporada 2025 de la F1<\/a> avanza ya en su segunda mitad con la disputa del <a href=\"https:\/\/www.formula1.com\/en\/racing\/2025\/hungary\" target=\"_blank\" rel=\"noreferrer nofollow noopener\" title=\"https:\/\/www.formula1.com\/en\/racing\/2025\/hungary\">Gran Premio de Hungr\u00eda<\/a>, decimocuarta fecha del Campeonato Mundial de F\u00f3rmula 1 .<\/p>\n<p class=\"c-paragraph\">El tradicional circuito de <b>Hungaroring <\/b>recibe nuevamente a los pilotos y escuder\u00edas, en un fin de semana sin <a href=\"https:\/\/www.elfinanciero.com.mx\/deportes\/2025\/07\/26\/f1-carrera-sprint-del-gran-premio-de-belgica-2025-donde-ver-en-vivo-y-resultado\/\" target=\"_blank\" rel=\"noreferrer nofollow noopener\" title=\"https:\/\/www.elfinanciero.com.mx\/deportes\/2025\/07\/26\/f1-carrera-sprint-del-gran-premio-de-belgica-2025-donde-ver-en-vivo-y-resultado\/\">carrera Sprint, como el GP de B\u00e9lgica<\/a>, lo que devuelve el formato original de tres pr\u00e1cticas libres, clasificaci\u00f3n y carrera.<\/p>\n<p class=\"c-paragraph\">McLaren contin\u00faa en lo m\u00e1s alto del campeonato de constructores con sus pilotos haciendo el 1-2. <a href=\"https:\/\/www.elfinanciero.com.mx\/deportes\/2025\/07\/27\/resultados-del-gran-premio-de-belgica-2025-asi-va-el-campeonato\/\" target=\"_blank\" rel=\"noreferrer nofollow noopener\" title=\"https:\/\/www.elfinanciero.com.mx\/deportes\/2025\/07\/27\/resultados-del-gran-premio-de-belgica-2025-asi-va-el-campeonato\/\">Oscar Piastri (ganador del GP de B\u00e9lgica)<\/a> lidera el campeonato gracias a su consistencia y reciente victoria, mientras que <a href=\"https:\/\/www.elfinanciero.com.mx\/deportes\/2025\/07\/06\/resultados-del-gran-premio-de-gran-bretana-2025-asi-va-el-campeonato\/\" target=\"_self\" rel=\"nofollow noopener\" title=\"https:\/\/www.elfinanciero.com.mx\/deportes\/2025\/07\/06\/resultados-del-gran-premio-de-gran-bretana-2025-asi-va-el-campeonato\/\">Lando Norris (\u00faltima victoria en GP de Gran Breta\u00f1a)<\/a> mantiene la presi\u00f3n detr\u00e1s de su compa\u00f1ero con buenos resultados.<\/p>\n<p><img alt=\"alt default\" class=\"c-image\" loading=\"lazy\" decoding=\"async\" src=\"https:\/\/www.europesays.com\/es\/wp-content\/uploads\/2025\/08\/1754579770_460_PXXPCBGCZRHU3P7AIHFZ3FJYSQ.jpg\" width=\"400\" height=\"225\"\/>El Gran Premio de B\u00e9lgica 2025 arranc\u00f3 con hora y media de retraso pero al final se lo llev\u00f3 Piastri. (Fotos: Darko Bandic-AP \/ EFE-EPA-OLIVIER MATTHYS). <\/p>\n<p class=\"c-paragraph\">Detr\u00e1s, <a href=\"https:\/\/www.elfinanciero.com.mx\/deportes\/2025\/07\/09\/esto-sabemos-del-futuro-de-max-verstappen-tras-la-salida-de-christian-horner-de-red-bull\/\" target=\"_blank\" rel=\"noreferrer nofollow noopener\" title=\"https:\/\/www.elfinanciero.com.mx\/deportes\/2025\/07\/09\/esto-sabemos-del-futuro-de-max-verstappen-tras-la-salida-de-christian-horner-de-red-bull\/\">Max Verstappen (Red Bull)<\/a>, George Russell (Mercedes) y Charles Leclerc (Ferrari) intentan mantenerse en la pelea, aunque los puntos comienzan a alejarse. Red Bull y Mercedes no han encontrado la regularidad de temporadas pasada, y Ferrari depende del talento individual de sus pilotos para mantenerse competitiva.<\/p>\n<p>Calendario del GP de Hungr\u00eda 2025: \u00bfCu\u00e1ndo y a qu\u00e9 hora es?<\/p>\n<p class=\"c-paragraph\">El Gran Premio de Hungr\u00eda se disputar\u00e1 del viernes 1 al domingo 3 de agosto. La acci\u00f3n arranca desde temprano para los aficionados en M\u00e9xico, que deber\u00e1n madrugar si quieren seguir cada sesi\u00f3n de automovilismo en vivo. Este es el calendario oficial:<\/p>\n<ul>\n<li><b>Pr\u00e1ctica 1:<\/b> viernes 1 de agosto, 5:30 am (tiempo del centro de M\u00e9xico)<\/li>\n<li><b>Pr\u00e1ctica 2:<\/b> viernes 1 de agosto, 9:00 am (tiempo del centro de M\u00e9xico)<\/li>\n<li><b>Pr\u00e1ctica 3:<\/b> s\u00e1bado 2 de agosto, 4:30 am (tiempo del centro de M\u00e9xico)<\/li>\n<li><b>Qualy GP de Hungr\u00eda:<\/b> s\u00e1bado 2 de agosto, 8:00 am (tiempo del centro de M\u00e9xico)<\/li>\n<li><b>Carrera GP de Hungr\u00eda:<\/b> domingo 3 de agosto, 7:00 am (tiempo del centro de M\u00e9xico)<\/li>\n<\/ul>\n<p>Transmisi\u00f3n GP de Hungr\u00eda: \u00bfD\u00f3nde ver el Gran Premio desde M\u00e9xico?<\/p>\n<p class=\"c-paragraph\">Los fan\u00e1ticos en M\u00e9xico podr\u00e1n seguir la cobertura en vivo del Gran Premio de Hungr\u00eda a trav\u00e9s de Fox Sports y Fox Sports Premium. Adem\u00e1s, la plataforma de suscripci\u00f3n F1TV Pro ofrece acceso completo a todas las c\u00e1maras, radios de equipo, an\u00e1lisis en vivo y repeticiones on demand.<\/p>\n<p class=\"c-paragraph\">Adem\u00e1s, \u00e9stas son las plataformas desde las que se puede seguir la F1 desde diferentes pa\u00edses de habla hispana:<\/p>\n<ul>\n<li><b>M\u00e9xico<\/b>: Fox Sports M\u00e9xico, Fox Sports Premium y F1TV<\/li>\n<li><b>Espa\u00f1a<\/b>: DAZN F1, F1TV<\/li>\n<li><b>Colombia, Per\u00fa, Ecuador, Panam\u00e1, Venezuela, Bolivia, Paraguay<\/b>: Disney+, F1TV<\/li>\n<li><b>Chile, Argentina y Uruguay<\/b>: Disney+ Premium, F1TV<\/li>\n<\/ul>\n<p>Circuito de Hungaroring: \u00bfC\u00f3mo es el circuito en el que se corre el GP de Hungr\u00eda?<\/p>\n<p class=\"c-paragraph\">Ubicado en las afueras de Budapest, <b>Hungaroring <\/b>tiene una longitud de 4.381 kil\u00f3metros por vuelta y cuenta con 14 curvas. Se trata de un circuito estrecho, con pocos puntos de rebase y muchas secciones de velocidad media y baja por su trazado.<\/p>\n<p class=\"c-paragraph\">Debido a la alta temperatura que suele registrarse en esta \u00e9poca del a\u00f1o, la degradaci\u00f3n de neum\u00e1ticos representa un desaf\u00edo constante para los equipos.<\/p>\n<p><img alt=\"alt default\" class=\"c-image\" loading=\"lazy\" decoding=\"async\" src=\"https:\/\/www.europesays.com\/es\/wp-content\/uploads\/2025\/08\/1754579771_879_HY6LSQ5VHVCAFAYTOLC436TFQA.webp\" width=\"400\" height=\"224\"\/>As\u00ed es el Circuito de Hungaroring donde se corre el GP de Hungr\u00eda (Foto: formula1.com). \u00bfQui\u00e9n gan\u00f3 el GP de Hungr\u00eda en 2024?<\/p>\n<p class=\"c-paragraph\">El a\u00f1o pasado, <a href=\"https:\/\/www.elfinanciero.com.mx\/deportes\/2024\/07\/21\/resultados-del-gran-premio-de-gran-hungria-2024-quien-gano-que-le-paso-a-checo-perez\/\" target=\"_blank\" rel=\"noreferrer nofollow noopener\" title=\"https:\/\/www.elfinanciero.com.mx\/deportes\/2024\/07\/21\/resultados-del-gran-premio-de-gran-hungria-2024-quien-gano-que-le-paso-a-checo-perez\/\">Oscar Piastri gan\u00f3 el GP de Hungr\u00eda en Hungaroring<\/a>. El australiano domin\u00f3 ante el acecho de su compa\u00f1ero Lando Norris, quien termin\u00f3 en segundo lugar. Lewis Hamilton cerr\u00f3 el podio tras una gran remontada entonces en el aseinto del auto de Mercedes.<\/p>\n<p class=\"c-paragraph\">El <a href=\"https:\/\/www.elfinanciero.com.mx\/food-and-drink\/2025\/07\/26\/el-restaurante-donde-vivio-checo-perez-en-alemania-cuando-tenia-15-anos\/\" target=\"_blank\" rel=\"noreferrer nofollow noopener\" title=\"https:\/\/www.elfinanciero.com.mx\/food-and-drink\/2025\/07\/26\/el-restaurante-donde-vivio-checo-perez-en-alemania-cuando-tenia-15-anos\/\">piloto mexicano Sergio \u2018Checo\u2019 P\u00e9rez<\/a> finaliz\u00f3 en la s\u00e9ptima posici\u00f3n en esa edici\u00f3n, tambi\u00e9n por detr\u00e1s de Lecrelrc, Vertappen y Carlos Sainz Jr, pero por delante de Russell y su ahora sustituto, <b>Tsunoda<\/b>.<\/p>\n","protected":false},"excerpt":{"rendered":"El calendario de la temporada 2025 de la F1 avanza ya en su segunda mitad con la disputa&hellip;\n","protected":false},"author":2,"featured_media":31839,"comment_status":"","ping_status":"","sticky":false,"template":"","format":"standard","meta":{"footnotes":""},"categories":[270],"tags":[14679,168,25,24,306,271,272,9980,16605,16614,16612,16613,16607,16608,16606,16611,16610,16609,23,167],"class_list":{"0":"post-31838","1":"post","2":"type-post","3":"status-publish","4":"format-standard","5":"has-post-thumbnail","7":"category-formula-1","8":"tag-cov","9":"tag-deportes","10":"tag-es","11":"tag-espana","12":"tag-f1","13":"tag-formula-1","14":"tag-formula1","15":"tag-gp-de-hungria","16":"tag-gp-de-hungria-2025","17":"tag-gp-de-hungria-2025-hora","18":"tag-gp-de-hungria-calendario","19":"tag-gp-de-hungria-cuando-es","20":"tag-gp-de-hungria-donde-ver","21":"tag-gp-de-hungria-en-vivo","22":"tag-gp-de-hungria-horario","23":"tag-gp-de-hungria-horarios","24":"tag-gp-de-hungria-practicas","25":"tag-gp-de-hungria-transmision","26":"tag-spain","27":"tag-sports"},"share_on_mastodon":{"url":"","error":""},"_links":{"self":[{"href":"https:\/\/www.europesays.com\/es\/wp-json\/wp\/v2\/posts\/31838","targetHints":{"allow":["GET"]}}],"collection":[{"href":"https:\/\/www.europesays.com\/es\/wp-json\/wp\/v2\/posts"}],"about":[{"href":"https:\/\/www.europesays.com\/es\/wp-json\/wp\/v2\/types\/post"}],"author":[{"embeddable":true,"href":"https:\/\/www.europesays.com\/es\/wp-json\/wp\/v2\/users\/2"}],"replies":[{"embeddable":true,"href":"https:\/\/www.europesays.com\/es\/wp-json\/wp\/v2\/comments?post=31838"}],"version-history":[{"count":0,"href":"https:\/\/www.europesays.com\/es\/wp-json\/wp\/v2\/posts\/31838\/revisions"}],"wp:featuredmedia":[{"embeddable":true,"href":"https:\/\/www.europesays.com\/es\/wp-json\/wp\/v2\/media\/31839"}],"wp:attachment":[{"href":"https:\/\/www.europesays.com\/es\/wp-json\/wp\/v2\/media?parent=31838"}],"wp:term":[{"taxonomy":"category","embeddable":true,"href":"https:\/\/www.europesays.com\/es\/wp-json\/wp\/v2\/categories?post=31838"},{"taxonomy":"post_tag","embeddable":true,"href":"https:\/\/www.europesays.com\/es\/wp-json\/wp\/v2\/tags?post=31838"}],"curies":[{"name":"wp","href":"https:\/\/api.w.org\/{rel}","templated":true}]}}