{"id":318392,"date":"2026-01-02T03:02:13","date_gmt":"2026-01-02T03:02:13","guid":{"rendered":"https:\/\/www.europesays.com\/es\/318392\/"},"modified":"2026-01-02T03:02:13","modified_gmt":"2026-01-02T03:02:13","slug":"pacheta-espero-mas-puntos-y-sufrir-menos-este-2026-con-el-granada","status":"publish","type":"post","link":"https:\/\/www.europesays.com\/es\/318392\/","title":{"rendered":"Pacheta: \u00abEspero m\u00e1s puntos y sufrir menos este 2026 con el Granada\u00bb"},"content":{"rendered":"<p>Pacheta hizo balance de lo que va la temporada con el Granada en una entrevista concedida a los medios oficiales del club. En ella trat\u00f3  &#8230; temas como la mala clasificaci\u00f3n liguera, la evoluci\u00f3n del equipo, la salida a Almer\u00eda del s\u00e1bado, el pr\u00f3ximo entrenamiento a puerta abierta o sus prop\u00f3sitos para el 2026.<\/p>\n<p class=\"v-p\">-Balance: \u00abA nivel de puntos, no estamos satisfechos. Hemos ido evolucionando. Los primeros partidos fueron muy duros, dif\u00edciles. Lo fuimos pagando a lo largo de los siguientes meses, pero yo estoy ilusionado con el equipo, con el volumen de buen juego que llegamos a hacer. Hay que repetirlo, pero no es f\u00e1cil. Hay muchos jugadores que eran debutantes en la categoria y que ya llevan unos 15 partidos en Segunda, m\u00e1s otros que hab\u00edan jugado diez en su carrera&#8230; Cuando llevas 100 es cuando empiezas a ser jugador de la categor\u00eda. Habiendo hecho lo mismo que ahora pero con m\u00e1s experiencia podr\u00edamos llevar m\u00e1s puntos. En todo esto la fortuna juega un papel importante. Nunca hab\u00eda sufrido tanto como aqu\u00ed, pero todo es aprendizaje. Nos dar\u00e1 premio seguro\u00bb. <\/p>\n<p class=\"v-p\">-Entrenador: \u00abMi trabajo es hacer ocasiones de gol, que el equipo crea en lo que hace, que el plan de partido salga&#8230; Todo eso est\u00e1 funcionando, aunque hay que arreglar ciertos aspectos. Estamos en el camino correcto. Me hace ilusi\u00f3n ver a mi afici\u00f3n. Nos hemos ido enfadados empatando y eso me gusta. Me hace ver que la gente ve lo que veo yo sobre el campo\u00bb.<\/p>\n<p class=\"v-p\">-Prop\u00f3sitos para el 2026: \u00abEspero m\u00e1s puntos y seguir evolucionando el juego, ya que siempre hay margen. Ese es nuestro proceso. tenemos que ser m\u00e1s eficaces en las \u00e1reas. Lo trabajaremos y nos mentalizaremos. De los 15 partidos \u00faltimos, hemos sido iguales al rival o incluso mejores en muchos, pero no se ha traducido en puntos. A veces, son momentos. Ese bal\u00f3n de Arnaiz que va al palo y no dentro&#8230; Son cosas de fortuna que no te dan el descenso o el ascenso, pero s\u00ed ese empuj\u00f3n que cambia la din\u00e1mica y la energ\u00eda. Espero que disfrutemos m\u00e1s en este nuevo a\u00f1o\u00bb.<\/p>\n<p class=\"v-p\">-Par\u00f3n navide\u00f1o y el Almer\u00eda: \u00abTenemos tres partidos seguidos ahora, pero estamos centrados de lleno en Almer\u00eda. La semana de vacaciones siempre sienta bien. En el f\u00fatbol, una de las desventajas es que trabajamos cuando la gente descansa. Somos ocio para que puedan venir a vernos. Nos dedicamos a trabajar esos d\u00edas, as\u00ed que cuando puedes disfrutar de d\u00edas de fiesta o de la Navidad en casa, es un disfrute. Viene bien para salir de la rutina con amigos y la familia. En cuanto al Almer\u00eda, ser\u00e1 duro y dif\u00edcil. Son un gran equipo, pero estamos en condiciones de pelear la victoria\u00bb.<\/p>\n<p class=\"v-p\">-Entrenamiento antes de la Cabalgata: \u00abTrabajamos cuando la gente disfruta, pero tenemos esa ventaja de disfrutar nosotros de una manera espectaculara veces con ellos. El entrenamiento a puerta abierta supondr\u00e1 salir de la rutina del d\u00eda a d\u00eda y abrirles las puertas de nuestra casa a lo ni\u00f1os. Hay que cuidarlos y &#8216;envenenarlos&#8217; para que vayan al f\u00fatbol. As\u00ed luego ser\u00e1n los futuros hinchas del Granada. Esa es parte de nuestra labor. Aparte, no hay nada m\u00e1s bonito que cuando un ni\u00f1o te pide una foto. No puedes dejarlos sin esa ilusi\u00f3n. Estamos deseando ganar al Almer\u00eda para vivir un d\u00eda precioso con todos ellos\u00bb.<\/p>\n","protected":false},"excerpt":{"rendered":"Pacheta hizo balance de lo que va la temporada con el Granada en una entrevista concedida a los&hellip;\n","protected":false},"author":2,"featured_media":318393,"comment_status":"","ping_status":"","sticky":false,"template":"","format":"standard","meta":{"footnotes":""},"categories":[268],"tags":[3076,168,25,24,12694,280,282,494,23198,6417,281,23,167,18389],"class_list":{"0":"post-318392","1":"post","2":"type-post","3":"status-publish","4":"format-standard","5":"has-post-thumbnail","7":"category-futbol","8":"tag-3076","9":"tag-deportes","10":"tag-es","11":"tag-espana","12":"tag-espero","13":"tag-football","14":"tag-futbol","15":"tag-granada","16":"tag-pacheta","17":"tag-puntos","18":"tag-soccer","19":"tag-spain","20":"tag-sports","21":"tag-sufrir"},"share_on_mastodon":{"url":"https:\/\/pubeurope.com\/@es\/115823282968804105","error":""},"_links":{"self":[{"href":"https:\/\/www.europesays.com\/es\/wp-json\/wp\/v2\/posts\/318392","targetHints":{"allow":["GET"]}}],"collection":[{"href":"https:\/\/www.europesays.com\/es\/wp-json\/wp\/v2\/posts"}],"about":[{"href":"https:\/\/www.europesays.com\/es\/wp-json\/wp\/v2\/types\/post"}],"author":[{"embeddable":true,"href":"https:\/\/www.europesays.com\/es\/wp-json\/wp\/v2\/users\/2"}],"replies":[{"embeddable":true,"href":"https:\/\/www.europesays.com\/es\/wp-json\/wp\/v2\/comments?post=318392"}],"version-history":[{"count":0,"href":"https:\/\/www.europesays.com\/es\/wp-json\/wp\/v2\/posts\/318392\/revisions"}],"wp:featuredmedia":[{"embeddable":true,"href":"https:\/\/www.europesays.com\/es\/wp-json\/wp\/v2\/media\/318393"}],"wp:attachment":[{"href":"https:\/\/www.europesays.com\/es\/wp-json\/wp\/v2\/media?parent=318392"}],"wp:term":[{"taxonomy":"category","embeddable":true,"href":"https:\/\/www.europesays.com\/es\/wp-json\/wp\/v2\/categories?post=318392"},{"taxonomy":"post_tag","embeddable":true,"href":"https:\/\/www.europesays.com\/es\/wp-json\/wp\/v2\/tags?post=318392"}],"curies":[{"name":"wp","href":"https:\/\/api.w.org\/{rel}","templated":true}]}}