{"id":318394,"date":"2026-01-02T03:03:08","date_gmt":"2026-01-02T03:03:08","guid":{"rendered":"https:\/\/www.europesays.com\/es\/318394\/"},"modified":"2026-01-02T03:03:08","modified_gmt":"2026-01-02T03:03:08","slug":"la-mejor-forma-de-celebrar-el-ano-nuevo","status":"publish","type":"post","link":"https:\/\/www.europesays.com\/es\/318394\/","title":{"rendered":"La mejor forma de celebrar el A\u00f1o Nuevo"},"content":{"rendered":"<p class=\"paragraph\" id=\"paragraph_1\">No es ning\u00fan secreto que el presidente del Partido Popular de Castilla-La Mancha, <strong>Paco N\u00fa\u00f1ez<\/strong>, <strong>tiene mano para la <a href=\"https:\/\/www.elespanol.com\/eldigitalcastillalamancha\/opinion\/confidencial\/20240102\/divertido-tierno-video-casero-paco-nunez-cocinando-falta-picante\/822037795_12.html?utm_cmp_rs=linksinline\" rel=\"nofollow noopener\" target=\"_blank\">cocina<\/a><\/strong>. Una afici\u00f3n que en diversas ocasiones ha mostrado en redes sociales, publicando alg\u00fan v\u00eddeo con las manos en la masa.<\/p>\n<p class=\"paragraph\" id=\"paragraph_2\">Y qu\u00e9 mejor manera que empezar el a\u00f1o que poni\u00e9ndose frente a los fogones en familia. As\u00ed lo ha compartido en redes sociales a trav\u00e9s de <strong>un entra\u00f1able v\u00eddeo cocinando con su padre para \u00abdar la bienvenida al A\u00f1o Nuevo\u00bb. <\/strong><\/p>\n<p class=\"paragraph\" id=\"paragraph_3\">Aunque el &#8216;popular&#8217; reconoce que N\u00fa\u00f1ez padre est\u00e1 \u00abun poco averiado\u00bb, ya que aparece con unas muletas, asegura que <strong>tiene las mismas \u00abganas de juntar a la familia y de seguir cocinando juntos\u00bb, como cada 1 de enero.<\/strong><\/p>\n<p class=\"paragraph\" id=\"paragraph_4\">En esta ocasi\u00f3n han elaborado <strong>pelotas de relleno<\/strong>, un plato t\u00edpico de Almansa (Albacete) a base de carne picada, pimienta, ajo, canela, ralladura de lim\u00f3n y sal, huevo y pan rallado.<\/p>\n<p class=\"paragraph\" id=\"paragraph_5\">En las im\u00e1genes <strong>se puede ver c\u00f3mo N\u00fa\u00f1ez hijo sigue con mucha atenci\u00f3n las sabias indicaciones de su progenitor.\u00a0<\/strong><\/p>\n<p class=\"paragraph\" id=\"paragraph_6\">Para terminar el v\u00eddeo, N\u00fa\u00f1ez ha deseado a todo el mundo <strong>un \u00abgran a\u00f1o 2026\u00bb<\/strong> y ha pedido a sus seguidores que comenten con el plato que les gusta cocinar en familia.<\/p>\n","protected":false},"excerpt":{"rendered":"No es ning\u00fan secreto que el presidente del Partido Popular de Castilla-La Mancha, Paco N\u00fa\u00f1ez, tiene mano para&hellip;\n","protected":false},"author":2,"featured_media":318395,"comment_status":"","ping_status":"","sticky":false,"template":"","format":"standard","meta":{"footnotes":""},"categories":[174],"tags":[4091,255,146,147,25,24,256,74289,6192,23],"class_list":{"0":"post-318394","1":"post","2":"type-post","3":"status-publish","4":"format-standard","5":"has-post-thumbnail","7":"category-famosos","8":"tag-castilla-la-mancha","9":"tag-celebrities","10":"tag-entertainment","11":"tag-entretenimiento","12":"tag-es","13":"tag-espana","14":"tag-famosos","15":"tag-paco-nunez-francisco-javier-nunez-nunez","16":"tag-region","17":"tag-spain"},"share_on_mastodon":{"url":"https:\/\/pubeurope.com\/@es\/115823286899250460","error":""},"_links":{"self":[{"href":"https:\/\/www.europesays.com\/es\/wp-json\/wp\/v2\/posts\/318394","targetHints":{"allow":["GET"]}}],"collection":[{"href":"https:\/\/www.europesays.com\/es\/wp-json\/wp\/v2\/posts"}],"about":[{"href":"https:\/\/www.europesays.com\/es\/wp-json\/wp\/v2\/types\/post"}],"author":[{"embeddable":true,"href":"https:\/\/www.europesays.com\/es\/wp-json\/wp\/v2\/users\/2"}],"replies":[{"embeddable":true,"href":"https:\/\/www.europesays.com\/es\/wp-json\/wp\/v2\/comments?post=318394"}],"version-history":[{"count":0,"href":"https:\/\/www.europesays.com\/es\/wp-json\/wp\/v2\/posts\/318394\/revisions"}],"wp:featuredmedia":[{"embeddable":true,"href":"https:\/\/www.europesays.com\/es\/wp-json\/wp\/v2\/media\/318395"}],"wp:attachment":[{"href":"https:\/\/www.europesays.com\/es\/wp-json\/wp\/v2\/media?parent=318394"}],"wp:term":[{"taxonomy":"category","embeddable":true,"href":"https:\/\/www.europesays.com\/es\/wp-json\/wp\/v2\/categories?post=318394"},{"taxonomy":"post_tag","embeddable":true,"href":"https:\/\/www.europesays.com\/es\/wp-json\/wp\/v2\/tags?post=318394"}],"curies":[{"name":"wp","href":"https:\/\/api.w.org\/{rel}","templated":true}]}}