{"id":318398,"date":"2026-01-02T03:08:13","date_gmt":"2026-01-02T03:08:13","guid":{"rendered":"https:\/\/www.europesays.com\/es\/318398\/"},"modified":"2026-01-02T03:08:13","modified_gmt":"2026-01-02T03:08:13","slug":"ares-ya-tiene-fecha-de-estreno-en-disney","status":"publish","type":"post","link":"https:\/\/www.europesays.com\/es\/318398\/","title":{"rendered":"Ares\u00bb ya tiene fecha de estreno en Disney+"},"content":{"rendered":"<p>El nuevo a\u00f1o arranca con uno de los regresos m\u00e1s esperados del cine de ciencia ficci\u00f3n contempor\u00e1neo: \u201c<b>Tron: Ares<\/b>\u201d, la tercera entrega de la ic\u00f3nica saga de Disney, llega el <b>7 de enero a Disney+ <\/b>y promete llevar la experiencia visual y sonora a un nuevo nivel. Dirigida por Joachim R\u00f8nning \u2014responsable de t\u00edtulos como Mal\u00e9fica: Maestra del mal y Kon-Tiki\u2014, la pel\u00edcula est\u00e1 protagonizada por Jared Leto, Greta Lee, Evan Peters, Hasan Minhaj, Jodie Turner-Smith, Arturo Castro y Cameron Monaghan, con las participaciones destacadas de Gillian Anderson y Jeff Bridges.<\/p>\n<p>La cinta ampl\u00eda el universo de las pel\u00edculas originale<b>s \u201cTron\u201d (1982) <\/b>y <b>\u201cTron: Legacy\u201d (2010<\/b>), y sit\u00faa su historia en un punto de colisi\u00f3n entre el mundo digital y la realidad f\u00edsica.<b> Este nuevo cap\u00edtulo<\/b> sigue a Ares, un programa altamente sofisticado enviado desde la Red al mundo real en una misi\u00f3n de alto riesgo, que representa el primer contacto directo entre la inteligencia artificial y la humanidad. El argumento sit\u00faa al espectador en el centro de un conflicto que combina acci\u00f3n, tecnolog\u00eda y dilemas existenciales.<\/p>\n<p>Cr\u00edticos especializados ya han destacado la fuerza visual y r\u00edtmica del filme<b>. Jonathan Sim, d<\/b>el medio \u00abComing Soon\u00bb, la describe como \u201cuna pel\u00edcula trepidante que arranca a toda velocidad y nunca se detiene\u201d, mientras que Joseph Morona, de Cleveland.com, resalta la propuesta est\u00e9tica de R\u00f8nning y del director de fotograf\u00eda Jeff Cronenweth, conocido por su trabajo con David Fincher. \u201c<b>El lienzo de R\u00f8nning y Cronenweth<\/b> estalla en color, contraste y movimiento, mientras que la banda sonora techno de Nine Inch Nails literalmente hace vibrar tu asiento\u201d, afirma.<\/p>\n<p>\u201cTron: Ares\u201d llega a Disney+ con formato<b> IMAX Enhance<\/b>d, lo que permitir\u00e1 a los suscriptores disfrutar de la pel\u00edcula con la relaci\u00f3n de aspecto expandida utilizada en las proyecciones IMAX. Esta versi\u00f3n garantiza que la visi\u00f3n original de los cineastas se mantenga intacta y se experimente con mayor inmersi\u00f3n en el hogar. Los dispositivos compatibles con la certificaci\u00f3n IMAX Enhanced podr\u00e1n adem\u00e1s reproducir el sonido con tecnolog\u00eda DTS, ofreciendo un rango din\u00e1mico que replica fielmente la mezcla cinematogr\u00e1fica original.<\/p>\n<p>Previo al estreno de \u201cTron: Ares\u201d, Disney+ invita a los espectadores a revivir las dos entregas anteriores, <b>\u201cTron\u201d y \u201cTron: Legacy\u201d,<\/b> disponibles en la plataforma. Un recorrido desde los or\u00edgenes de la red digital que revolucion\u00f3 los efectos visuales en los a\u00f1os ochenta hasta la ambiciosa actualizaci\u00f3n est\u00e9tica y narrativa que ahora culmina con la llegada de \u201cAres\u201d.<\/p>\n","protected":false},"excerpt":{"rendered":"El nuevo a\u00f1o arranca con uno de los regresos m\u00e1s esperados del cine de ciencia ficci\u00f3n contempor\u00e1neo: \u201cTron:&hellip;\n","protected":false},"author":2,"featured_media":318399,"comment_status":"","ping_status":"","sticky":false,"template":"","format":"standard","meta":{"footnotes":""},"categories":[169],"tags":[177,146,147,25,24,176,175,23],"class_list":{"0":"post-318398","1":"post","2":"type-post","3":"status-publish","4":"format-standard","5":"has-post-thumbnail","7":"category-cine","8":"tag-cine","9":"tag-entertainment","10":"tag-entretenimiento","11":"tag-es","12":"tag-espana","13":"tag-film","14":"tag-movies","15":"tag-spain"},"share_on_mastodon":{"url":"https:\/\/pubeurope.com\/@es\/115823306648146701","error":""},"_links":{"self":[{"href":"https:\/\/www.europesays.com\/es\/wp-json\/wp\/v2\/posts\/318398","targetHints":{"allow":["GET"]}}],"collection":[{"href":"https:\/\/www.europesays.com\/es\/wp-json\/wp\/v2\/posts"}],"about":[{"href":"https:\/\/www.europesays.com\/es\/wp-json\/wp\/v2\/types\/post"}],"author":[{"embeddable":true,"href":"https:\/\/www.europesays.com\/es\/wp-json\/wp\/v2\/users\/2"}],"replies":[{"embeddable":true,"href":"https:\/\/www.europesays.com\/es\/wp-json\/wp\/v2\/comments?post=318398"}],"version-history":[{"count":0,"href":"https:\/\/www.europesays.com\/es\/wp-json\/wp\/v2\/posts\/318398\/revisions"}],"wp:featuredmedia":[{"embeddable":true,"href":"https:\/\/www.europesays.com\/es\/wp-json\/wp\/v2\/media\/318399"}],"wp:attachment":[{"href":"https:\/\/www.europesays.com\/es\/wp-json\/wp\/v2\/media?parent=318398"}],"wp:term":[{"taxonomy":"category","embeddable":true,"href":"https:\/\/www.europesays.com\/es\/wp-json\/wp\/v2\/categories?post=318398"},{"taxonomy":"post_tag","embeddable":true,"href":"https:\/\/www.europesays.com\/es\/wp-json\/wp\/v2\/tags?post=318398"}],"curies":[{"name":"wp","href":"https:\/\/api.w.org\/{rel}","templated":true}]}}