{"id":318402,"date":"2026-01-02T03:10:09","date_gmt":"2026-01-02T03:10:09","guid":{"rendered":"https:\/\/www.europesays.com\/es\/318402\/"},"modified":"2026-01-02T03:10:09","modified_gmt":"2026-01-02T03:10:09","slug":"como-afecta-la-resistencia-a-la-insulina-a-tu-rostro-y-que-hacer-segun-los-expertos","status":"publish","type":"post","link":"https:\/\/www.europesays.com\/es\/318402\/","title":{"rendered":"C\u00f3mo afecta la resistencia a la insulina a tu rostro y qu\u00e9 hacer seg\u00fan los expertos"},"content":{"rendered":"<p class=\"c-paragraph\"><b\/>Cuando algo no va bien en nuestro interior, suele reflejarse en la piel. Se\u00f1ales como la inflamaci\u00f3n, los <a href=\"https:\/\/www.20minutos.es\/mujer\/belleza\/acne-hormonal-estas-son-sus-causas-asi-afecta-nuestra-piel-los-activos-mas-potentes-para-plantarle-cara-5245645\/\" rel=\"nofollow noopener\" target=\"_blank\">brotes de acn\u00e9 adulto<\/a> o la p\u00e9rdida de firmeza y luminosidad pueden indicar que hay algo que no termina de funcionar por dentro. Son<b> cambios que aparecen de forma progresiva<\/b> y que muchas veces se atribuyen al estr\u00e9s, a la edad o a los cambios hormonales, sin pensar que tambi\u00e9n <b>pueden tener un origen metab\u00f3lico.<\/b><\/p>\n<p class=\"c-paragraph\">Las farmac\u00e9uticas <b>Marta Barrero y Elena Ramos<\/b> explican que este desequilibrio metab\u00f3lico crea un estado inflamatorio que afecta directamente a la piel. <b>El exceso de glucosa altera el col\u00e1geno, debilita la barrera cut\u00e1nea y acelera signos como la flacidez o el <a href=\"https:\/\/www.20minutos.es\/mujer\/belleza\/prueba-pellizco-saber-piel-esta-envejeciendo-rapido-5234337\/\" rel=\"nofollow noopener\" target=\"_blank\">envejecimiento prematuro<\/a>. <\/b>Por eso, es necesario entender qu\u00e9 est\u00e1 pasando y c\u00f3mo abordarlo.<\/p>\n<p>El efecto de la resistencia a la insulina en la piel<\/p>\n<p class=\"c-paragraph\"><b\/>Seg\u00fan explican las farmac\u00e9uticas y portavoces de Druni, \u00abla resistencia a la insulina es <b>un estado metab\u00f3lico por el que las c\u00e9lulas no responden eficazmente a la insulina<\/b>, lo que lleva a un <a href=\"https:\/\/www.20minutos.es\/mujer\/control-glucosa-claves-evitar-complicaciones-embarazo_6239359_0.html\" rel=\"nofollow noopener\" target=\"_blank\">exceso de glucosa<\/a> e insulina circulante en la sangre (hiperglucemia e hiperinsulinemia)\u00bb.<\/p>\n<p class=\"c-paragraph\">Ese exceso de glucosa no solo afecta al organismo, sino tambi\u00e9n a la\u00a0 piel. \u00abEn el plano cut\u00e1neo, la hiperglucemia cr\u00f3nica <b>act\u00faa como un &#8216;veneno&#8217; molecular que desencadena diversos efectos como la inflamaci\u00f3n, la <a href=\"https:\/\/www.20minutos.es\/mujer\/estar-bien\/montse-prados-endocrinologa-sobre-envejecimiento-piel-azucar-endurece-colageno-promueven-las-arrugas_6900131_0.html\" rel=\"nofollow noopener\" target=\"_blank\">glicaci\u00f3n<\/a>, alteraciones de la barrera cut\u00e1nea, o acn\u00e9 adulto\u00bb<\/b>, a\u00f1aden las expertas.<\/p>\n<p class=\"c-paragraph\">Seg\u00fan explican, \u00abla glicaci\u00f3n es <b>una reacci\u00f3n qu\u00edmica donde las mol\u00e9culas de az\u00facar en exceso se unen a las fibras de col\u00e1geno y elastina sin la ayuda de una enzima.<\/b>\u00a0Esta uni\u00f3n produce los Productos Finales de Glicaci\u00f3n Avanzada (AGEs), que reticulan las fibras, haciendo que el col\u00e1geno pierda su estructura helicoidal flexible y se vuelva r\u00edgido y quebradizo\u00bb.<\/p>\n<p class=\"c-paragraph\">En otras palabras, cuando la elastina se da\u00f1a, se reduce la capacidad de la piel para volver a su sitio. El resultado es la <b>p\u00e9rdida de la firmeza, el descolgamiento del \u00f3valo facial y <a href=\"https:\/\/www.20minutos.es\/mujer\/belleza\/motivos-aparecen-arrugas-vida-saludable-genetica-envejecimiento-5162177\/\" rel=\"nofollow noopener\" target=\"_blank\">arrugas y l\u00edneas de expresi\u00f3n <\/a>m\u00e1s marcadas de forma prematura.<\/b> Adem\u00e1s, los AGEs tienen un color amarillento-marr\u00f3n que contribuye a un tono m\u00e1s opaco y cetrino.<\/p>\n<p>Se\u00f1ales que conviene no ignorar<\/p>\n<p class=\"c-paragraph\"><b\/>Entre los signos que deber\u00edan ponerte en alerta est\u00e1n \u00ab<b><a href=\"https:\/\/www.20minutos.es\/mujer\/estar-bien\/que-es-inflammaging-como-evitarlo-alimentacion-5681853\/\" rel=\"nofollow noopener\" target=\"_blank\">la inflamaci\u00f3n<\/a> o edema facial <\/b>(especialmente, hinchaz\u00f3n persistente en el contorno de ojos), <b>sequedad excesiva que no mejora<\/b>, aunque uses hidratantes y <b>granitos inflamatorios o qu\u00edsticos en barbilla, mand\u00edbula y cuello<\/b> sin una causa hormonal clara\u00bb, cuentan las portavoces de Druni.<\/p>\n<p class=\"c-paragraph\">Tambi\u00e9n <b>puede aparecer acn\u00e9 adulto<\/b> sobre pieles que nunca lo hab\u00edan sufrido. No es casualidad, \u00abla hiperinsulinemia estimula la producci\u00f3n de andr\u00f3genos, lo que <b>favorece la hiperseborrea y la queratinizaci\u00f3n folicular<\/b>, dando lugar a la aparici\u00f3n de acn\u00e9 adulto, incluso en pieles que nunca lo padecieron previamente\u00bb, apuntan las expertas.<\/p>\n<p class=\"c-paragraph\">En los pliegues de nuca, axilas e ingles \u00abes frecuente que surjan <b><a href=\"https:\/\/www.20minutos.es\/mujer\/belleza\/dermatologa-explica-pequenas-manchas-negras-nariz-no-puntos-negros-5703310\/\" rel=\"nofollow noopener\" target=\"_blank\">manchas oscuras<\/a>, gruesas y de tacto aterciopelado<\/b>, conocidas como acantosis nigricans, muy vinculadas a la hiperinsulinemia y a fases avanzadas del problema\u201d, a\u00f1aden.<\/p>\n<p>La rutina de belleza y los buenos h\u00e1bitos, esenciales para abordar el problema<\/p>\n<p class=\"c-paragraph\"><b\/>Una rutina de belleza adecuada puede ayudar a frenar parte del da\u00f1o cut\u00e1neo y a mejorar la calidad de la piel. Las expertas recomiendan principios activos como <b><a href=\"\">carnosina<\/a> (L-Carnosina)<\/b>, un p\u00e9ptido que puede inhibir la formaci\u00f3n de AGEs y proteger las fibras de col\u00e1geno existentes; ciertos extractos, como el de <b>Albizia Julibrissin (\u00c1rbol de Seda)<\/b>, demuestran actividad antiglicante; o antioxidantes potentes para proteger y reparar contra el estr\u00e9s oxidativo asociado a la hiperglucemia, como la <b>vitamina C o el <a href=\"https:\/\/www.20minutos.es\/mujer\/belleza\/estos-son-los-ingredientes-cosmeticos-que-si-funcionan-lo-dicen-los-expertos-5115492\/\" rel=\"nofollow noopener\" target=\"_blank\">\u00e1cido fer\u00falico<\/a><\/b>, esenciales para la s\u00edntesis de col\u00e1geno.<\/p>\n<p class=\"c-paragraph\">A estos activos se suman otros con propiedades antiedad como los <b><a href=\"https:\/\/www.20minutos.es\/mujer\/belleza\/serum-crystal-retinal-principiantes-eliminar-arrugas-5651336\/\" rel=\"nofollow noopener\" target=\"_blank\">retinoides<\/a> <\/b>porque estimulan la renovaci\u00f3n celular y la s\u00edntesis de nuevo col\u00e1geno, ayudando a compensar el da\u00f1o fibrilar; <b>p\u00e9ptidos bioactivos<\/b>, ya que fomentan la reparaci\u00f3n de la Matriz Extracelular (MEC); el <b>\u00e1cido hialur\u00f3nico<\/b>, fundamental para la hidrataci\u00f3n profunda y el relleno, contrarrestando la sequedad asociada.<\/p>\n<p class=\"c-paragraph\">Tambi\u00e9n toca revisar h\u00e1bitos. Seg\u00fan las farmac\u00e9uticas, \u00abdeber\u00edamos reducir dr\u00e1sticamente el consumo de az\u00facares refinados, harinas blancas y alimentos ultraprocesados. Priorizar una <b>dieta rica en fibra, <a href=\"https:\/\/www.20minutos.es\/mujer\/estar-bien\/menstruacion-menopausia-aporta-omega-3-salud-mujer-5714333\/\" rel=\"nofollow noopener\" target=\"_blank\">grasas saludables (Omega-3) <\/a>y prote\u00ednas magras<\/b>. Adoptar un patr\u00f3n tipo Dieta Mediterr\u00e1nea o enfocado en alimentos de bajo \u00edndice gluc\u00e9mico\u00bb.<\/p>\n<p class=\"c-paragraph\">En cuanto al ejercicio f\u00edsico, recomiendan \u00ab<b>combinar ejercicio de fuerza<\/b>, para mejorar la sensibilidad a la insulina de los m\u00fasculos,<b> y aer\u00f3bico<\/b>, clave para la salud cardiovascular y metab\u00f3lica\u00bb.<\/p>\n<p class=\"c-paragraph\">Y, por \u00faltimo, descansar bien y gestionar el estr\u00e9s tambi\u00e9n ayudan. <b>\u00abPriorizar 7-9 horas de sue\u00f1o de calidad.<\/b> La privaci\u00f3n de sue\u00f1o eleva el cortisol, hormona que incrementa la resistencia a la insulina. Practicar mindfulness o t\u00e9cnicas de relajaci\u00f3n para <b>mantener <a href=\"https:\/\/www.20minutos.es\/mujer\/belleza\/adios-colageno-que-es-cortisol-como-aumenta-aparicion-arrugas-5640290\/\" rel=\"nofollow noopener\" target=\"_blank\">el cortisol<\/a> a raya\u00bb<\/b>, concluyen Marta Barrero y Elena Ramos.<\/p>\n","protected":false},"excerpt":{"rendered":"Cuando algo no va bien en nuestro interior, suele reflejarse en la piel. Se\u00f1ales como la inflamaci\u00f3n, los&hellip;\n","protected":false},"author":2,"featured_media":318403,"comment_status":"","ping_status":"","sticky":false,"template":"","format":"standard","meta":{"footnotes":""},"categories":[92],"tags":[5505,2170,25,24,165,9948,13398,166,23,55169],"class_list":{"0":"post-318402","1":"post","2":"type-post","3":"status-publish","4":"format-standard","5":"has-post-thumbnail","7":"category-salud","8":"tag-afecta","9":"tag-como","10":"tag-es","11":"tag-espana","12":"tag-health","13":"tag-insulina","14":"tag-resistencia","15":"tag-salud","16":"tag-spain","17":"tag-tu"},"share_on_mastodon":{"url":"https:\/\/pubeurope.com\/@es\/115823314428411516","error":""},"_links":{"self":[{"href":"https:\/\/www.europesays.com\/es\/wp-json\/wp\/v2\/posts\/318402","targetHints":{"allow":["GET"]}}],"collection":[{"href":"https:\/\/www.europesays.com\/es\/wp-json\/wp\/v2\/posts"}],"about":[{"href":"https:\/\/www.europesays.com\/es\/wp-json\/wp\/v2\/types\/post"}],"author":[{"embeddable":true,"href":"https:\/\/www.europesays.com\/es\/wp-json\/wp\/v2\/users\/2"}],"replies":[{"embeddable":true,"href":"https:\/\/www.europesays.com\/es\/wp-json\/wp\/v2\/comments?post=318402"}],"version-history":[{"count":0,"href":"https:\/\/www.europesays.com\/es\/wp-json\/wp\/v2\/posts\/318402\/revisions"}],"wp:featuredmedia":[{"embeddable":true,"href":"https:\/\/www.europesays.com\/es\/wp-json\/wp\/v2\/media\/318403"}],"wp:attachment":[{"href":"https:\/\/www.europesays.com\/es\/wp-json\/wp\/v2\/media?parent=318402"}],"wp:term":[{"taxonomy":"category","embeddable":true,"href":"https:\/\/www.europesays.com\/es\/wp-json\/wp\/v2\/categories?post=318402"},{"taxonomy":"post_tag","embeddable":true,"href":"https:\/\/www.europesays.com\/es\/wp-json\/wp\/v2\/tags?post=318402"}],"curies":[{"name":"wp","href":"https:\/\/api.w.org\/{rel}","templated":true}]}}