{"id":318404,"date":"2026-01-02T03:11:11","date_gmt":"2026-01-02T03:11:11","guid":{"rendered":"https:\/\/www.europesays.com\/es\/318404\/"},"modified":"2026-01-02T03:11:11","modified_gmt":"2026-01-02T03:11:11","slug":"echando-de-menos-a-ramon-garcia","status":"publish","type":"post","link":"https:\/\/www.europesays.com\/es\/318404\/","title":{"rendered":"Echando de menos a Ram\u00f3n Garc\u00eda"},"content":{"rendered":"<p style=\"\">Reconozco que<strong> el vestido de la Pedroche (Antena 3)<\/strong> ya no despierta en m\u00ed ninguna curiosidad, que no tengo ni idea de qui\u00e9n es Xuxo Jones (Tele 5) y que ver a Chenoa y Estopa (RTVE) me confunde y no s\u00e9 si entramos  &#8230; en 2026 o en 2002. Y yo as\u00ed, confundida, no puedo estrenar a\u00f1o. <\/p>\n<p><img decoding=\"async\" loading=\"lazy\" src=\"https:\/\/www.europesays.com\/es\/wp-content\/uploads\/2026\/01\/1504646609 (1)-ktxC--760x427@diario_abc.jpg\" class=\"voc-img\" width=\"760\" height=\"427\" alt=\"Pedroche\" data-voc-vtm-id=\"in-text-traffic\"\/><\/p>\n<p>Pedroche<\/p>\n<p>efe<\/p>\n<p class=\"voc-p\" style=\"\">As\u00ed que este 2025 he decidido despedirlo viendo las campanadas en el canal de Youtube del escritor Javier Santamarta, que las retransmit\u00eda desde el Real Sitio de San Lorenzo de El Escorial. Ven\u00eda yo, adem\u00e1s, de ver a Santiago Segura queriendo comprar (qu\u00e9 risa, qu\u00e9 jolgorio) el primer anuncio del a\u00f1o en La 1 (ay, qu\u00e9 gracia) con una hucha de cerdito (te meas) para promocionar el estreno de su pr\u00f3xima pel\u00edcula, Torrente presidente, cuyo gui\u00f3n ha sido elaborado en gran parte, me temo, por la UCO. <\/p>\n<p class=\"voc-p\" style=\"\">Con la <a href=\"https:\/\/www.abc.es\/estilo\/moda\/vestido-pedroche-campanadas-2025-2026-20251231181444-nt.html\" title=\"www.abc.es\" data-voc-vtm-id=\"in-text-traffic\" data-mrf-link=\"www.abc.es\" rel=\"nofollow noopener\" target=\"_blank\">Pedroche,<\/a> adem\u00e1s, dedicando su vestido, que parec\u00eda que se hab\u00eda ca\u00eddo la moza del balc\u00f3n desde un octavo y hab\u00eda atravesado todos los tendales del edificio llev\u00e1ndose puesta la colada, a la lucha contra el c\u00e1ncer. Y a los de <strong>La Oreja de Van Gogh,<\/strong> haci\u00e9ndose los j\u00f3venes, a sus cincuenta, con <strong>Amaia Montero envuelta en el n\u00f3rdico<\/strong> como si acabara de caerse de la cama y le hubiese dado por cantar. Necesitaba, solidar\u00edcense con mi drama, un poco de estilo, de buen gusto, de glamour. Un poco m\u00e1s de tela, menos transparencia gratuita, menos zapatilla blanca con esmoquin para hacerse el rebelde en una gerontotardoadolescencia mal gestionada, menos se\u00f1or de cincuenta poniendo cara de estar d\u00e1ndolo todo en el mundo del pop. <\/p>\n<p><img decoding=\"async\" loading=\"lazy\" src=\"https:\/\/www.europesays.com\/es\/wp-content\/uploads\/2026\/01\/Clipboard-ktxC--760x427@diario_abc.png\" class=\"voc-img\" width=\"760\" height=\"427\" alt=\"Amaia Montero\" data-voc-vtm-id=\"in-text-traffic\"\/><\/p>\n<p>Amaia Montero<\/p>\n<p>ABC<\/p>\n<p class=\"voc-p\" style=\"\">C\u00f3mo se echan de menos aquellas campanadas con Ana Obreg\u00f3n y Ram\u00f3n Garc\u00eda en capa espa\u00f1ola (gracias, Santamarta, por eso), explicando con bendita paciencia lo que son los cuartos, lo que es el carrill\u00f3n, lo que son las campanadas de verdad de la buena. <\/p>\n<p class=\"voc-p\" style=\"\">As\u00ed que las uvas (de gominola, lo reconozco) me las com\u00ed conectada a Youtube, traicionando a los medios tradicionales porque ellos se lo han buscado. Eso s\u00ed, luego conect\u00e9 con los canales cl\u00e1sicos de televisi\u00f3n para <strong>ver los especiales de Navidad,<\/strong> vestida para la ocasi\u00f3n: pijama del Grinch, calcetines calentitos con campanillas, matasuegras y bombones (que no se diga que no hay actitud). <\/p>\n<p class=\"voc-p\" style=\"\">Empez\u00f3 la cosa regu, no quiero mentirles. Casi me voy a dormir (y se pierden ustedes este resumen) porque en La 1 de RTVE decidieron que era buena idea coger a todas sus caras conocidas, ponerlas delante de un micr\u00f3fono, decirles que se hagan los intensos (un poco USA for Africa en el 85, versi\u00f3n Vallecas) y darle al autotune mientras cantan cosas como \u00abhay mil recuerdos que desde ni\u00f1os nos hicieron como somos\u00bb, \u00abcompartimos ilusi\u00f3n, la que tienes y deseas conseguir\u00bb o \u00abas\u00ed es el camino en un mundo que gira sin cesar\u00bb. <\/p>\n<p><img decoding=\"async\" loading=\"lazy\" src=\"https:\/\/www.europesays.com\/es\/wp-content\/uploads\/2026\/01\/Feliz 2026_NIA-ktxC--760x427@diario_abc.JPG\" class=\"voc-img\" width=\"760\" height=\"427\" alt=\"Imagen de archivo\" data-voc-vtm-id=\"in-text-traffic\"\/><\/p>\n<p>Imagen de archivo<\/p>\n<p>ABC<\/p>\n<p class=\"voc-p\" style=\"\">Quiero pensar que es cosa de pereza combinada con inteligencia artificial (qu\u00e9 inventazo es Suno) y que no hemos pagado entre todos a un jeta destalentado primo de alguien y con organillo para ponerle m\u00fasica emotiva a una redacci\u00f3n deficiente de segundo de primaria. Luego, lo reconozco, me hipnotiz\u00f3 el cringe (que dicen los modernos) y me qued\u00e9 pegada a la pantalla: por un momento pens\u00e9 que est\u00e1bamos entrando en 2001 cuando sali\u00f3 a cantar Amaral. <strong>Pero luego apareci\u00f3 Luz Casal<\/strong> y pens\u00e9 que era 1995. <\/p>\n<p><img decoding=\"async\" loading=\"lazy\" src=\"https:\/\/www.europesays.com\/es\/wp-content\/uploads\/2026\/01\/Feliz 2026_LuzCasal-ktxC--760x427@diario_abc.JPG\" class=\"voc-img\" width=\"760\" height=\"427\" alt=\"Luz Casal\" data-voc-vtm-id=\"in-text-traffic\"\/><\/p>\n<p>Luz Casal<\/p>\n<p>abc<\/p>\n<p class=\"voc-p\" style=\"\"><strong>Luego Marta S\u00e1nchez y felicit\u00e9 por WhatsApp a mis seres queridos el 1986 y,<\/strong> al aparecer V\u00edctor Manuel, celebr\u00e9 la entrada en 1976 y el fin de la dictadura. Despu\u00e9s actu\u00f3 Carlos Baute, que es aquel que cantaba con Marta S\u00e1nchez, la del 86, aquello de Colgando en tus manos, del 2008 o 2009, a saber. Es a Marta S\u00e1nchez lo que el del gorro a Amaral: el otro. <\/p>\n<p><img decoding=\"async\" loading=\"lazy\" src=\"https:\/\/www.europesays.com\/es\/wp-content\/uploads\/2026\/01\/Feliz 2026 Marta Sanchez-ktxC--760x427@diario_abc.jpg\" class=\"voc-img\" width=\"760\" height=\"427\" alt=\"Marta S\u00e1nchez\" data-voc-vtm-id=\"in-text-traffic\"\/><\/p>\n<p>Marta S\u00e1nchez<\/p>\n<p>abc<\/p>\n<p class=\"voc-p\" style=\"\">Llegamos a finales de los noventa gracias a Caf\u00e9 Quijano y en medio sali\u00f3 gente a la que yo no conozco, pero es que tampoco conozco a los que presentaban tan dicharacheros. Pero no son horas de levantarme a mirarlo, que dir\u00eda Umbral. Dej\u00e9moslo en que este viaje en el tiempo, sin necesidad de flu\u00eddo Garc\u00eda ni anacron\u00f3pete, no est\u00e1 pagado. Al a\u00f1o que viene pueden volver a poner el mismo programa, que no se va a notar. <\/p>\n","protected":false},"excerpt":{"rendered":"Reconozco que el vestido de la Pedroche (Antena 3) ya no despierta en m\u00ed ninguna curiosidad, que no&hellip;\n","protected":false},"author":2,"featured_media":318405,"comment_status":"","ping_status":"","sticky":false,"template":"","format":"standard","meta":{"footnotes":""},"categories":[91],"tags":[48417,53183,3076,146,147,25,24,6664,23],"class_list":{"0":"post-318404","1":"post","2":"type-post","3":"status-publish","4":"format-standard","5":"has-post-thumbnail","7":"category-entretenimiento","8":"tag-48417","9":"tag-53183","10":"tag-3076","11":"tag-entertainment","12":"tag-entretenimiento","13":"tag-es","14":"tag-espana","15":"tag-feliz","16":"tag-spain"},"share_on_mastodon":{"url":"https:\/\/pubeurope.com\/@es\/115823318631835798","error":""},"_links":{"self":[{"href":"https:\/\/www.europesays.com\/es\/wp-json\/wp\/v2\/posts\/318404","targetHints":{"allow":["GET"]}}],"collection":[{"href":"https:\/\/www.europesays.com\/es\/wp-json\/wp\/v2\/posts"}],"about":[{"href":"https:\/\/www.europesays.com\/es\/wp-json\/wp\/v2\/types\/post"}],"author":[{"embeddable":true,"href":"https:\/\/www.europesays.com\/es\/wp-json\/wp\/v2\/users\/2"}],"replies":[{"embeddable":true,"href":"https:\/\/www.europesays.com\/es\/wp-json\/wp\/v2\/comments?post=318404"}],"version-history":[{"count":0,"href":"https:\/\/www.europesays.com\/es\/wp-json\/wp\/v2\/posts\/318404\/revisions"}],"wp:featuredmedia":[{"embeddable":true,"href":"https:\/\/www.europesays.com\/es\/wp-json\/wp\/v2\/media\/318405"}],"wp:attachment":[{"href":"https:\/\/www.europesays.com\/es\/wp-json\/wp\/v2\/media?parent=318404"}],"wp:term":[{"taxonomy":"category","embeddable":true,"href":"https:\/\/www.europesays.com\/es\/wp-json\/wp\/v2\/categories?post=318404"},{"taxonomy":"post_tag","embeddable":true,"href":"https:\/\/www.europesays.com\/es\/wp-json\/wp\/v2\/tags?post=318404"}],"curies":[{"name":"wp","href":"https:\/\/api.w.org\/{rel}","templated":true}]}}