{"id":318421,"date":"2026-01-02T03:26:09","date_gmt":"2026-01-02T03:26:09","guid":{"rendered":"https:\/\/www.europesays.com\/es\/318421\/"},"modified":"2026-01-02T03:26:09","modified_gmt":"2026-01-02T03:26:09","slug":"emma-heming-esposa-de-bruce-willis-celebra-18-anos-al-lado-del-actor-con-una-foto-inedita","status":"publish","type":"post","link":"https:\/\/www.europesays.com\/es\/318421\/","title":{"rendered":"Emma Heming, esposa de Bruce Willis, celebra 18 a\u00f1os al lado del actor con una foto in\u00e9dita"},"content":{"rendered":"<p>\n          Emma Heming habla del impacto de la demencia de Bruce Willis en su Navidad familiar<\/p>\n<p><b> <a class=\"Link\" href=\"https:\/\/www.quien.com\/espectaculos\/2025\/12\/23\/emma-heming-esposa-de-bruce-willis-revela-como-la-demencia-del-actor-transformo-la-navidad-familiar?utm_source=internal&amp;utm_medium=link-recommended\" target=\"_blank\" rel=\"nofollow noopener\">Emma Heming record\u00f3 c\u00f3mo a Bruce Willis<\/a>  <\/b>\u00able encantaba esta \u00e9poca del a\u00f1o: la energ\u00eda, el tiempo en familia, las tradiciones\u00bb en sus primeros a\u00f1os: \u201c\u00c9l era el que hac\u00eda los panqueques, el que sal\u00eda a la nieve con los ni\u00f1os, la presencia constante que se mov\u00eda por la casa a medida que transcurr\u00eda el d\u00eda\u201d, escribi\u00f3. \u201cLa demencia no borra esos recuerdos, pero s\u00ed crea un espacio entre el ayer y el hoy. Y ese espacio puede doler\u201d.<\/p>\n<p>             <img loading=\"lazy\" decoding=\"async\" src=\"https:\/\/www.europesays.com\/es\/wp-content\/uploads\/2026\/01\/1767324368_336_.webp\" class=\"lazyload\" alt=\"bruce-willis-cena-familiar-navidad-fotos-amor-demi-moore\"  width=\"1200\" height=\"800\"\/> <\/p>\n<p>              Bruce Willis y su familia.<br \/>\n              (Instagram\/Demi Moore y Tallulah Willis)<\/p>\n<p>En marzo pasado, la pareja celebr\u00f3 16 a\u00f1os de matrimonio, ocasi\u00f3n en la que <b>Emma <\/b>dedic\u00f3 un mensaje lleno de amor a <b>Bruce Willis<\/b>, padre de sus dos hijas, <b>Mabel Ray<\/b> y <b>Evelyn Penn<\/b>. \u201cHoy se cumplen 16 a\u00f1os con el amor de toda una vida. Hemos vivido momentos de enorme felicidad y tambi\u00e9n etapas muy dif\u00edciles, pero a trav\u00e9s de todo hemos construido algo atemporal\u201d, escribi\u00f3.<\/p>\n<p>             <img loading=\"lazy\" decoding=\"async\" src=\"https:\/\/www.europesays.com\/es\/wp-content\/uploads\/2026\/01\/1767324369_719_.webp\" class=\"lazyload\" alt=\"Bruce Willis\"  width=\"1200\" height=\"1180\"\/> <\/p>\n<p>              Bruce Willis est\u00e1 arropado con el amor de su familia.<br \/>\n              (Instagram\/Bruce Willis)<\/p>\n<p>El aniversario tambi\u00e9n sirvi\u00f3 para expresar su gratitud por la historia que han compartido, especialmente tras el retiro del actor hace cuatro a\u00f1os. \u201cEstoy profundamente agradecida por cada cap\u00edtulo que hemos vivido juntos y por todos los que a\u00fan seguiremos escribiendo, en nuestro propio lenguaje de amor incondicional\u201d, concluy\u00f3.<\/p>\n","protected":false},"excerpt":{"rendered":"Emma Heming habla del impacto de la demencia de Bruce Willis en su Navidad familiar Emma Heming record\u00f3&hellip;\n","protected":false},"author":2,"featured_media":318422,"comment_status":"","ping_status":"","sticky":false,"template":"","format":"standard","meta":{"footnotes":""},"categories":[174],"tags":[4489,74292,74293,255,4488,146,147,25,24,2793,74294,256,23],"class_list":{"0":"post-318421","1":"post","2":"type-post","3":"status-publish","4":"format-standard","5":"has-post-thumbnail","7":"category-famosos","8":"tag-bruce-willis","9":"tag-bruce-willis-y-emma-heming","10":"tag-bruce-willis-y-emma-heming-aniversario","11":"tag-celebrities","12":"tag-emma-heming","13":"tag-entertainment","14":"tag-entretenimiento","15":"tag-es","16":"tag-espana","17":"tag-espectaculos","18":"tag-esposa-de-bruce-willis-celebra-18-anos-juntos","19":"tag-famosos","20":"tag-spain"},"share_on_mastodon":{"url":"https:\/\/pubeurope.com\/@es\/115823377375488862","error":""},"_links":{"self":[{"href":"https:\/\/www.europesays.com\/es\/wp-json\/wp\/v2\/posts\/318421","targetHints":{"allow":["GET"]}}],"collection":[{"href":"https:\/\/www.europesays.com\/es\/wp-json\/wp\/v2\/posts"}],"about":[{"href":"https:\/\/www.europesays.com\/es\/wp-json\/wp\/v2\/types\/post"}],"author":[{"embeddable":true,"href":"https:\/\/www.europesays.com\/es\/wp-json\/wp\/v2\/users\/2"}],"replies":[{"embeddable":true,"href":"https:\/\/www.europesays.com\/es\/wp-json\/wp\/v2\/comments?post=318421"}],"version-history":[{"count":0,"href":"https:\/\/www.europesays.com\/es\/wp-json\/wp\/v2\/posts\/318421\/revisions"}],"wp:featuredmedia":[{"embeddable":true,"href":"https:\/\/www.europesays.com\/es\/wp-json\/wp\/v2\/media\/318422"}],"wp:attachment":[{"href":"https:\/\/www.europesays.com\/es\/wp-json\/wp\/v2\/media?parent=318421"}],"wp:term":[{"taxonomy":"category","embeddable":true,"href":"https:\/\/www.europesays.com\/es\/wp-json\/wp\/v2\/categories?post=318421"},{"taxonomy":"post_tag","embeddable":true,"href":"https:\/\/www.europesays.com\/es\/wp-json\/wp\/v2\/tags?post=318421"}],"curies":[{"name":"wp","href":"https:\/\/api.w.org\/{rel}","templated":true}]}}