{"id":318437,"date":"2026-01-02T03:37:08","date_gmt":"2026-01-02T03:37:08","guid":{"rendered":"https:\/\/www.europesays.com\/es\/318437\/"},"modified":"2026-01-02T03:37:08","modified_gmt":"2026-01-02T03:37:08","slug":"al-menos-seis-muertos-en-protestas-sociales-en-iran-dw-02-01-2026","status":"publish","type":"post","link":"https:\/\/www.europesays.com\/es\/318437\/","title":{"rendered":"Al menos seis muertos en protestas sociales en Ir\u00e1n \u2013 DW \u2013 02\/01\/2026"},"content":{"rendered":"<p>Al menos seis personas murieron en enfrentamientos entre las fuerzas de seguridad y manifestantes en <a class=\"internal-link\" href=\"https:\/\/www.dw.com\/es\/ir\u00e1n\/t-63346395\" rel=\"nofollow noopener\" target=\"_blank\">Ir\u00e1n<\/a>, informaron medios locales este jueves (01.01.2026), en el marco de unas protestas contra el costo de vida.<\/p>\n<p><a class=\"internal-link\" href=\"https:\/\/www.dw.com\/es\/ir\u00e1n-cumple-cuatro-d\u00edas-de-protestas-por-crisis-econ\u00f3mica\/a-75353128\" rel=\"nofollow noopener\" target=\"_blank\">Las movilizaciones comenzaron el domingo en Teher\u00e1n<\/a>, donde comerciantes cerraron sus tiendas para protestar contra la inflaci\u00f3n, la depreciaci\u00f3n de la moneda y el estancamiento econ\u00f3mico, antes de extenderse a universidades y otras regiones del pa\u00eds.<\/p>\n<p>La Rep\u00fablica Isl\u00e1mica sufre desde hace a\u00f1os un encarecimiento desenfrenado de los productos b\u00e1sicos y una cr\u00f3nica devaluaci\u00f3n de su moneda.<\/p>\n<p>En diciembre, los precios aumentaron una media del 52% interanual, seg\u00fan el Centro de Estad\u00edsticas.<\/p>\n<p>El jueves se registraron enfrentamientos en ciudades medianas de varias decenas de miles de habitantes.<\/p>\n<p>En Lordegan (suroeste), dos civiles murieron, inform\u00f3 la agencia de prensa Fars, que dio cuenta de enfrentamientos y actos vand\u00e1licos en esa ciudad situada a 650 kil\u00f3metros de Teher\u00e1n.<\/p>\n<p>La agencia tambi\u00e9n mencion\u00f3 \u00abimportantes da\u00f1os\u00bb y la detenci\u00f3n de varias personas.<\/p>\n<p>Y en Azna, una localidad de la provincia de Lorest\u00e1n, tambi\u00e9n en el oeste, otras tres personas murieron en choques entre las fuerzas de seguridad y los manifestantes, inform\u00f3 Fars.<\/p>\n<p>\u00abUn grupo de alborotadores aprovech\u00f3 una protesta (&#8230;) para atacar una comisar\u00eda de polic\u00eda. Tres personas murieron y otras 17 resultaron heridas en los enfrentamientos\u00bb, indic\u00f3 la agencia, al parecer refiri\u00e9ndose a civiles.<\/p>\n<p>Asimismo, un miembro de las fuerzas de seguridad muri\u00f3 en enfrentamientos en Kuhdasht, tambi\u00e9n en el oeste. De 21 a\u00f1os y miembro del Basij, \u00abdefend\u00eda el orden p\u00fablico\u00bb, precis\u00f3 la televisi\u00f3n estatal, citando al gobernador local, que dio cuenta de \u00abpedradas\u00bb que dejaron 13 polic\u00edas heridos.<\/p>\n<p>El Basij es una milicia paramilitar integrada por voluntarios, afiliados a los Guardianes de la Revoluci\u00f3n, el ej\u00e9rcito ideol\u00f3gico de la Rep\u00fablica Isl\u00e1mica.<\/p>\n<p>\u00abEn el infierno\u00bb<\/p>\n<p>Por el momento, el movimiento es menos importante que las grandes manifestaciones que sacudieron Ir\u00e1n a finales de 2022 tras la muerte en detenci\u00f3n de Mahsa Amini, una joven iran\u00ed.<\/p>\n<p>Su fallecimiento tras ser arrestada por llevar supuestamente mal colocado el velo, en violaci\u00f3n del estricto c\u00f3digo de vestimenta vigente en Ir\u00e1n, provoc\u00f3 una ola de indignaci\u00f3n en la que murieron varias centenas de personas, entre ellas decenas de miembros de las fuerzas de seguridad.<\/p>\n<p>Ante tal movilizaci\u00f3n, el presidente, Masud Pezeshkian, lanz\u00f3 una advertencia a su gobierno este jueves: \u00abdesde un punto de vista isl\u00e1mico (&#8230;), si no resolvemos el problema de los medios de subsistencia de la gente, acabaremos en el infierno\u00bb, declar\u00f3 en un discurso retransmitido por televisi\u00f3n.<\/p>\n<p>El gobierno ha intentado enviar mensajes tranquilizadores, reconociendo las \u00abdemandas leg\u00edtimas\u00bb debido a las dificultades econ\u00f3micas.<\/p>\n<p>\u00abRespuesta firme\u00bb<\/p>\n<p>Sin embargo, el fiscal general de la Rep\u00fablica Isl\u00e1mica, Mohammad Movahedi-Azad, advirti\u00f3 que \u00abcualquier intento\u00bb de transformar las protestas \u00aben un instrumento de inseguridad, de destrucci\u00f3n de bienes p\u00fablicos o de puesta en marcha de escenarios concebidos en el extranjero ser\u00e1 inevitablemente seguido de una respuesta (&#8230;) firme\u00bb, seg\u00fan citas suyas recogidas por la televisi\u00f3n estatal.<\/p>\n<p>La agencia de prensa Tasnim indic\u00f3 el jueves que \u00ab30 personas que perturbaban el orden p\u00fablico en el distrito de Malard, en el oeste de Teher\u00e1n, fueron identificadas y detenidas\u00bb.<\/p>\n<p>El mi\u00e9rcoles, esta misma fuente afirm\u00f3 que siete personas hab\u00edan sido detenidas por pertenecer a \u00abgrupos hostiles a la Rep\u00fablica Isl\u00e1mica radicados en Estados Unidos y en Europa\u00bb.<\/p>\n<p>La moneda nacional, el rial, ha perdido en el \u00faltimo a\u00f1o m\u00e1s de un tercio de su valor frente al d\u00f3lar, mientras que la hiperinflaci\u00f3n de dos d\u00edgitos debilita desde hace a\u00f1os el poder adquisitivo de los iran\u00edes.<\/p>\n<p>mg (afp, ap)<\/p>\n<p>\u00a0<\/p>\n","protected":false},"excerpt":{"rendered":"Al menos seis personas murieron en enfrentamientos entre las fuerzas de seguridad y manifestantes en Ir\u00e1n, informaron medios&hellip;\n","protected":false},"author":2,"featured_media":318438,"comment_status":"","ping_status":"","sticky":false,"template":"","format":"standard","meta":{"footnotes":""},"categories":[42],"tags":[17,18,13,14,11,61,62,63,64,19,20,9,10,15,16,12,21,22,65,66,67],"class_list":{"0":"post-318437","1":"post","2":"type-post","3":"status-publish","4":"format-standard","5":"has-post-thumbnail","7":"category-internacional","8":"tag-breaking-news","9":"tag-breakingnews","10":"tag-featured-news","11":"tag-featurednews","12":"tag-headlines","13":"tag-internacional","14":"tag-international","15":"tag-international-news","16":"tag-internationalnews","17":"tag-latest-news","18":"tag-latestnews","19":"tag-news","20":"tag-noticias","21":"tag-noticias-destacadas","22":"tag-noticiasdestacadas","23":"tag-titulares","24":"tag-ultimas-noticias","25":"tag-ultimasnoticias","26":"tag-world","27":"tag-world-news","28":"tag-worldnews"},"share_on_mastodon":{"url":"","error":""},"_links":{"self":[{"href":"https:\/\/www.europesays.com\/es\/wp-json\/wp\/v2\/posts\/318437","targetHints":{"allow":["GET"]}}],"collection":[{"href":"https:\/\/www.europesays.com\/es\/wp-json\/wp\/v2\/posts"}],"about":[{"href":"https:\/\/www.europesays.com\/es\/wp-json\/wp\/v2\/types\/post"}],"author":[{"embeddable":true,"href":"https:\/\/www.europesays.com\/es\/wp-json\/wp\/v2\/users\/2"}],"replies":[{"embeddable":true,"href":"https:\/\/www.europesays.com\/es\/wp-json\/wp\/v2\/comments?post=318437"}],"version-history":[{"count":0,"href":"https:\/\/www.europesays.com\/es\/wp-json\/wp\/v2\/posts\/318437\/revisions"}],"wp:featuredmedia":[{"embeddable":true,"href":"https:\/\/www.europesays.com\/es\/wp-json\/wp\/v2\/media\/318438"}],"wp:attachment":[{"href":"https:\/\/www.europesays.com\/es\/wp-json\/wp\/v2\/media?parent=318437"}],"wp:term":[{"taxonomy":"category","embeddable":true,"href":"https:\/\/www.europesays.com\/es\/wp-json\/wp\/v2\/categories?post=318437"},{"taxonomy":"post_tag","embeddable":true,"href":"https:\/\/www.europesays.com\/es\/wp-json\/wp\/v2\/tags?post=318437"}],"curies":[{"name":"wp","href":"https:\/\/api.w.org\/{rel}","templated":true}]}}