{"id":318439,"date":"2026-01-02T03:38:40","date_gmt":"2026-01-02T03:38:40","guid":{"rendered":"https:\/\/www.europesays.com\/es\/318439\/"},"modified":"2026-01-02T03:38:40","modified_gmt":"2026-01-02T03:38:40","slug":"nueve-casas-de-comidas-que-hay-que-visitar-en-2026-gastronomia-recetas-restaurantes-y-bebidas","status":"publish","type":"post","link":"https:\/\/www.europesays.com\/es\/318439\/","title":{"rendered":"Nueve casas de comidas que hay que visitar en 2026 | Gastronom\u00eda: recetas, restaurantes y bebidas"},"content":{"rendered":"<p class=\"\"><a href=\"https:\/\/elpais.com\/gastronomia\/el-comidista\/2019\/04\/03\/articulo\/1554292181_475583.html\" target=\"_self\" rel=\"nofollow noopener\" title=\"https:\/\/elpais.com\/gastronomia\/el-comidista\/2019\/04\/03\/articulo\/1554292181_475583.html\">Las casas de comidas son el eslab\u00f3n m\u00e1s resistente de la gastronom\u00eda espa\u00f1ola.<\/a> Nacieron para dar de comer sin artificio y han sobrevivido a modas, crisis y revoluciones culinarias gracias a una idea simple: cocinar bien, como en casa \u2014o mejor que en casa\u2014. No buscan sorprender, sino satisfacer al comensal a trav\u00e9s de la comida. En ellas mandan el producto, la temporada y un oficio que se aprende a base de guisar cada d\u00eda, donde el recetario familiar se convierte en algo irrepetible. Comer en una casa de comidas es recuperar sabores que permanecen en la memoria. Por eso, <a href=\"https:\/\/elpais.com\/gastronomia\/2025-11-23\/la-guia-gastro-2026-una-seleccion-de-los-restaurantes-y-comercios-favoritos-de-los-expertos-de-el-pais.html\" target=\"_self\" rel=\"nofollow noopener\" title=\"https:\/\/elpais.com\/gastronomia\/2025-11-23\/la-guia-gastro-2026-una-seleccion-de-los-restaurantes-y-comercios-favoritos-de-los-expertos-de-el-pais.html\">los expertos de EL PA\u00cdS que han participado en la elaboraci\u00f3n de la Gu\u00eda Gastro 2026, <\/a>han elegido nueve casas de comidas donde disfrutar de platos alejados de modas y tendencias.<\/p>\n<p>1<a href=\"https:\/\/www.instagram.com\/baramblas\/?hl=es\" target=\"_self\" rel=\"nofollow noopener\" title=\"https:\/\/www.instagram.com\/baramblas\/?hl=es\">AMblas (Zaragoza)<\/a><img decoding=\"auto\" class=\"_re lazyload a_m-h\" height=\"414\"  width=\"414\"  src=\"https:\/\/www.europesays.com\/es\/wp-content\/uploads\/2026\/01\/L6ITEFRJO5FGFHR3KHCQZCAV64.jpg\" loading=\"lazy\"\/><\/p>\n<p class=\"\"><b>Casquer\u00eda de cuarta generaci\u00f3n.<\/b> Un bar de toda la vida y uno de los \u00faltimos sitios de Zaragoza en los que se pueden degustar cabezas de cordero (media raci\u00f3n por 7 euros), un cl\u00e1sico del AMblas, as\u00ed como otros platos de casquer\u00eda: lechecillas, manitas de ternasco, callos de ternera, madejas\u2026 Tienen un estupendo men\u00fa del d\u00eda a base de platos sencillos y unas salmueras que combinan a las mil maravillas con su vermut. Men\u00fa del d\u00eda por 14 euros. Direcci\u00f3n: <a href=\"https:\/\/www.google.com\/maps\/place\/\/data=!4m2!3m1!1s0xd596b339f942983:0xb090a4e9c78a02b2?sa=X&amp;ved=1t:8290&amp;ictx=111\" rel=\"nofollow noopener\" target=\"_blank\">Caspe, 61, Zaragoza<\/a>. Tel\u00e9fono: <a href=\"https:\/\/www.google.com\/search?q=amblas&amp;rlz=1C1GCEA_enES1109ES1109&amp;oq=amblas&amp;gs_lcrp=EgZjaHJvbWUqCggAEAAY4wIYgAQyCggAEAAY4wIYgAQyDQgBEC4YrwEYxwEYgAQyDAgCEAAYFBiHAhiABDINCAMQLhivARjHARiABDINCAQQLhivARjHARiABDIJCAUQABgKGIAEMgcIBhAAGIAEMgcIBxAAGIAEMgkICBAAGAoYgAQyCggJEAAYgAQYogTSAQkyMDk5ajBqMTWoAgiwAgHxBWB5q1P0dzuJ8QVgeatT9Hc7iQ&amp;sourceid=chrome&amp;ie=UTF-8#\" rel=\"nofollow noopener\" target=\"_blank\">976 33 25 33<\/a>.<\/p>\n<p>2<a href=\"https:\/\/www.instagram.com\/barcasibcn\/?hl=es\" target=\"_self\" rel=\"nofollow noopener\" title=\"https:\/\/www.instagram.com\/barcasibcn\/?hl=es\">Bar Casi (Barcelona)<\/a><img decoding=\"auto\" class=\"_re lazyload a_m-h\" height=\"414\"  width=\"414\"  src=\"https:\/\/www.europesays.com\/es\/wp-content\/uploads\/2026\/01\/TMPFYRP5TJDUTFYNZEVCHGLKTA.jpg\" loading=\"lazy\"\/><\/p>\n<p class=\"\"><b>Men\u00fas para el barrio.<\/b> Milagro en una Barcelona cada vez m\u00e1s gentrificada, el Casi sigue sirviendo buen\u00edsimos men\u00fas del d\u00eda de comida tradicional catalana a precio asequible (15,90 euros) en la Gr\u00e0cia m\u00e1s cercana al Park G\u00fcell. Tortillas, berenjenas rellenas, libritos, garbanzos con butifarra o cap i potas son sus fuertes. Direcci\u00f3n:<a href=\"https:\/\/www.google.com\/maps\/place\/\/data=!4m2!3m1!1s0x12a4a2baddc8f03d:0x197e55a72b1058e?sa=X&amp;ved=1t:8290&amp;ictx=111\" rel=\"nofollow noopener\" target=\"_blank\"> Massens, 74, Barcelona<\/a>. Tel\u00e9fono: <a href=\"https:\/\/www.google.com\/search?q=bar+casi+barcelona&amp;rlz=1C1GCEA_enES1109ES1109&amp;oq=bar+casi+barcelona&amp;gs_lcrp=EgZjaHJvbWUqCggAEAAY4wIYgAQyCggAEAAY4wIYgAQyDQgBEC4YrwEYxwEYgAQyCAgCEAAYFhgeMgoIAxAAGAoYFhgeMggIBBAAGBYYHjIICAUQABgWGB4yCAgGEAAYFhgeMggIBxAAGBYYHjIKCAgQABiABBiiBDIHCAkQABjvBdIBCDU0MDhqMGo3qAIAsAIA&amp;sourceid=chrome&amp;ie=UTF-8#\" rel=\"nofollow noopener\" target=\"_blank\">669 29 58 50<\/a>.<\/p>\n<p>3<a href=\"https:\/\/es.casagaibor.com\/\" target=\"_self\" rel=\"nofollow noopener\" title=\"https:\/\/es.casagaibor.com\/\">Casa Gaibor (Guitiriz, Lugo)<\/a><img decoding=\"auto\" class=\"_re lazyload a_m-h\" height=\"414\"  width=\"414\"  src=\"https:\/\/www.europesays.com\/es\/wp-content\/uploads\/2026\/01\/VEOYERTIT5BNBKDQ4H6H2FXULE.jpg\" loading=\"lazy\"\/><\/p>\n<p class=\"\"><b>Motivos para parar.<\/b> A un paso de la N-VI, Casa Gaibor lleva tres generaciones dando de comer a locales y viajeros. Cocina gallega tradicional que ahora, con el joven Ant\u00f3n Castro al frente, da un paso m\u00e1s y suma el excepcional producto de las lonjas cercanas. A partir de 35 euros. Direcci\u00f3n: <a href=\"https:\/\/www.google.com\/maps\/place\/\/data=!4m2!3m1!1s0xd2e224814aad7f1:0xdb5e109d7da03f9b?sa=X&amp;ved=1t:8290&amp;ictx=111\" rel=\"nofollow noopener\" target=\"_blank\">Mercado, 10, Guitiriz, Lugo<\/a>. Tel\u00e9fono: <a href=\"https:\/\/www.google.com\/search?q=casa+gaibor&amp;rlz=1C1GCEA_enES1109ES1109&amp;oq=casa+gaibor&amp;gs_lcrp=EgZjaHJvbWUqCggAEAAY4wIYgAQyCggAEAAY4wIYgAQyDQgBEC4YrwEYxwEYgAQyBwgCEAAYgAQyBwgDEAAYgAQyCAgEEAAYFhgeMggIBRAAGBYYHjIICAYQABgWGB4yCAgHEAAYFhgeMggICBAAGBYYHjIICAkQABgWGB7SAQg3MjE0ajBqN6gCALACAA&amp;sourceid=chrome&amp;ie=UTF-8#\" rel=\"nofollow noopener\" target=\"_blank\">982 37 01 56<\/a>.<\/p>\n<p>4<a href=\"https:\/\/casarafaelvinosytapas.com\/\" target=\"_self\" rel=\"nofollow noopener\" title=\"https:\/\/casarafaelvinosytapas.com\/\">Casa Rafael (C\u00e1diz)<\/a><img decoding=\"auto\" class=\"_re lazyload a_m-h\" height=\"277\"  width=\"414\"  src=\"https:\/\/www.europesays.com\/es\/wp-content\/uploads\/2026\/01\/ZIIDXRHK45FLDKYHJ2CVSAVEZ4.jpg\" loading=\"lazy\"\/>PACO PUENTES<\/p>\n<p class=\"\"><b>Esencia gaditana.<\/b> Abierto en 2018 por Rafael Montero y Gloria Saborido, este local atrae a parroquianos que buscan producto de primera \u2014lubina, urta, corvina, aced\u00edas o galeras\u2014 y frituras impecables, limpias de aceite. Destacan el chicharr\u00f3n (2,90 euros), las zanahorias ali\u00f1adas con or\u00e9gano y ajo (1,90 la tapa) y los guisos de cuchara. Direcci\u00f3n: <a href=\"https:\/\/www.google.com\/maps\/place\/\/data=!4m2!3m1!1s0xd0dd16a97716805:0x43a80ffe5877687d?sa=X&amp;ved=1t:8290&amp;ictx=111\" rel=\"nofollow noopener\" target=\"_blank\">Periodista Emilio L\u00f3pez, 7, C\u00e1diz<\/a>. Tel\u00e9fono: <a href=\"https:\/\/www.google.com\/search?q=casa+rafael+cadiz&amp;rlz=1C1GCEA_enES1109ES1109&amp;oq=casa+rafael+cadiz&amp;gs_lcrp=EgZjaHJvbWUqDwgAECMYJxjjAhiABBiKBTIPCAAQIxgnGOMCGIAEGIoFMhIIARAuGCcYrwEYxwEYgAQYigUyBggCEEUYQDIHCAMQABiABDIHCAQQABiABDIHCAUQABiABDIICAYQABgWGB4yCAgHEAAYFhge0gEIMzYzNWowajSoAgCwAgA&amp;sourceid=chrome&amp;ie=UTF-8#\" rel=\"nofollow noopener\" target=\"_blank\">676 89 28 88<\/a>.<\/p>\n<p>5<a href=\"https:\/\/www.instagram.com\/casadecomidaselbosque_\/?hl=es\" target=\"_self\" rel=\"nofollow noopener\" title=\"https:\/\/www.instagram.com\/casadecomidaselbosque_\/?hl=es\">El Bosque (El Bosque, Cantabria)<\/a><img decoding=\"auto\" class=\"_re lazyload a_m-h\" height=\"414\"  width=\"414\"  src=\"https:\/\/www.europesays.com\/es\/wp-content\/uploads\/2026\/01\/X67NFRQLCBEOJL7MJTM7IOIK54.jpg\" loading=\"lazy\"\/><\/p>\n<p class=\"\"><b>Casa, jard\u00edn y producto.<\/b> Una casa de comidas familiar con un encanto \u00fanico, jard\u00edn muy agradable y productos de mercado tratados con respeto a la tradici\u00f3n y originalidad en la que todos los miembros del clan de Miguel Hormaechea colaboran. Bien en la cocina o llevando a las mesas jalape\u00f1os rellenos (3 euros), ensaladas variadas, bocartes, platos de cuchara, pescados del d\u00eda o carnes \u2014atenci\u00f3n a los escalopes y filetes rusos\u2014 y postres caseros bien elaborados. Direcci\u00f3n:<a href=\"https:\/\/www.google.com\/maps\/place\/\/data=!4m2!3m1!1s0xd4ecae14e7531a1:0x9c484ae77117dd64?sa=X&amp;ved=1t:8290&amp;ictx=111\" rel=\"nofollow noopener\" target=\"_blank\"> Bo. Alto del Bosque, 4, El Bosque, Cantabria<\/a>. Tel\u00e9fono: <a href=\"https:\/\/www.google.com\/search?q=restaurante+el+boque+cantabria&amp;sca_esv=d3ad5c95999e7e6c&amp;rlz=1C1GCEA_enES1109ES1109&amp;sxsrf=AE3TifOq2TphJtSi8pVLGN8QC7vVU_1tWw%3A1767202081943&amp;ei=IV1VaY-tOYj97_UPnaqNiAI&amp;ved=0ahUKEwjPwdzirOiRAxWI_rsIHR1VAyEQ4dUDCBM&amp;uact=5&amp;oq=restaurante+el+boque+cantabria&amp;gs_lp=Egxnd3Mtd2l6LXNlcnAiHnJlc3RhdXJhbnRlIGVsIGJvcXVlIGNhbnRhYnJpYTINEC4YgAQYxwEYDRivATIIEAAYogQYiQUyCBAAGIAEGKIEMggQABiABBiiBDIcEC4YgAQYxwEYDRivARiXBRjcBBjeBBjgBNgBAUjOD1DHAljqDXABeAGQAQCYAZcBoAHQC6oBBDAuMTK4AQPIAQD4AQGYAgSgAvwCwgIKEAAYsAMY1gQYR8ICBxAjGLACGCfCAgcQLhiABBgNwgIGEAAYDRgewgIIEAAYCBgNGB7CAhYQLhiABBgNGJcFGNwEGN4EGOAE2AEBmAMA4gMFEgExIECIBgGQBgi6BgYIARABGBSSBwMxLjOgB7BUsgcDMC4zuAfzAsIHBTItMy4xyAcbgAgA&amp;sclient=gws-wiz-serp#\" rel=\"nofollow noopener\" target=\"_blank\">942 74 80 62<\/a>.<\/p>\n<p>6<a href=\"https:\/\/elegantementepuntocom.com\/\" target=\"_self\" rel=\"nofollow noopener\" title=\"https:\/\/elegantementepuntocom.com\/\">Isamar (Madrid)<\/a><img decoding=\"auto\" class=\"_re lazyload a_m-h\" height=\"276\"  width=\"414\"  src=\"https:\/\/www.europesays.com\/es\/wp-content\/uploads\/2026\/01\/MDTCPWI7INCWHLPQ5SNORDYNDA.JPG\" loading=\"lazy\"\/>JUAN BARBOSA<\/p>\n<p class=\"\"><b>Una joya de barrio.<\/b> <a href=\"https:\/\/elpais.com\/gastronomia\/restaurantes\/2024-03-15\/isamar-una-gran-casa-de-comidas-escondida-desde-hace-siete-decadas-en-el-madrileno-barrio-de-pueblo-nuevo.html\" target=\"_self\" rel=\"nofollow noopener\" title=\"https:\/\/elpais.com\/gastronomia\/restaurantes\/2024-03-15\/isamar-una-gran-casa-de-comidas-escondida-desde-hace-siete-decadas-en-el-madrileno-barrio-de-pueblo-nuevo.html\">Impecable casa de comidas atendida por los hermanos Concejero<\/a> \u2014Bego\u00f1a en la cocina y Paco en la sala\u2014, con un repertorio cl\u00e1sico que incluye menestra a la palentina (15 euros), mollejas de cordero (20), callos (17), patatas a la importancia con congrio (20) y varios escabeches. Direcci\u00f3n: <a href=\"https:\/\/www.google.com\/maps\/place\/\/data=!4m2!3m1!1s0xd422f41d63d7663:0xb8814cf8b24336a6?sa=X&amp;ved=1t:8290&amp;ictx=111\" rel=\"nofollow noopener\" target=\"_blank\">Emilio Ferrari, 42, Madrid<\/a>. Tel\u00e9fono: <a href=\"https:\/\/www.google.com\/search?q=isamar+restaurante&amp;sca_esv=d3ad5c95999e7e6c&amp;rlz=1C1GCEA_enES1109ES1109&amp;sxsrf=AE3TifN1dFjQQjIkmh_ghgPhITatS5Cuog%3A1767202145223&amp;ei=YV1VaaWsDcaN9u8P78LgsQ0&amp;ved=0ahUKEwjl4PKAreiRAxXGhv0HHW8hONYQ4dUDCBM&amp;uact=5&amp;oq=isamar+restaurante&amp;gs_lp=Egxnd3Mtd2l6LXNlcnAiEmlzYW1hciByZXN0YXVyYW50ZTIKECMYgAQYJxiKBTITEC4YgAQYQxjHARiKBRiOBRivATIGEAAYFhgeMgYQABgWGB4yBhAAGBYYHjIGEAAYFhgeMgYQABgWGB4yBhAAGBYYHjIGEAAYFhgeMgYQABgWGB5I8xdQAFjTFXAAeACQAQCYAaoBoAH7D6oBBDQuMTS4AQPIAQD4AQGYAhKgAqYRwgITEC4YgAQYxwEYJxiKBRiOBRivAcICBBAjGCfCAhAQABiABBixAxhDGIMBGIoFwgIKEAAYgAQYQxiKBcICDhAuGIAEGLEDGNEDGMcBwgILEC4YgAQY0QMYxwHCAgoQIxjwBRgnGMkCwgIQECMY8AUYgAQYJxjJAhiKBcICChAuGIAEGEMYigXCAhAQLhiABBhDGMcBGIoFGK8BwgINEAAYgAQYsQMYQxiKBcICERAuGIAEGLEDGMcBGI4FGK8BwgILEC4YgAQYsQMYgwHCAggQLhiABBixA8ICDRAuGIAEGLEDGEMYigXCAhAQLhiABBgUGMcBGIcCGK8BwgIQEC4YgAQY0QMYQxjHARiKBcICBRAuGIAEwgIFEAAYgATCAg4QLhiABBjHARiOBRivAcICCxAuGIAEGMcBGK8BwgITEC4YgAQYFBjHARiHAhiOBRivAcICCBAAGBYYChgemAMA4gMFEgExIECSBwQyLjE2oAfJnwKyBwQyLjE2uAemEcIHBTItOS45yAeJAYAIAA&amp;sclient=gws-wiz-serp#\" rel=\"nofollow noopener\" target=\"_blank\">914 07 30 94<\/a>.<\/p>\n<p>7<a href=\"https:\/\/www.lacucharadesanlorenzo.es\/\" target=\"_self\" rel=\"nofollow noopener\" title=\"https:\/\/www.lacucharadesanlorenzo.es\/\">La Cuchara de San Lorenzo (C\u00f3rdoba)<\/a><img decoding=\"auto\" class=\"_re lazyload a_m-h\" height=\"414\"  width=\"414\"  src=\"https:\/\/www.europesays.com\/es\/wp-content\/uploads\/2026\/01\/CITESJXCNRFVVJH5FOTMPZEAYY.jpg\" loading=\"lazy\"\/><\/p>\n<p class=\"\"><b>C\u00f3rdoba en la mesa.<\/b> El barrio de San Lorenzo da contexto a un men\u00fa ideado por el chef Paco L\u00f3pez. <a href=\"https:\/\/elpais.com\/elviajero\/2016\/02\/04\/actualidad\/1454585607_802431.html\" target=\"_self\" rel=\"nofollow noopener\" title=\"https:\/\/elpais.com\/elviajero\/2016\/02\/04\/actualidad\/1454585607_802431.html\">Predomina lo local:<\/a> de la mazmorra al salmorejo y el flamenqu\u00edn. No falta el rabo de toro (18,70 euros). Tampoco un sorprendente helado cordob\u00e9s tipo Magnum para el postre. Direcci\u00f3n: <a href=\"https:\/\/www.google.com\/maps\/place\/\/data=!4m2!3m1!1s0xd6cdf78a7ae7259:0xaa2d2f169c495eac?sa=X&amp;ved=1t:8290&amp;ictx=111\" rel=\"nofollow noopener\" target=\"_blank\">Arroyo de San Lorenzo, 2, C\u00f3rdoba<\/a>. Tel\u00e9fono: <a href=\"https:\/\/www.google.com\/search?q=la+cuchara+de+san+lorenzo&amp;sca_esv=d3ad5c95999e7e6c&amp;rlz=1C1GCEA_enES1109ES1109&amp;sxsrf=AE3TifN-4bppKdrjBXzQcKJSL4WyUwv5eA%3A1767202330370&amp;ei=Gl5Vaae0FuPr7M8PloyouAY&amp;gs_ssp=eJzj4tZP1zcsqUi2SM5NMWC0UjGoSDFLTkkzt0g0T0w1NzK1tDKoSEw0SjFKMzSzTDaxNE1NTPaSzElUSC5NzkgsSlRISVUoTsxTyMkvSs2rygcAn14YpA&amp;oq=la+cuchara+de+san+lor&amp;gs_lp=Egxnd3Mtd2l6LXNlcnAiFWxhIGN1Y2hhcmEgZGUgc2FuIGxvcioCCAAyCxAuGIAEGMcBGK8BMgUQABiABDIFEAAYgAQyBRAAGIAEMgUQABiABDIFEAAYgAQyBRAAGIAEMgUQABjvBTIaEC4YgAQYxwEYrwEYlwUY3AQY3gQY4ATYAQFInTVQAFjFI3AAeAGQAQCYAbEBoAHpFaoBBDIuMTm4AQHIAQD4AQGYAhagAv0lwgIKECMYgAQYJxiKBcICEBAuGIAEGMcBGCcYigUYrwHCAhcQLhiABBixAxjRAxiDARjHARiKBRiNBsICCxAAGIAEGLEDGIMBwgIIEAAYgAQYsQPCAhEQLhiABBixAxjRAxiDARjHAcICCxAuGIAEGLEDGIMBwgIEECMYJ8ICChAAGIAEGEMYigXCAgoQLhiABBhDGIoFwgIQEC4YgAQYQxjHARiKBRivAcICExAuGIAEGMcBGCcYigUYjgUYrwHCAhEQLhiABBixAxjHARiOBRivAcICIBAuGIAEGMcBGIoFGI4FGK8BGJcFGNwEGN4EGOAE2AEBwgIOEC4YgAQYxwEYjgUYrwHCAhAQABiABBixAxhDGIMBGIoFwgIKEAAYgAQYFBiHAsICCBAAGIAEGKIEmAMAugYGCAEQARgUkgcIMS4yMC43LTGgB77CA7IHBDEuMjC4B8sXwgcJMC4xLjEwLjExyAe8AYAIAA&amp;sclient=gws-wiz-serp#\" rel=\"nofollow noopener\" target=\"_blank\">957 47 78 50<\/a>.<\/p>\n<p>8Landa (Mendaro, Gipuzkoa)<img decoding=\"auto\" class=\"_re lazyload a_m-h\" height=\"414\"  width=\"414\"  src=\"https:\/\/www.europesays.com\/es\/wp-content\/uploads\/2026\/01\/KYWVK6QY4VEDBPFIX4TZBAHGCM.jpg\" loading=\"lazy\"\/>\u00cdcaro Moyano<\/p>\n<p class=\"\"><b>Cocina vasca sin adornos.<\/b> Lo que hacen en esta casa de comidas de Mendaro es sencillo, solo en apariencia. Pesca reci\u00e9n llegada del puerto de Deba y cocina tradicional vasca sin adornos. Antes de elegir, d\u00e9jese aconsejar por las responsables del comedor y, si hay cogote de merluza, abr\u00e1celo con fuerza. Precio medio: 60 euros. Direcci\u00f3n: <a href=\"https:\/\/www.google.com\/maps\/place\/\/data=!4m2!3m1!1s0xd51d6cb61f6552d:0x76846f0436a11854?sa=X&amp;ved=1t:8290&amp;ictx=111\" rel=\"nofollow noopener\" target=\"_blank\">Garagartza, 32, Mendaro, Gipuzkoa<\/a>. Tel\u00e9fono: <a href=\"https:\/\/www.google.com\/search?q=landa+restaurante+garagartza&amp;sca_esv=d3ad5c95999e7e6c&amp;rlz=1C1GCEA_enES1109ES1109&amp;sxsrf=AE3TifNIe5wWvM13-ohpsHp7XWEYhWUUuA%3A1767202944640&amp;ei=gGBVaczwJsmYkdUPpLnr6QY&amp;oq=Landa+restauarnte+gara&amp;gs_lp=Egxnd3Mtd2l6LXNlcnAiFkxhbmRhIHJlc3RhdWFybnRlIGdhcmEqAggAMgYQABgWGB4yCBAAGIAEGKIEMgUQABjvBTIIEAAYgAQYogQyCBAAGIAEGKIEMggQABiABBiiBEjMFFCAA1iJBnABeAGQAQCYAagBoAHDBKoBAzAuNLgBAcgBAPgBAZgCBaAC8ATCAgoQABiwAxjWBBhHwgIGEAAYDRgemAMA4gMFEgExIECIBgGQBgiSBwMxLjSgB8gSsgcDMC40uAfnBMIHBTItNC4xyAcggAgA&amp;sclient=gws-wiz-serp#\" rel=\"nofollow noopener\" target=\"_blank\">943 75 60 28<\/a>.<\/p>\n<p>9Mosto A\u00f1ina (Jerez de la Frontera, C\u00e1diz)<img decoding=\"auto\" class=\"_re lazyload a_m-h\" height=\"414\"  width=\"414\"  src=\"https:\/\/www.europesays.com\/es\/wp-content\/uploads\/2026\/01\/7RO3L7TSGRGCZIMINPIIP5OUG4.jpg\" loading=\"lazy\"\/><\/p>\n<p class=\"\"><b>Autenticidad a raudales.<\/b><a href=\"https:\/\/elpais.com\/gastronomia\/2025-11-05\/mostos-las-casas-de-comida-jerezanas-que-abren-en-otono-para-servir-vino-joven-y-cocina-tradicional.html\" target=\"_self\" rel=\"nofollow noopener\" title=\"https:\/\/elpais.com\/gastronomia\/2025-11-05\/mostos-las-casas-de-comida-jerezanas-que-abren-en-otono-para-servir-vino-joven-y-cocina-tradicional.html\"> Los mostos son un h\u00edbrido entre ventas y casas de comidas, <\/a>ubicados en mitad de los campos de vi\u00f1as de Jerez y que abren solo en invierno, temporada del mosto. El A\u00f1ina es uno de los m\u00e1s fieles a esta filosof\u00eda, abre solo los fines de semana y su carta \u2014con precios que se mueven de los 3,50 a los 9 euros\u2014 est\u00e1 plagada de delicias locales y contundentes, como el ajo campero, el revuelto de tagarninas o los huevos fritos con chorizo y patatas. Direcci\u00f3n: <a href=\"https:\/\/www.google.com\/maps\/place\/\/data=!4m2!3m1!1s0xd0dc3660d85112d:0x9e7e579a90fd82ea?sa=X&amp;ved=1t:8290&amp;ictx=111\" rel=\"nofollow noopener\" target=\"_blank\">A\u00f1ina, 9, Jerez de la Frontera, C\u00e1diz<\/a>. Tel\u00e9fono: <a href=\"https:\/\/www.google.com\/search?q=mosto+a%C3%B1ina&amp;rlz=1C1GCEA_enES1109ES1109&amp;sca_esv=d3ad5c95999e7e6c&amp;sxsrf=AE3TifOOrEj6O9A8HoxjwZuuS38AQYIp1Q%3A1767202958298&amp;ei=jmBVafz9EbPU7M8P3tD9EA&amp;ved=0ahUKEwj8_MyEsOiRAxUzKvsDHV5oHwIQ4dUDCBM&amp;uact=5&amp;oq=mosto+a%C3%B1ina&amp;gs_lp=Egxnd3Mtd2l6LXNlcnAiDG1vc3RvIGHDsWluYTILEC4YgAQYxwEYrwEyBRAAGIAEMgUQABiABDIFEAAYgAQyBRAAGIAEMgUQABiABDIFEAAYgAQyBRAAGIAEMgUQABiABDIIEAAYgAQYogQyGhAuGIAEGMcBGK8BGJcFGNwEGN4EGOAE2AEBSIkUUABYkxFwAHgBkAEAmAGzAaABpAuqAQMyLjm4AQPIAQD4AQGYAgugArYMwgIKECMYgAQYJxiKBcICBBAjGCfCAgoQLhiABBhDGIoFwgILEAAYgAQYsQMYgwHCAgoQABiABBhDGIoFwgIIEAAYgAQYsQPCAhEQLhiABBixAxjRAxiDARjHAcICDhAuGIAEGLEDGNEDGMcBwgIQEC4YgAQYxwEYJxiKBRivAcICDhAuGIAEGMcBGI4FGK8BwgIWEC4YgAQYsQMY0QMYQxiDARjHARiKBcICCBAuGIAEGLEDwgIQEAAYgAQYsQMYQxiDARiKBcICCxAuGIAEGLEDGIMBwgINEAAYgAQYsQMYQxiKBcICJRAuGIAEGLEDGNEDGEMYgwEYxwEYigUYlwUY3AQY3gQY4ATYAQHCAhcQLhiABBixAxiXBRjcBBjeBBjgBNgBAcICBRAuGIAEwgIPEC4YgAQYxwEYChgLGK8BwgIJEAAYgAQYChgLmAMAugYGCAEQARgUkgcFMS45LjGgB9HFAbIHBTEuOS4xuAe2DMIHBTItMy44yAd3gAgA&amp;sclient=gws-wiz-serp#\" rel=\"nofollow noopener\" target=\"_blank\">856 35 54 92<\/a>.<\/p>\n<p><script async src=\"\/\/www.instagram.com\/embed.js\"><\/script><\/p>\n","protected":false},"excerpt":{"rendered":"Las casas de comidas son el eslab\u00f3n m\u00e1s resistente de la gastronom\u00eda espa\u00f1ola. Nacieron para dar de comer&hellip;\n","protected":false},"author":2,"featured_media":318440,"comment_status":"","ping_status":"","sticky":false,"template":"","format":"standard","meta":{"footnotes":""},"categories":[8],"tags":[17,18,21975,28615,14721,25,24,13,14,4475,74300,11,19,20,9,10,15,16,38462,12959,2022,73182,23,12,21,22,12489],"class_list":{"0":"post-318439","1":"post","2":"type-post","3":"status-publish","4":"format-standard","5":"has-post-thumbnail","7":"category-espana","8":"tag-breaking-news","9":"tag-breakingnews","10":"tag-carnes","11":"tag-cocineras","12":"tag-cocineros","13":"tag-es","14":"tag-espana","15":"tag-featured-news","16":"tag-featurednews","17":"tag-gastronomia","18":"tag-guisos-espanoles","19":"tag-headlines","20":"tag-latest-news","21":"tag-latestnews","22":"tag-news","23":"tag-noticias","24":"tag-noticias-destacadas","25":"tag-noticiasdestacadas","26":"tag-pescados","27":"tag-recetas-cocina","28":"tag-restaurantes","29":"tag-sopas","30":"tag-spain","31":"tag-titulares","32":"tag-ultimas-noticias","33":"tag-ultimasnoticias","34":"tag-verduras"},"share_on_mastodon":{"url":"https:\/\/pubeurope.com\/@es\/115823424753603802","error":""},"_links":{"self":[{"href":"https:\/\/www.europesays.com\/es\/wp-json\/wp\/v2\/posts\/318439","targetHints":{"allow":["GET"]}}],"collection":[{"href":"https:\/\/www.europesays.com\/es\/wp-json\/wp\/v2\/posts"}],"about":[{"href":"https:\/\/www.europesays.com\/es\/wp-json\/wp\/v2\/types\/post"}],"author":[{"embeddable":true,"href":"https:\/\/www.europesays.com\/es\/wp-json\/wp\/v2\/users\/2"}],"replies":[{"embeddable":true,"href":"https:\/\/www.europesays.com\/es\/wp-json\/wp\/v2\/comments?post=318439"}],"version-history":[{"count":0,"href":"https:\/\/www.europesays.com\/es\/wp-json\/wp\/v2\/posts\/318439\/revisions"}],"wp:featuredmedia":[{"embeddable":true,"href":"https:\/\/www.europesays.com\/es\/wp-json\/wp\/v2\/media\/318440"}],"wp:attachment":[{"href":"https:\/\/www.europesays.com\/es\/wp-json\/wp\/v2\/media?parent=318439"}],"wp:term":[{"taxonomy":"category","embeddable":true,"href":"https:\/\/www.europesays.com\/es\/wp-json\/wp\/v2\/categories?post=318439"},{"taxonomy":"post_tag","embeddable":true,"href":"https:\/\/www.europesays.com\/es\/wp-json\/wp\/v2\/tags?post=318439"}],"curies":[{"name":"wp","href":"https:\/\/api.w.org\/{rel}","templated":true}]}}