{"id":318446,"date":"2026-01-02T03:49:11","date_gmt":"2026-01-02T03:49:11","guid":{"rendered":"https:\/\/www.europesays.com\/es\/318446\/"},"modified":"2026-01-02T03:49:11","modified_gmt":"2026-01-02T03:49:11","slug":"fernando-tejero-el-primer-personaje-que-interprete-en-mi-vida-fue-ser-alguien-que-no-era-cine-y-tv","status":"publish","type":"post","link":"https:\/\/www.europesays.com\/es\/318446\/","title":{"rendered":"Fernando Tejero: \u00abEl primer personaje que interpret\u00e9 en mi vida fue ser alguien que no era\u00bb | Cine y TV"},"content":{"rendered":"<p>El actor Fernando Tejero, ganador del premio Goya en 2004 por D\u00edas de f\u00fatbol y protagonista en otras pel\u00edculas como Los lunes al sol o Modelo 77, es la primera incorporaci\u00f3n al club de amigos alegres de este 2026. Junto a \u00e9l, recorremos los grandes momentos que marcaron su vida, desde la enfermedad de su madre a su renacer identitario a los 27, pasando por an\u00e9cdotas como el d\u00eda que pens\u00f3 que su hermano estaba dando un golpe de Estado.<\/p>\n<blockquote class=\"twitter-tweet\">\n<p lang=\"es\" dir=\"ltr\">\ud83c\udfad El de persona heterosexual fue el primer personaje que interpret\u00f3 Fernando Tejero.<\/p>\n<p>\ud83d\udde3\ufe0f No sali\u00f3 de \u00e9l hasta que se cont\u00f3 a s\u00ed mismo la verdad en la Escuela de Arte Dram\u00e1tico de Madrid tras una pregunta de Cristina Rota.<\/p>\n<p>\ud83d\ude0a Ten\u00eda 27 a\u00f1os: \u00abFue una liberaci\u00f3n\u00bb <a href=\"https:\/\/t.co\/i6v3HlrlA0\" rel=\"nofollow\">pic.twitter.com\/i6v3HlrlA0<\/a><\/p>\n<p>\u2014 Hoy por Hoy (@HoyPorHoy) <a href=\"https:\/\/twitter.com\/HoyPorHoy\/status\/2006664444546322732?ref_src=twsrc%5Etfw\" rel=\"nofollow noopener\" target=\"_blank\">January 1, 2026<\/a><\/p><\/blockquote>\n<p><script async src=\"https:\/\/platform.twitter.com\/widgets.js\" charset=\"utf-8\"><\/script><\/p>\n","protected":false},"excerpt":{"rendered":"El actor Fernando Tejero, ganador del premio Goya en 2004 por D\u00edas de f\u00fatbol y protagonista en otras&hellip;\n","protected":false},"author":2,"featured_media":318447,"comment_status":"","ping_status":"","sticky":false,"template":"","format":"standard","meta":{"footnotes":""},"categories":[174],"tags":[255,146,147,25,24,256,23],"class_list":{"0":"post-318446","1":"post","2":"type-post","3":"status-publish","4":"format-standard","5":"has-post-thumbnail","7":"category-famosos","8":"tag-celebrities","9":"tag-entertainment","10":"tag-entretenimiento","11":"tag-es","12":"tag-espana","13":"tag-famosos","14":"tag-spain"},"share_on_mastodon":{"url":"https:\/\/pubeurope.com\/@es\/115823467771968906","error":""},"_links":{"self":[{"href":"https:\/\/www.europesays.com\/es\/wp-json\/wp\/v2\/posts\/318446","targetHints":{"allow":["GET"]}}],"collection":[{"href":"https:\/\/www.europesays.com\/es\/wp-json\/wp\/v2\/posts"}],"about":[{"href":"https:\/\/www.europesays.com\/es\/wp-json\/wp\/v2\/types\/post"}],"author":[{"embeddable":true,"href":"https:\/\/www.europesays.com\/es\/wp-json\/wp\/v2\/users\/2"}],"replies":[{"embeddable":true,"href":"https:\/\/www.europesays.com\/es\/wp-json\/wp\/v2\/comments?post=318446"}],"version-history":[{"count":0,"href":"https:\/\/www.europesays.com\/es\/wp-json\/wp\/v2\/posts\/318446\/revisions"}],"wp:featuredmedia":[{"embeddable":true,"href":"https:\/\/www.europesays.com\/es\/wp-json\/wp\/v2\/media\/318447"}],"wp:attachment":[{"href":"https:\/\/www.europesays.com\/es\/wp-json\/wp\/v2\/media?parent=318446"}],"wp:term":[{"taxonomy":"category","embeddable":true,"href":"https:\/\/www.europesays.com\/es\/wp-json\/wp\/v2\/categories?post=318446"},{"taxonomy":"post_tag","embeddable":true,"href":"https:\/\/www.europesays.com\/es\/wp-json\/wp\/v2\/tags?post=318446"}],"curies":[{"name":"wp","href":"https:\/\/api.w.org\/{rel}","templated":true}]}}