{"id":318471,"date":"2026-01-02T04:15:40","date_gmt":"2026-01-02T04:15:40","guid":{"rendered":"https:\/\/www.europesays.com\/es\/318471\/"},"modified":"2026-01-02T04:15:40","modified_gmt":"2026-01-02T04:15:40","slug":"michael-j-fox-vuelve-a-la-actuacion-de-la-mano-de-harrison-ford-en-la-tercera-temporada-de-terapia-sin-filtro","status":"publish","type":"post","link":"https:\/\/www.europesays.com\/es\/318471\/","title":{"rendered":"Michael J. Fox vuelve a la actuaci\u00f3n de la mano de Harrison Ford en la tercera temporada de &#8216;Terapia sin filtro&#8217;"},"content":{"rendered":"<p><a href=\"https:\/\/www.ecartelera.com\/personas\/michael-j-fox\/\" data-mention-type=\"persona\" data-mention-id=\"3279\" rel=\"nofollow noopener\" target=\"_blank\">Michael J. Fox<\/a> llevaba una larga temporada alejado de los focos debido al P\u00e1rkinson que sufre desde hace m\u00e1s de 30 a\u00f1os, pero el ic\u00f3nico actor <strong>se vuelve a poner frente a la c\u00e1mara en 2026 en un proyecto de ficci\u00f3n, con un papel peque\u00f1o, pero muy especial<\/strong>.<\/p>\n<p>El m\u00edtico protagonista de la trilog\u00eda &#8216;<a href=\"https:\/\/www.ecartelera.com\/peliculas\/regreso-al-futuro\/\" data-mention-type=\"pelicula\" data-mention-id=\"1460\" rel=\"nofollow noopener\" target=\"_blank\">Regreso al futuro<\/a>&#8216; volvi\u00f3 a encontrar el \u00e9xito a mediados de los 90 con la sitcom &#8216;Spin City&#8217;, y ahora vuelve a la comedia televisiva con <strong>&#8216;<a href=\"https:\/\/www.ecartelera.com\/series\/terapia-sin-filtro\/\" data-mention-type=\"serie\" data-mention-id=\"2088\" rel=\"nofollow noopener\" target=\"_blank\">Terapia sin filtro<\/a>&#8216;, una de las series m\u00e1s acogedoras y recomendables de Apple TV<\/strong>.<\/p>\n<p>Tr\u00e1iler en espa\u00f1ol &#8216;Terapia sin filtro&#8217; Temporada 3<\/p>\n<p><video id=\"vid-36299\" class=\"video-js vjs-default-skin\" data-title=\"Tr\u00e1iler en espa\u00f1ol 'Terapia sin filtro' Temporada 3\" poster=\"https:\/\/www.ecartelera.com\/images\/videos\/36200\/f36299.jpg\" controls=\"\" preload=\"auto\" width=\"640\" height=\"360\" playsinline=\"\" data-vtt=\"\/\/v1.ecartelera.com\/video\/36200\/36299_sprite.vtt\" data-stream=\"1\">El navegador no soporta el tag de v\u00eddeo.<\/video><\/p>\n<p>X<\/p>\n<p>El actor se incorpora como estrella invitada en la tercera temporada, que llega a la plataforma el 28 de enero. La serie protagonizada por <a href=\"https:\/\/www.ecartelera.com\/personas\/jason-segel\/\" data-mention-type=\"persona\" data-mention-id=\"1436\" rel=\"nofollow noopener\" target=\"_blank\">Jason Segel<\/a> y creada por \u00e9l junto a Bill Lawrence y <a href=\"https:\/\/www.ecartelera.com\/personas\/brett-goldstein\/\" data-mention-type=\"persona\" data-mention-id=\"12983\" rel=\"nofollow noopener\" target=\"_blank\">Brett Goldstein<\/a> cuenta con un excelente elenco secundario, del que forma parte otra leyenda de la gran pantalla, <strong><a href=\"https:\/\/www.ecartelera.com\/personas\/harrison-ford\/\" data-mention-type=\"persona\" data-mention-id=\"178\" rel=\"nofollow noopener\" target=\"_blank\">Harrison Ford<\/a>, en un papel que le ha granjeado muy buenas cr\u00edticas y una nominaci\u00f3n al Emmy<\/strong>.<\/p>\n<p>Precisamente es la trama de su personaje, el adorablemente cascarrabias terapeuta Paul Rhoades, que desde la primera temporada se enfrenta al diagn\u00f3stico de P\u00e1rkinson, la que incorpora a Fox. Como podemos ver en el primer tr\u00e1iler de la tercera entrega, que Apple TV acaba de lanzar, Fox encarna a <strong>un paciente de P\u00e1rkinson con el que el personaje de Ford coincide en la sala de espera de una cl\u00ednica neurol\u00f3gica<\/strong>.<\/p>\n<p>\t\t\t\t\t\t\t<img decoding=\"async\" loading=\"lazy\" src=\"https:\/\/www.europesays.com\/es\/wp-content\/uploads\/2026\/01\/250553_michael-j-fox-vuelve-a-la-actuacin-en-el-triler-de-la-tercera-temporada-de-terap.jpg\" alt=\"P\u00f3ster de la T3 de 'Terapia sin filtro'\" width=\"1200\" height=\"675\"\/><\/p>\n<p>\t\t\t\t\t\tP\u00f3ster de la T3 de &#8216;Terapia sin filtro&#8217; (Apple TV)<\/p>\n<p>Con su participaci\u00f3n en la serie, Fox contin\u00faa con su labor incansable como activista por la concienciaci\u00f3n y la cura de la enfermedad con la que vive desde hace d\u00e9cadas.\u00a0<\/p>\n<p>El actor fue diagnosticado en 1991 y lo hizo p\u00fablico en 1998. En 2001 dej\u00f3 de aceptar papeles protagonistas debido a que los s\u00edntomas de la enfermedad se volvieron m\u00e1s graves. Sin embargo, <strong>c<\/strong><strong>ontinu\u00f3 desempe\u00f1ando roles secundarios en series como &#8216;<a href=\"https:\/\/www.ecartelera.com\/series\/larry-david\/\" data-mention-type=\"serie\" data-mention-id=\"369\" rel=\"nofollow noopener\" target=\"_blank\">Larry David<\/a>&#8216; o &#8216;<a href=\"https:\/\/www.ecartelera.com\/series\/the-good-wife\/\" data-mention-type=\"serie\" data-mention-id=\"70\" rel=\"nofollow noopener\" target=\"_blank\">The Good Wife<\/a>&#8216;, donde tuvo un personaje recurrente<\/strong>. M\u00e1s recientemente ha prestado su voz en un cameo de &#8216;<a href=\"https:\/\/www.ecartelera.com\/peliculas\/zootropolis-2\/\" data-mention-type=\"pelicula\" data-mention-id=\"19152\" rel=\"nofollow noopener\" target=\"_blank\">Zootr\u00f3polis 2<\/a>&#8216;.\u200b<\/p>\n<p>\t\t\t\t\t\t\t<img decoding=\"async\" loading=\"lazy\" src=\"https:\/\/www.europesays.com\/es\/wp-content\/uploads\/2026\/01\/250554_michael-j-fox-vuelve-a-la-actuacin-en-el-triler-de-la-tercera-temporada-de-terap.jpg\" alt=\"Harrison Ford y Michael J. Fox, dos leyendas en una misma serie\" width=\"1200\" height=\"696\"\/><\/p>\n<p>\t\t\t\t\t\tHarrison Ford y Michael J. Fox, dos leyendas en una misma serie (Apple TV)<br \/>\n\t\t\t\t\t\tReencuentro<\/p>\n<p>El fichaje de Michael J. Fox para la tercera temporada de &#8216;Terapia sin filtro&#8217; <strong>lo re\u00fane con Bill Lawrence, el cocreador y productor ejecutivo de la serie, con el que ya trabaj\u00f3 en &#8216;Spin City&#8217;<\/strong>, telecomedia sobre la alcald\u00eda de Nueva York en la que Fox fue el protagonista durante cuatro temporadas, antes de verse obligado a retirarse parcialmente.<\/p>\n<p>Adem\u00e1s, Fox regresa tambi\u00e9n a la que es su nueva casa, Apple TV, donde estren\u00f3 en 2023 el documental<strong> &#8216;<a href=\"https:\/\/www.ecartelera.com\/peliculas\/la-vida-de-michael-j-fox\/\" rel=\"nofollow noopener\" target=\"_blank\">La vida de Michael J. Fox<\/a>&#8216;,<\/strong> en el que se recogen im\u00e1genes in\u00e9ditas sobre su trayectoria profesional y personal.<\/p>\n<p>La temporada 3 de &#8216;Terapia sin filtro&#8217; se estrena a nivel mundial <strong>con un cap\u00edtulo especial de una hora el 28 de enero en Apple TV<\/strong>, seguido de nuevas entregas semanales todos los mi\u00e9rcoles hasta el 8 de abril.<\/p>\n","protected":false},"excerpt":{"rendered":"Michael J. Fox llevaba una larga temporada alejado de los focos debido al P\u00e1rkinson que sufre desde hace&hellip;\n","protected":false},"author":2,"featured_media":318472,"comment_status":"","ping_status":"","sticky":false,"template":"","format":"standard","meta":{"footnotes":""},"categories":[171],"tags":[1014,1015,1013,177,1011,146,147,25,24,782,1019,1016,753,1012,23,1017,214,1018],"class_list":{"0":"post-318471","1":"post","2":"type-post","3":"status-publish","4":"format-standard","5":"has-post-thumbnail","7":"category-tv","8":"tag-actores","9":"tag-actrices","10":"tag-cartelera","11":"tag-cine","12":"tag-ecartelera","13":"tag-entertainment","14":"tag-entretenimiento","15":"tag-es","16":"tag-espana","17":"tag-estrellas","18":"tag-fotogramas","19":"tag-fotos","20":"tag-peliculas","21":"tag-pelis","22":"tag-spain","23":"tag-trailers","24":"tag-tv","25":"tag-videos"},"share_on_mastodon":{"url":"https:\/\/pubeurope.com\/@es\/115823570017810581","error":""},"_links":{"self":[{"href":"https:\/\/www.europesays.com\/es\/wp-json\/wp\/v2\/posts\/318471","targetHints":{"allow":["GET"]}}],"collection":[{"href":"https:\/\/www.europesays.com\/es\/wp-json\/wp\/v2\/posts"}],"about":[{"href":"https:\/\/www.europesays.com\/es\/wp-json\/wp\/v2\/types\/post"}],"author":[{"embeddable":true,"href":"https:\/\/www.europesays.com\/es\/wp-json\/wp\/v2\/users\/2"}],"replies":[{"embeddable":true,"href":"https:\/\/www.europesays.com\/es\/wp-json\/wp\/v2\/comments?post=318471"}],"version-history":[{"count":0,"href":"https:\/\/www.europesays.com\/es\/wp-json\/wp\/v2\/posts\/318471\/revisions"}],"wp:featuredmedia":[{"embeddable":true,"href":"https:\/\/www.europesays.com\/es\/wp-json\/wp\/v2\/media\/318472"}],"wp:attachment":[{"href":"https:\/\/www.europesays.com\/es\/wp-json\/wp\/v2\/media?parent=318471"}],"wp:term":[{"taxonomy":"category","embeddable":true,"href":"https:\/\/www.europesays.com\/es\/wp-json\/wp\/v2\/categories?post=318471"},{"taxonomy":"post_tag","embeddable":true,"href":"https:\/\/www.europesays.com\/es\/wp-json\/wp\/v2\/tags?post=318471"}],"curies":[{"name":"wp","href":"https:\/\/api.w.org\/{rel}","templated":true}]}}