{"id":318479,"date":"2026-01-02T04:20:12","date_gmt":"2026-01-02T04:20:12","guid":{"rendered":"https:\/\/www.europesays.com\/es\/318479\/"},"modified":"2026-01-02T04:20:12","modified_gmt":"2026-01-02T04:20:12","slug":"richard-wagner-a-mis-amigos-refelxiones-sobre-la-creatividad-y-la-musica","status":"publish","type":"post","link":"https:\/\/www.europesays.com\/es\/318479\/","title":{"rendered":"Richard Wagner: A MIS AMIGOS. REFELXIONES SOBRE LA CREATIVIDAD Y LA M\u00daSICA"},"content":{"rendered":"<p>Como destaca en el muy interesante pr\u00f3logo Miguel \u00c1ngel Gonz\u00e1lez Barrio, Richard Wagner en su d\u00e9cada suiza produjo numerosos escritos fundamentando su obra musical desde un sistema te\u00f3rico coherente, expuesto por medio de una escritura ret\u00f3rica y apasionada cercana al manifiesto. Unos escritos en prosa, complejos que quiz\u00e1s en A mis amigos sea algo m\u00e1s clarificadora, por lo que sorprende que no haya sido traducido anteriormente, dado su inter\u00e9s. Wagner reconstruye su vida hasta la fecha de publicaci\u00f3n (1852), especialmente el periodo parisino, el revolucionario y la d\u00e9cada suiza, incidiendo en sus composiciones de juventud y en su cr\u00edtica al mundo teatral y musical de su tiempo. Un periplo creativo que culmina con la preparaci\u00f3n del libreto de Sigfrido, germen de la Tetralog\u00eda, que se ha ido consolidando y abriendo nuevos caminos desde El Holand\u00e9s errante a Lohengrin. Wagner critica el funcionamiento, repertorio y la sociedad de su \u00e9poca y busca una obra de arte total, que pasa del entretenimiento a una expresi\u00f3n cultural capaz de transformar la sociedad y el arte europeo\u2026<\/p>\n<p><strong><b>Si quieres seguir leyendo, compra la revista, en papel o digital.<\/b><\/strong><\/p>\n","protected":false},"excerpt":{"rendered":"Como destaca en el muy interesante pr\u00f3logo Miguel \u00c1ngel Gonz\u00e1lez Barrio, Richard Wagner en su d\u00e9cada suiza produjo&hellip;\n","protected":false},"author":2,"featured_media":318480,"comment_status":"","ping_status":"","sticky":false,"template":"","format":"standard","meta":{"footnotes":""},"categories":[91],"tags":[74306,146,147,25,24,74307,74308,32869,74309,23,74310],"class_list":{"0":"post-318479","1":"post","2":"type-post","3":"status-publish","4":"format-standard","5":"has-post-thumbnail","7":"category-entretenimiento","8":"tag-a-mis-amigos","9":"tag-entertainment","10":"tag-entretenimiento","11":"tag-es","12":"tag-espana","13":"tag-forcola-ediciones","14":"tag-lohengrin","15":"tag-richard-wagner","16":"tag-siegfried","17":"tag-spain","18":"tag-tetralogia"},"share_on_mastodon":{"url":"https:\/\/pubeurope.com\/@es\/115823589860682041","error":""},"_links":{"self":[{"href":"https:\/\/www.europesays.com\/es\/wp-json\/wp\/v2\/posts\/318479","targetHints":{"allow":["GET"]}}],"collection":[{"href":"https:\/\/www.europesays.com\/es\/wp-json\/wp\/v2\/posts"}],"about":[{"href":"https:\/\/www.europesays.com\/es\/wp-json\/wp\/v2\/types\/post"}],"author":[{"embeddable":true,"href":"https:\/\/www.europesays.com\/es\/wp-json\/wp\/v2\/users\/2"}],"replies":[{"embeddable":true,"href":"https:\/\/www.europesays.com\/es\/wp-json\/wp\/v2\/comments?post=318479"}],"version-history":[{"count":0,"href":"https:\/\/www.europesays.com\/es\/wp-json\/wp\/v2\/posts\/318479\/revisions"}],"wp:featuredmedia":[{"embeddable":true,"href":"https:\/\/www.europesays.com\/es\/wp-json\/wp\/v2\/media\/318480"}],"wp:attachment":[{"href":"https:\/\/www.europesays.com\/es\/wp-json\/wp\/v2\/media?parent=318479"}],"wp:term":[{"taxonomy":"category","embeddable":true,"href":"https:\/\/www.europesays.com\/es\/wp-json\/wp\/v2\/categories?post=318479"},{"taxonomy":"post_tag","embeddable":true,"href":"https:\/\/www.europesays.com\/es\/wp-json\/wp\/v2\/tags?post=318479"}],"curies":[{"name":"wp","href":"https:\/\/api.w.org\/{rel}","templated":true}]}}