{"id":318485,"date":"2026-01-02T04:23:08","date_gmt":"2026-01-02T04:23:08","guid":{"rendered":"https:\/\/www.europesays.com\/es\/318485\/"},"modified":"2026-01-02T04:23:08","modified_gmt":"2026-01-02T04:23:08","slug":"testigos-y-supervivientes-del-incendio-en-el-bar-le-constellation-en-crans-montana","status":"publish","type":"post","link":"https:\/\/www.europesays.com\/es\/318485\/","title":{"rendered":"Testigos y supervivientes del incendio en el bar Le Constellation en Crans-Montana"},"content":{"rendered":"<p>Emma y Albane, dos j\u00f3venes francesas que se encontraban celebrando el <strong>a\u00f1o nuevo<\/strong> <strong>en el bar Le Constellation, situado en la localidad suiza de Crans Montana<\/strong>, han sostenido en el canal franc\u00e9s BFMTV que el origen del <a href=\"https:\/\/www.rtve.es\/noticias\/20260101\/incendio-estacion-suiza-esqui-crans-montana\/16879944.shtml\" rel=\"nofollow noopener\" target=\"_blank\">incendio que ha provocado alrededor de 40 muertos y 115 heridos<\/a> fueron unas velas de cumplea\u00f1os sujetas a unas botellas de champ\u00e1n. Observaron que el incendio se origin\u00f3 cuando alguna de esas velas se acerc\u00f3 al techo de madera.<\/p>\n<p>\u00abEn unas decenas de segundos\u00bb, ha indicado una de ellas, las llamas se propagaron por toda la discoteca, que estaba en el s\u00f3tano de un local que constaba de dos plantas. Luego el fuego se extendi\u00f3 tambi\u00e9n a la planta baja en dos o tres minutos.<\/p>\n<p>Varios testimonios difundidos por diferentes medios de comunicaci\u00f3n suizos, franceses e italianos coinciden con estas dos j\u00f3venes francesas en que la posible causa del siniestro fueron estas velas fijadas a una botella que sosten\u00eda una persona subida a hombros de otra provocaron el incendio al tocar el techo. Estos mismos testigos precisaron que se trataba de un \u201cespect\u00e1culo\u201d habitual en el local.<\/p>\n<p>Otro testimonio confirma esta hip\u00f3tesis. Victoria, una joven que tambi\u00e9n logr\u00f3 escapar de las llamas, ha se\u00f1alado a la Agencia EFE que el incendio se inici\u00f3 cuando una joven se subi\u00f3 sobre los hombros de un camarero con una botella de champ\u00e1n con bengalas.<\/p>\n<p>Supervivientes y testigos del \u201chorror\u201d<\/p>\n<p>Las francesas Emma y Albane salieron corriendo y gritando (\u00abhubo p\u00e1nico absoluto, todo el mundo gritaba\u00bb) y, cuando echaron la vista atr\u00e1s, observaron que hab\u00eda varias personas quem\u00e1ndose. <\/p>\n<p>Como la puerta era muy peque\u00f1a para dar salida a todos los que quer\u00edan huir de las llamas, una de las personas que se encontraban all\u00ed rompi\u00f3 uno de los cristales.<\/p>\n<p>\u201cLa gente corr\u00eda entre las llamas&#8230; Algunos intentaban romper las ventanas con sillas\u201d, ha relatado al canal de televisi\u00f3n p\u00fablico suizo RTS Alexis Laguerre, un joven que pasaba con unos amigos por delante del bar cuando vieron humo y luego llamas.<\/p>\n<p>Rayan, un joven residente en Crans Montana, ha contado a EFE que se encontraba en otra fiesta a pocos metros del bar siniestrado y que vio c\u00f3mo varias personas se pusieron en riesgo intentando ayudar a los atrapados, varios de las cuales pudieron ser rescatadas justo a tiempo.<\/p>\n<p>Interior del bar Le Constellation tras el incendio de este jueves uno de enero.\u00a0Police Cantonale Valaisanne<\/p>\n<p>Otros testigos con los que ha hablado EFE describen \u00abescenas de horror\u00bb: personas que sal\u00edan quemadas y que se desplomaban en la acera.<\/p>\n<p>\u201cEs un bar donde nos reunimos con muchos amigos, casi todos los fines de semana (&#8230;) Pens\u00e1bamos que solo era un peque\u00f1o incendio, pero cuando llegamos al lugar era una guerra. Es la \u00fanica palabra que se me ocurre para describirlo, el apocalipsis. Fue terrible\u201d, ha confesado Mathys, vecino de la localidad vecina de Chermignon-d&#8217;en-Bas, en declaraciones a Agence France-Presse (AFP). <\/p>\n<p>\u201cYo no estaba all\u00ed, pero ten\u00eda muchos amigos que estaban all\u00ed, y tambi\u00e9n familiares\u201d, ha contado a AFP otro joven, que solo dio su apellido, Orosstevic. \u201cAlgunos han muerto, otros est\u00e1n hospitalizados. Unos diez\u201d.<\/p>\n","protected":false},"excerpt":{"rendered":"Emma y Albane, dos j\u00f3venes francesas que se encontraban celebrando el a\u00f1o nuevo en el bar Le Constellation,&hellip;\n","protected":false},"author":2,"featured_media":318486,"comment_status":"","ping_status":"","sticky":false,"template":"","format":"standard","meta":{"footnotes":""},"categories":[42],"tags":[17,18,13,14,11,61,62,63,64,19,20,9,10,15,16,12,21,22,65,66,67],"class_list":{"0":"post-318485","1":"post","2":"type-post","3":"status-publish","4":"format-standard","5":"has-post-thumbnail","7":"category-internacional","8":"tag-breaking-news","9":"tag-breakingnews","10":"tag-featured-news","11":"tag-featurednews","12":"tag-headlines","13":"tag-internacional","14":"tag-international","15":"tag-international-news","16":"tag-internationalnews","17":"tag-latest-news","18":"tag-latestnews","19":"tag-news","20":"tag-noticias","21":"tag-noticias-destacadas","22":"tag-noticiasdestacadas","23":"tag-titulares","24":"tag-ultimas-noticias","25":"tag-ultimasnoticias","26":"tag-world","27":"tag-world-news","28":"tag-worldnews"},"share_on_mastodon":{"url":"https:\/\/pubeurope.com\/@es\/115823601518931423","error":""},"_links":{"self":[{"href":"https:\/\/www.europesays.com\/es\/wp-json\/wp\/v2\/posts\/318485","targetHints":{"allow":["GET"]}}],"collection":[{"href":"https:\/\/www.europesays.com\/es\/wp-json\/wp\/v2\/posts"}],"about":[{"href":"https:\/\/www.europesays.com\/es\/wp-json\/wp\/v2\/types\/post"}],"author":[{"embeddable":true,"href":"https:\/\/www.europesays.com\/es\/wp-json\/wp\/v2\/users\/2"}],"replies":[{"embeddable":true,"href":"https:\/\/www.europesays.com\/es\/wp-json\/wp\/v2\/comments?post=318485"}],"version-history":[{"count":0,"href":"https:\/\/www.europesays.com\/es\/wp-json\/wp\/v2\/posts\/318485\/revisions"}],"wp:featuredmedia":[{"embeddable":true,"href":"https:\/\/www.europesays.com\/es\/wp-json\/wp\/v2\/media\/318486"}],"wp:attachment":[{"href":"https:\/\/www.europesays.com\/es\/wp-json\/wp\/v2\/media?parent=318485"}],"wp:term":[{"taxonomy":"category","embeddable":true,"href":"https:\/\/www.europesays.com\/es\/wp-json\/wp\/v2\/categories?post=318485"},{"taxonomy":"post_tag","embeddable":true,"href":"https:\/\/www.europesays.com\/es\/wp-json\/wp\/v2\/tags?post=318485"}],"curies":[{"name":"wp","href":"https:\/\/api.w.org\/{rel}","templated":true}]}}